{"id":9106,"date":"2022-09-20T11:18:43","date_gmt":"2022-09-20T11:18:43","guid":{"rendered":"https:\/\/www.cesde.com.br\/curso\/?p=9106"},"modified":"2023-03-29T16:14:05","modified_gmt":"2023-03-29T16:14:05","slug":"semana-da-tcc-aplicada-a-obesidade-e-emagrecimento","status":"publish","type":"post","link":"https:\/\/www.cesde.com.br\/curso\/semana-da-tcc-aplicada-a-obesidade-e-emagrecimento\/","title":{"rendered":"Semana da TCC aplicada \u00e0 Obesidade e Emagrecimento"},"content":{"rendered":"<h2 style=\"text-align: center;\">Assista aqui \u00e0 Semana da TCC aplicada \u00e0 Obesidade e ao Emagrecimento<\/h2>\n<p>&nbsp;<\/p>\n<h3 style=\"text-align: center;\">Aula de Apresenta\u00e7\u00e3o da P\u00f3s gradua\u00e7\u00e3o em TCC aplicada \u00e0 Obesidade e ao Emagrecimento<\/h3>\n<p style=\"text-align: center;\"><iframe loading=\"lazy\" title=\"YouTube video player\" src=\"https:\/\/www.youtube.com\/embed\/ojg31Y_urrM\" width=\"560\" height=\"315\" frameborder=\"0\" allowfullscreen=\"allowfullscreen\"><\/iframe><\/p>\n<p style=\"text-align: center;\">Que tal fazer uma p\u00f3s gradua\u00e7\u00e3o EaD com 420hs , aulas gravadas e Webconfer\u00eancias! <a title=\"P\u00f3s gradua\u00e7\u00e3o em Terapia Cognitivo Comportamental aplicada a Obesidade e ao Emagrecimento\" href=\"https:\/\/www.cesde.com.br\/curso\/pos-graduacao-em-terapia-cognitivo-comportamental-aplicada-a-obesidade-e-ao-emagrecimento\/\">Clique aqui<\/a><\/p>\n<p>&nbsp;<\/p>\n<h3 style=\"text-align: center;\">AULA 1 (19\/09\/22) \u2013 TCC como estrat\u00e9gia de interven\u00e7\u00e3o para o emagrecimento<\/h3>\n<p style=\"text-align: center;\"><span style=\"color: #ff6600;\"><strong>Caso o v\u00eddeo n\u00e3o esteja no tamanho certo no celular \u00e9 s\u00f3 clicar duas vezes e o ver\u00e1 em tela ampla.<\/strong><\/span><\/p>\n<p style=\"text-align: center;\"><iframe loading=\"lazy\" title=\"YouTube video player\" src=\"https:\/\/www.youtube.com\/embed\/30x64QjkCY0\" width=\"560\" height=\"315\" frameborder=\"0\" allowfullscreen=\"allowfullscreen\"><\/iframe><\/p>\n<p style=\"text-align: center;\"><strong>Que tal fazer uma p\u00f3s gradua\u00e7\u00e3o EaD reconhecida pelo MEC, com 420hs\/aula, SEM monografia e com pre\u00e7o e condi\u00e7\u00f5es de pagamento que cabem no seu bolso? <a title=\"Curso de P\u00f3s gradua\u00e7\u00e3o em Terapia Cognitivo Comportamental aplicada a Obesidade e ao Emagrecimento\" href=\"https:\/\/unicesde.com.br\/2022\/08\/23\/curso-de-especializacao-pos-graduacao-em-terapia-cognitivo-comportamental-aplicada-a-obesidade-e-ao-emagrecimento\/\">Clique aqui e veja o programa do curso!<\/a><\/strong><\/p>\n<p>&nbsp;<\/p>\n<p>&nbsp;<\/p>\n<h3 style=\"text-align: center;\">AULA 2 (19\/09\/22) \u2013 Avalia\u00e7\u00e3o Psicol\u00f3gica para Cirurgia Bari\u00e1trica: Desafios cl\u00ednicos<\/h3>\n<p style=\"text-align: center;\"><span style=\"color: #ff6600;\"><strong>Caso o v\u00eddeo n\u00e3o esteja no tamanho certo no celular \u00e9 s\u00f3 clicar duas vezes e o ver\u00e1 em tela ampla.<\/strong><\/span><\/p>\n<p style=\"text-align: center;\"><iframe loading=\"lazy\" title=\"YouTube video player\" src=\"https:\/\/www.youtube.com\/embed\/xrBsW7TiL7o\" width=\"560\" height=\"315\" frameborder=\"0\" allowfullscreen=\"allowfullscreen\"><\/iframe><\/p>\n<p style=\"text-align: center;\"><strong>Que tal fazer uma p\u00f3s gradua\u00e7\u00e3o EaD reconhecida pelo MEC, com 420hs\/aula, SEM monografia e com pre\u00e7o e condi\u00e7\u00f5es de pagamento que cabem no seu bolso? <a title=\"Curso de P\u00f3s gradua\u00e7\u00e3o em Terapia Cognitivo Comportamental aplicada a Obesidade e ao Emagrecimento\" href=\"https:\/\/unicesde.com.br\/2022\/08\/23\/curso-de-especializacao-pos-graduacao-em-terapia-cognitivo-comportamental-aplicada-a-obesidade-e-ao-emagrecimento\/\">Clique aqui e veja o programa do curso!<\/a><\/strong><\/p>\n<p>&nbsp;<\/p>\n<h3><\/h3>\n<h3 style=\"text-align: center;\">AULA 3 (20\/09\/22) \u2013 Como intervir com paciente com idea\u00e7\u00e3o suicida?<\/h3>\n<p style=\"text-align: center;\"><span style=\"color: #ff6600;\"><strong>Caso o v\u00eddeo n\u00e3o esteja no tamanho certo no celular \u00e9 s\u00f3 clicar duas vezes e o ver\u00e1 em tela ampla.<\/strong><\/span><\/p>\n<p style=\"text-align: center;\"><iframe loading=\"lazy\" title=\"YouTube video player\" src=\"https:\/\/www.youtube.com\/embed\/1B57uR1Dkhc\" width=\"560\" height=\"315\" frameborder=\"0\" allowfullscreen=\"allowfullscreen\" data-mce-fragment=\"1\"><\/iframe><\/p>\n<p style=\"text-align: center;\"><strong>Que tal fazer uma p\u00f3s gradua\u00e7\u00e3o EaD reconhecida pelo MEC, com 420hs\/aula, SEM monografia e com pre\u00e7o e condi\u00e7\u00f5es de pagamento que cabem no seu bolso? <a title=\"Curso de P\u00f3s gradua\u00e7\u00e3o em Terapia Cognitivo Comportamental aplicada a Obesidade e ao Emagrecimento\" href=\"https:\/\/unicesde.com.br\/2022\/08\/23\/curso-de-especializacao-pos-graduacao-em-terapia-cognitivo-comportamental-aplicada-a-obesidade-e-ao-emagrecimento\/\">Clique aqui e veja o programa do curso!<\/a><\/strong><\/p>\n<p>&nbsp;<\/p>\n<h3 style=\"text-align: center;\"><strong><span style=\"font-size: 16px;\">AULA 4 (20\/09\/22) \u2013 Transtornos Alimentares e a Obesidade: diferen\u00e7as clinicas<\/span><\/strong><\/h3>\n<p style=\"text-align: center;\"><span style=\"color: #ff6600;\"><strong>Caso o v\u00eddeo n\u00e3o esteja no tamanho certo no celular \u00e9 s\u00f3 clicar duas vezes e o ver\u00e1 em tela ampla.<\/strong><\/span><\/p>\n<p style=\"text-align: center;\"><iframe loading=\"lazy\" title=\"YouTube video player\" src=\"https:\/\/www.youtube.com\/embed\/_96a0NNwJPM\" width=\"560\" height=\"315\" frameborder=\"0\" allowfullscreen=\"allowfullscreen\"><\/iframe><\/p>\n<p style=\"text-align: center;\"><strong>Que tal fazer uma p\u00f3s gradua\u00e7\u00e3o EaD reconhecida pelo MEC, com 420hs\/aula, SEM monografia e com pre\u00e7o e condi\u00e7\u00f5es de pagamento que cabem no seu bolso? <a title=\"Curso de P\u00f3s gradua\u00e7\u00e3o em Terapia Cognitivo Comportamental aplicada a Obesidade e ao Emagrecimento\" href=\"https:\/\/unicesde.com.br\/2022\/08\/23\/curso-de-especializacao-pos-graduacao-em-terapia-cognitivo-comportamental-aplicada-a-obesidade-e-ao-emagrecimento\/\">Clique aqui e veja o programa do curso!<\/a><\/strong><\/p>\n<h3><\/h3>\n<h3 style=\"text-align: center;\">AULA 5 (21\/09\/22) \u2013 Transtornos Psiqui\u00e1tricos e Obesidade: cuidados no tratamento cir\u00fargico<\/h3>\n<p style=\"text-align: center;\"><iframe loading=\"lazy\" title=\"YouTube video player\" src=\"https:\/\/www.youtube.com\/embed\/bX2_95kqj08\" width=\"560\" height=\"315\" frameborder=\"0\" allowfullscreen=\"allowfullscreen\"><\/iframe><\/p>\n<p style=\"text-align: center;\"><strong>Que tal fazer uma p\u00f3s gradua\u00e7\u00e3o EaD reconhecida pelo MEC, com 420hs\/aula, SEM monografia e com pre\u00e7o e condi\u00e7\u00f5es de pagamento que cabem no seu bolso? <a title=\"Curso de P\u00f3s gradua\u00e7\u00e3o em Terapia Cognitivo Comportamental aplicada a Obesidade e ao Emagrecimento\" href=\"https:\/\/unicesde.com.br\/2022\/08\/23\/curso-de-especializacao-pos-graduacao-em-terapia-cognitivo-comportamental-aplicada-a-obesidade-e-ao-emagrecimento\/\">Clique aqui e veja o programa do curso!<\/a><\/strong><\/p>\n<p>&nbsp;<\/p>\n<p>&nbsp;<\/p>\n","protected":false},"excerpt":{"rendered":"<p>Assista aqui \u00e0 Semana da TCC aplicada \u00e0 Obesidade e ao Emagrecimento &nbsp; Aula de Apresenta\u00e7\u00e3o da P\u00f3s gradua\u00e7\u00e3o em TCC aplicada \u00e0 Obesidade e ao Emagrecimento Que tal fazer uma p\u00f3s gradua\u00e7\u00e3o EaD com 420hs , aulas gravadas e Webconfer\u00eancias! Clique aqui &nbsp; AULA 1 (19\/09\/22) \u2013 TCC como estrat\u00e9gia de interven\u00e7\u00e3o para o [&hellip;]<\/p>\n","protected":false},"author":3,"featured_media":0,"comment_status":"closed","ping_status":"closed","sticky":false,"template":"","format":"standard","meta":{"footnotes":""},"categories":[283],"tags":[],"class_list":["post-9106","post","type-post","status-publish","format-standard","hentry","category-base"],"aioseo_notices":[],"aioseo_head":"\n\t\t<!-- All in One SEO 5.0.0.1 - aioseo.com -->\n\t<meta name=\"robots\" content=\"max-image-preview:large\" \/>\n\t<meta name=\"author\" content=\"Admar Cardoso\"\/>\n\t<link rel=\"canonical\" href=\"https:\/\/www.cesde.com.br\/curso\/semana-da-tcc-aplicada-a-obesidade-e-emagrecimento\/\" \/>\n\t<meta name=\"generator\" content=\"All in One SEO (AIOSEO) 5.0.0.1\" \/>\n\t\t<meta property=\"og:locale\" content=\"pt_BR\" \/>\n\t\t<meta property=\"og:site_name\" content=\"CESDE - Centro de Estudos e Desenvolvimento Educacional | Cursos em Psicologia, Sa\u00fade Mental, Educa\u00e7\u00e3o e Tecnologia.\" \/>\n\t\t<meta property=\"og:type\" content=\"article\" \/>\n\t\t<meta property=\"og:title\" content=\"Semana da TCC aplicada \u00e0 Obesidade e Emagrecimento | CESDE - Centro de Estudos e Desenvolvimento Educacional\" \/>\n\t\t<meta property=\"og:url\" content=\"https:\/\/www.cesde.com.br\/curso\/semana-da-tcc-aplicada-a-obesidade-e-emagrecimento\/\" \/>\n\t\t<meta property=\"article:published_time\" content=\"2022-09-20T11:18:43+00:00\" \/>\n\t\t<meta property=\"article:modified_time\" content=\"2023-03-29T16:14:05+00:00\" \/>\n\t\t<meta name=\"twitter:card\" content=\"summary\" \/>\n\t\t<meta name=\"twitter:title\" content=\"Semana da TCC aplicada \u00e0 Obesidade e Emagrecimento | CESDE - Centro de Estudos e Desenvolvimento Educacional\" \/>\n\t\t<script type=\"application\/ld+json\" class=\"aioseo-schema\">\n\t\t\t{\"@context\":\"https:\\\/\\\/schema.org\",\"@graph\":[{\"@type\":\"Article\",\"@id\":\"https:\\\/\\\/www.cesde.com.br\\\/curso\\\/semana-da-tcc-aplicada-a-obesidade-e-emagrecimento\\\/#article\",\"name\":\"Semana da TCC aplicada \\u00e0 Obesidade e Emagrecimento | CESDE - Centro de Estudos e Desenvolvimento Educacional\",\"headline\":\"Semana da TCC aplicada \\u00e0 Obesidade e Emagrecimento\",\"author\":{\"@id\":\"https:\\\/\\\/www.cesde.com.br\\\/curso\\\/author\\\/admar-cardoso\\\/#author\"},\"publisher\":{\"@id\":\"https:\\\/\\\/www.cesde.com.br\\\/curso\\\/#organization\"},\"datePublished\":\"2022-09-20T11:18:43+00:00\",\"dateModified\":\"2023-03-29T16:14:05+00:00\",\"inLanguage\":\"pt-BR\",\"mainEntityOfPage\":{\"@id\":\"https:\\\/\\\/www.cesde.com.br\\\/curso\\\/semana-da-tcc-aplicada-a-obesidade-e-emagrecimento\\\/#webpage\"},\"isPartOf\":{\"@id\":\"https:\\\/\\\/www.cesde.com.br\\\/curso\\\/semana-da-tcc-aplicada-a-obesidade-e-emagrecimento\\\/#webpage\"},\"articleSection\":\"Base do Conhecimento\"},{\"@type\":\"BreadcrumbList\",\"@id\":\"https:\\\/\\\/www.cesde.com.br\\\/curso\\\/semana-da-tcc-aplicada-a-obesidade-e-emagrecimento\\\/#breadcrumblist\",\"itemListElement\":[{\"@type\":\"ListItem\",\"@id\":\"https:\\\/\\\/www.cesde.com.br\\\/curso#listItem\",\"position\":1,\"name\":\"In\\u00edcio\",\"item\":\"https:\\\/\\\/www.cesde.com.br\\\/curso\",\"nextItem\":{\"@type\":\"ListItem\",\"@id\":\"https:\\\/\\\/www.cesde.com.br\\\/curso\\\/category\\\/base\\\/#listItem\",\"name\":\"Base do Conhecimento\"}},{\"@type\":\"ListItem\",\"@id\":\"https:\\\/\\\/www.cesde.com.br\\\/curso\\\/category\\\/base\\\/#listItem\",\"position\":2,\"name\":\"Base do Conhecimento\",\"item\":\"https:\\\/\\\/www.cesde.com.br\\\/curso\\\/category\\\/base\\\/\",\"nextItem\":{\"@type\":\"ListItem\",\"@id\":\"https:\\\/\\\/www.cesde.com.br\\\/curso\\\/semana-da-tcc-aplicada-a-obesidade-e-emagrecimento\\\/#listItem\",\"name\":\"Semana da TCC aplicada \\u00e0 Obesidade e Emagrecimento\"},\"previousItem\":{\"@type\":\"ListItem\",\"@id\":\"https:\\\/\\\/www.cesde.com.br\\\/curso#listItem\",\"name\":\"In\\u00edcio\"}},{\"@type\":\"ListItem\",\"@id\":\"https:\\\/\\\/www.cesde.com.br\\\/curso\\\/semana-da-tcc-aplicada-a-obesidade-e-emagrecimento\\\/#listItem\",\"position\":3,\"name\":\"Semana da TCC aplicada \\u00e0 Obesidade e Emagrecimento\",\"previousItem\":{\"@type\":\"ListItem\",\"@id\":\"https:\\\/\\\/www.cesde.com.br\\\/curso\\\/category\\\/base\\\/#listItem\",\"name\":\"Base do Conhecimento\"}}]},{\"@type\":\"Organization\",\"@id\":\"https:\\\/\\\/www.cesde.com.br\\\/curso\\\/#organization\",\"name\":\"CESDE - Centro de Estudos e Desenvolvimento Educacional\",\"description\":\"Cursos em Psicologia, Sa\\u00fade Mental, Educa\\u00e7\\u00e3o e Tecnologia.\",\"url\":\"https:\\\/\\\/www.cesde.com.br\\\/curso\\\/\"},{\"@type\":\"Person\",\"@id\":\"https:\\\/\\\/www.cesde.com.br\\\/curso\\\/author\\\/admar-cardoso\\\/#author\",\"url\":\"https:\\\/\\\/www.cesde.com.br\\\/curso\\\/author\\\/admar-cardoso\\\/\",\"name\":\"Admar Cardoso\"},{\"@type\":\"WebPage\",\"@id\":\"https:\\\/\\\/www.cesde.com.br\\\/curso\\\/semana-da-tcc-aplicada-a-obesidade-e-emagrecimento\\\/#webpage\",\"url\":\"https:\\\/\\\/www.cesde.com.br\\\/curso\\\/semana-da-tcc-aplicada-a-obesidade-e-emagrecimento\\\/\",\"name\":\"Semana da TCC aplicada \\u00e0 Obesidade e Emagrecimento | CESDE - Centro de Estudos e Desenvolvimento Educacional\",\"inLanguage\":\"pt-BR\",\"isPartOf\":{\"@id\":\"https:\\\/\\\/www.cesde.com.br\\\/curso\\\/#website\"},\"breadcrumb\":{\"@id\":\"https:\\\/\\\/www.cesde.com.br\\\/curso\\\/semana-da-tcc-aplicada-a-obesidade-e-emagrecimento\\\/#breadcrumblist\"},\"author\":{\"@id\":\"https:\\\/\\\/www.cesde.com.br\\\/curso\\\/author\\\/admar-cardoso\\\/#author\"},\"creator\":{\"@id\":\"https:\\\/\\\/www.cesde.com.br\\\/curso\\\/author\\\/admar-cardoso\\\/#author\"},\"datePublished\":\"2022-09-20T11:18:43+00:00\",\"dateModified\":\"2023-03-29T16:14:05+00:00\"},{\"@type\":\"WebSite\",\"@id\":\"https:\\\/\\\/www.cesde.com.br\\\/curso\\\/#website\",\"url\":\"https:\\\/\\\/www.cesde.com.br\\\/curso\\\/\",\"name\":\"CESDE - Centro de Estudos e Desenvolvimento Educacional\",\"description\":\"Cursos em Psicologia, Sa\\u00fade Mental, Educa\\u00e7\\u00e3o e Tecnologia.\",\"inLanguage\":\"pt-BR\",\"publisher\":{\"@id\":\"https:\\\/\\\/www.cesde.com.br\\\/curso\\\/#organization\"}}]}\n\t\t<\/script>\n\t\t<!-- All in One SEO -->\n\n","aioseo_head_json":{"title":"Semana da TCC aplicada \u00e0 Obesidade e Emagrecimento | CESDE - Centro de Estudos e Desenvolvimento Educacional","description":"","canonical_url":"https:\/\/www.cesde.com.br\/curso\/semana-da-tcc-aplicada-a-obesidade-e-emagrecimento\/","robots":"max-image-preview:large","keywords":"","webmasterTools":{"miscellaneous":""},"schema":{"@context":"https:\/\/schema.org","@graph":[{"@type":"Article","@id":"https:\/\/www.cesde.com.br\/curso\/semana-da-tcc-aplicada-a-obesidade-e-emagrecimento\/#article","name":"Semana da TCC aplicada \u00e0 Obesidade e Emagrecimento | CESDE - Centro de Estudos e Desenvolvimento Educacional","headline":"Semana da TCC aplicada \u00e0 Obesidade e Emagrecimento","author":{"@id":"https:\/\/www.cesde.com.br\/curso\/author\/admar-cardoso\/#author"},"publisher":{"@id":"https:\/\/www.cesde.com.br\/curso\/#organization"},"datePublished":"2022-09-20T11:18:43+00:00","dateModified":"2023-03-29T16:14:05+00:00","inLanguage":"pt-BR","mainEntityOfPage":{"@id":"https:\/\/www.cesde.com.br\/curso\/semana-da-tcc-aplicada-a-obesidade-e-emagrecimento\/#webpage"},"isPartOf":{"@id":"https:\/\/www.cesde.com.br\/curso\/semana-da-tcc-aplicada-a-obesidade-e-emagrecimento\/#webpage"},"articleSection":"Base do Conhecimento"},{"@type":"BreadcrumbList","@id":"https:\/\/www.cesde.com.br\/curso\/semana-da-tcc-aplicada-a-obesidade-e-emagrecimento\/#breadcrumblist","itemListElement":[{"@type":"ListItem","@id":"https:\/\/www.cesde.com.br\/curso#listItem","position":1,"name":"In\u00edcio","item":"https:\/\/www.cesde.com.br\/curso","nextItem":{"@type":"ListItem","@id":"https:\/\/www.cesde.com.br\/curso\/category\/base\/#listItem","name":"Base do Conhecimento"}},{"@type":"ListItem","@id":"https:\/\/www.cesde.com.br\/curso\/category\/base\/#listItem","position":2,"name":"Base do Conhecimento","item":"https:\/\/www.cesde.com.br\/curso\/category\/base\/","nextItem":{"@type":"ListItem","@id":"https:\/\/www.cesde.com.br\/curso\/semana-da-tcc-aplicada-a-obesidade-e-emagrecimento\/#listItem","name":"Semana da TCC aplicada \u00e0 Obesidade e Emagrecimento"},"previousItem":{"@type":"ListItem","@id":"https:\/\/www.cesde.com.br\/curso#listItem","name":"In\u00edcio"}},{"@type":"ListItem","@id":"https:\/\/www.cesde.com.br\/curso\/semana-da-tcc-aplicada-a-obesidade-e-emagrecimento\/#listItem","position":3,"name":"Semana da TCC aplicada \u00e0 Obesidade e Emagrecimento","previousItem":{"@type":"ListItem","@id":"https:\/\/www.cesde.com.br\/curso\/category\/base\/#listItem","name":"Base do Conhecimento"}}]},{"@type":"Organization","@id":"https:\/\/www.cesde.com.br\/curso\/#organization","name":"CESDE - Centro de Estudos e Desenvolvimento Educacional","description":"Cursos em Psicologia, Sa\u00fade Mental, Educa\u00e7\u00e3o e Tecnologia.","url":"https:\/\/www.cesde.com.br\/curso\/"},{"@type":"Person","@id":"https:\/\/www.cesde.com.br\/curso\/author\/admar-cardoso\/#author","url":"https:\/\/www.cesde.com.br\/curso\/author\/admar-cardoso\/","name":"Admar Cardoso"},{"@type":"WebPage","@id":"https:\/\/www.cesde.com.br\/curso\/semana-da-tcc-aplicada-a-obesidade-e-emagrecimento\/#webpage","url":"https:\/\/www.cesde.com.br\/curso\/semana-da-tcc-aplicada-a-obesidade-e-emagrecimento\/","name":"Semana da TCC aplicada \u00e0 Obesidade e Emagrecimento | CESDE - Centro de Estudos e Desenvolvimento Educacional","inLanguage":"pt-BR","isPartOf":{"@id":"https:\/\/www.cesde.com.br\/curso\/#website"},"breadcrumb":{"@id":"https:\/\/www.cesde.com.br\/curso\/semana-da-tcc-aplicada-a-obesidade-e-emagrecimento\/#breadcrumblist"},"author":{"@id":"https:\/\/www.cesde.com.br\/curso\/author\/admar-cardoso\/#author"},"creator":{"@id":"https:\/\/www.cesde.com.br\/curso\/author\/admar-cardoso\/#author"},"datePublished":"2022-09-20T11:18:43+00:00","dateModified":"2023-03-29T16:14:05+00:00"},{"@type":"WebSite","@id":"https:\/\/www.cesde.com.br\/curso\/#website","url":"https:\/\/www.cesde.com.br\/curso\/","name":"CESDE - Centro de Estudos e Desenvolvimento Educacional","description":"Cursos em Psicologia, Sa\u00fade Mental, Educa\u00e7\u00e3o e Tecnologia.","inLanguage":"pt-BR","publisher":{"@id":"https:\/\/www.cesde.com.br\/curso\/#organization"}}]},"og:locale":"pt_BR","og:site_name":"CESDE - Centro de Estudos e Desenvolvimento Educacional | Cursos em Psicologia, Sa\u00fade Mental, Educa\u00e7\u00e3o e Tecnologia.","og:type":"article","og:title":"Semana da TCC aplicada \u00e0 Obesidade e Emagrecimento | CESDE - Centro de Estudos e Desenvolvimento Educacional","og:url":"https:\/\/www.cesde.com.br\/curso\/semana-da-tcc-aplicada-a-obesidade-e-emagrecimento\/","article:published_time":"2022-09-20T11:18:43+00:00","article:modified_time":"2023-03-29T16:14:05+00:00","twitter:card":"summary","twitter:title":"Semana da TCC aplicada \u00e0 Obesidade e Emagrecimento | CESDE - Centro de Estudos e Desenvolvimento Educacional"},"aioseo_meta_data":{"post_id":"9106","title":null,"description":null,"keywords":[],"keyphrases":{"focus":[],"additional":[]},"primary_term":null,"canonical_url":null,"og_title":null,"og_description":null,"og_object_type":"default","og_image_type":"default","og_image_url":null,"og_image_width":null,"og_image_height":null,"og_image_custom_url":null,"og_image_custom_fields":null,"og_video":"","og_custom_url":null,"og_article_section":null,"og_article_tags":[],"twitter_use_og":false,"twitter_card":"default","twitter_image_type":"default","twitter_image_url":null,"twitter_image_custom_url":null,"twitter_image_custom_fields":null,"twitter_title":null,"twitter_description":null,"schema":{"blockGraphs":[],"customGraphs":[],"default":{"data":{"Article":{"id":"#aioseo-article-6402fc5fd1c76","slug":"article","graphName":"Article","label":"Artigo","properties":{"type":"BlogPosting","name":"#post_title","headline":"#post_title","description":"#post_excerpt","image":"","keywords":"","author":{"name":"#author_name","url":"#author_url"},"dates":{"include":true,"datePublished":"","dateModified":""}}},"Course":[],"Dataset":[],"FAQPage":[],"Movie":[],"Person":[],"Product":[],"ProductReview":[],"Car":[],"Recipe":[],"Service":[],"SoftwareApplication":[],"WebPage":[]},"graphName":"Article","isEnabled":true},"graphs":[]},"schema_type":"default","schema_type_options":"{\"article\":{\"articleType\":\"BlogPosting\"},\"course\":{\"name\":\"\",\"description\":\"\",\"provider\":\"\"},\"faq\":{\"pages\":[]},\"product\":{\"reviews\":[]},\"recipe\":{\"ingredients\":[],\"instructions\":[],\"keywords\":[]},\"software\":{\"reviews\":[],\"operatingSystems\":[]},\"webPage\":{\"webPageType\":\"WebPage\"}}","pillar_content":false,"robots_default":true,"robots_noindex":false,"robots_noarchive":false,"robots_nosnippet":false,"robots_nofollow":false,"robots_noimageindex":false,"robots_noodp":false,"robots_notranslate":false,"robots_max_snippet":"-1","robots_max_videopreview":"-1","robots_max_imagepreview":"large","priority":null,"frequency":"default","local_seo":null,"breadcrumb_settings":null,"limit_modified_date":false,"ai":null,"created":"2022-09-20 11:07:35","updated":"2026-08-25 11:40:52","focus_keyword":null,"additional_keywords":null,"truseo_locale":null,"seo_analyzer_scan_date":null},"aioseo_breadcrumb":"<div class=\"aioseo-breadcrumbs\"><span class=\"aioseo-breadcrumb\">\n\t\t\t<a href=\"https:\/\/www.cesde.com.br\/curso\" title=\"In\u00edcio\">In\u00edcio<\/a>\n\t\t<\/span><span class=\"aioseo-breadcrumb-separator\">&raquo;<\/span><span class=\"aioseo-breadcrumb\">\n\t\t\t<a href=\"https:\/\/www.cesde.com.br\/curso\/category\/base\/\" title=\"Base do Conhecimento\">Base do Conhecimento<\/a>\n\t\t<\/span><span class=\"aioseo-breadcrumb-separator\">&raquo;<\/span><span class=\"aioseo-breadcrumb\">\n\t\t\tSemana da TCC aplicada \u00e0 Obesidade e Emagrecimento\n\t\t<\/span><\/div>","aioseo_breadcrumb_json":[{"label":"In\u00edcio","link":"https:\/\/www.cesde.com.br\/curso"},{"label":"Base do Conhecimento","link":"https:\/\/www.cesde.com.br\/curso\/category\/base\/"},{"label":"Semana da TCC aplicada \u00e0 Obesidade e Emagrecimento","link":"https:\/\/www.cesde.com.br\/curso\/semana-da-tcc-aplicada-a-obesidade-e-emagrecimento\/"}],"_links":{"self":[{"href":"https:\/\/www.cesde.com.br\/curso\/wp-json\/wp\/v2\/posts\/9106","targetHints":{"allow":["GET"]}}],"collection":[{"href":"https:\/\/www.cesde.com.br\/curso\/wp-json\/wp\/v2\/posts"}],"about":[{"href":"https:\/\/www.cesde.com.br\/curso\/wp-json\/wp\/v2\/types\/post"}],"author":[{"embeddable":true,"href":"https:\/\/www.cesde.com.br\/curso\/wp-json\/wp\/v2\/users\/3"}],"replies":[{"embeddable":true,"href":"https:\/\/www.cesde.com.br\/curso\/wp-json\/wp\/v2\/comments?post=9106"}],"version-history":[{"count":9,"href":"https:\/\/www.cesde.com.br\/curso\/wp-json\/wp\/v2\/posts\/9106\/revisions"}],"predecessor-version":[{"id":12128,"href":"https:\/\/www.cesde.com.br\/curso\/wp-json\/wp\/v2\/posts\/9106\/revisions\/12128"}],"wp:attachment":[{"href":"https:\/\/www.cesde.com.br\/curso\/wp-json\/wp\/v2\/media?parent=9106"}],"wp:term":[{"taxonomy":"category","embeddable":true,"href":"https:\/\/www.cesde.com.br\/curso\/wp-json\/wp\/v2\/categories?post=9106"},{"taxonomy":"post_tag","embeddable":true,"href":"https:\/\/www.cesde.com.br\/curso\/wp-json\/wp\/v2\/tags?post=9106"}],"curies":[{"name":"wp","href":"https:\/\/api.w.org\/{rel}","templated":true}]}}