{"id":864,"date":"2013-07-16T17:35:42","date_gmt":"2013-07-16T17:35:42","guid":{"rendered":"http:\/\/www.cesde.com.br\/curso\/?p=864"},"modified":"2014-07-16T14:53:44","modified_gmt":"2014-07-16T14:53:44","slug":"formacao-em-act-ou-terapia-da-aceitacao-e-compromisso-em-sao-paulo","status":"publish","type":"post","link":"https:\/\/www.cesde.com.br\/curso\/formacao-em-act-ou-terapia-da-aceitacao-e-compromisso-em-sao-paulo\/","title":{"rendered":"Forma\u00e7\u00e3o em ACT ou Terapia da Aceita\u00e7\u00e3o e Compromisso em S\u00e3o Paulo"},"content":{"rendered":"<h2>Curso de Forma\u00e7\u00e3o em Terapia da Aceita\u00e7\u00e3o e Compromisso (ACT) em S\u00e3o Paulo<\/h2>\n<p><strong>INTRODU\u00c7\u00c3O:<\/strong><\/p>\n<p>A ACT \u00e9 uma das maiores representantes da chamada &#8220;terceira onda&#8221; das Terapias Comportamental e Cognitiva. O contextualismo funcional se traduz na pr\u00e1tica em exerc\u00edcios e formas de atuar na cl\u00ednica que considera e altera as fun\u00e7\u00f5es dos comportamentos, incluindo pensamentos e sentimentos. Em outras palavras, mant\u00e9m ou altera a forma como nos relacionamos com o que ocorre dentro de n\u00f3s, para que os pensamentos, sentimentos e sensa\u00e7\u00f5es sejam vivenciados de forma verdadeira e direta. Essa vivencia \u00e9 chamada de aceita\u00e7\u00e3o e possibilita que o indiv\u00edduo esteja mais apto a identificar o que lhe \u00e9 realmente importante e mudar ou manter a\u00e7\u00f5es em dire\u00e7\u00e3o aos seus valores.<\/p>\n<p>&nbsp;<\/p>\n<p><strong>OBJETIVO:<\/strong><\/p>\n<p>O Curso de Terapia de Aceita\u00e7\u00e3o e Compromisso (Acceptance and Commitment Therapy &#8211; ACT) tem como objetivo capacitar o profissional quanto \u00e0s t\u00e9cnicas, a teoria e a filosofia presentes nessa proposta terap\u00eautica. A ACT surgiu em 1987 com autoria de Steven C. Hayes e colaboradores na tradi\u00e7\u00e3o de terapias comportamentais. \u00c9 uma abordagem que trabalha a forma como nos relacionamos com o que ocorre dentro de n\u00f3s &#8211; nossos pensamentos, sentimentos e sensa\u00e7\u00f5es, para que eles sejam vivenciados de forma verdadeira e direta. Essa vivencia \u00e9 chamada de aceita\u00e7\u00e3o e possibilita que o indiv\u00edduo esteja mais apto a identificar o que lhe \u00e9 realmente importante e mudar ou manter a\u00e7\u00f5es em dire\u00e7\u00e3o aos seus valores.<\/p>\n<p>O objetivo deste Curso \u00e9 a aprendizagem da ACT por meio de aulas expositivas e viv\u00eancias dos exerc\u00edcios terap\u00eauticos, com a finalidade de treinar as habilidades dos terapeutas e aprofundar a compreens\u00e3o dos processos envolvidos nessa proposta.<\/p>\n<p>Capacitar Psic\u00f3logos e Psiquiatras nos fundamentos te\u00f3ricos da ACT, Terapia da Aceita\u00e7\u00e3o e Compromisso, al\u00e9m proporcionar o conhecimento cl\u00ednico e cient\u00edfico atualizado nas \u00e1reas relacionadas. Ao final do curso os alunos estar\u00e3o aptos a desenvolverem atendimentos cl\u00ednicos de acordo com essa abordagem.<\/p>\n<p>&nbsp;<\/p>\n<p><strong>LOCAL:<\/strong><\/p>\n<p>Contamos em S\u00e3o Paulo com o suporte do Centro de Treinamento da CEP Salas localizada \u00e0\u00a0 Rua Cardeal Arcoverde, 928 &#8211; T\u00e9rreo &#8211; Pinheiros &#8211; S\u00e3o Paulo &#8211; SP.<\/p>\n<p>(Refer\u00eancia: Esquina com a Rua Lisboa, ao lado da Igreja do Calv\u00e1rio &#8211; Henrique Schaumann, perto do Frans Caf\u00e9 e em frente a pra\u00e7a Benedito Calixto), pr\u00f3ximo ao Metr\u00f4 Clinicas, Sumar\u00e9 e Vila Madalena.<\/p>\n<p><a title=\"Localiza\u00e7\u00e3o da sala de aula\" href=\"https:\/\/maps.google.com.br\/maps?q=Rua+Cardeal+Arcoverde,+928,+S%C3%A3o+Paulo&amp;hl=pt-BR&amp;ie=UTF8&amp;sll=-23.682804,-46.595546&amp;sspn=0.6829,1.344452&amp;oq=Rua+Cardeal+Arcoverde,+928&amp;hnear=R.+Cardeal+Arcoverde,+928+-+Jardim+Paulista,+S%C3%A3o+Paulo,+05408-001&amp;t=m&amp;z=14&amp;iwloc=Ahttp:\/\/\" target=\"_blank\">Veja o mapa!<\/a><\/p>\n<p>&nbsp;<\/p>\n<p><strong>P\u00daBLICO ALVO: <\/strong>Exclusivamente Psic\u00f3logos e M\u00e9dicos e acad\u00eamicos dos respectivos cursos de gradua\u00e7\u00e3o (2 \u00faltimos per\u00edodos).<\/p>\n<p>&nbsp;<\/p>\n<p><strong>CARGA HOR\u00c1RIA:<\/strong> 84hs\/aula. As aulas ser\u00e3o em 1 final de semana por m\u00eas (sexta 18 \u00e0s 21hs e s\u00e1bado de 9 \u00e0s 18hs).<\/p>\n<p>&nbsp;<\/p>\n<p><strong>CERTIFICA\u00c7\u00c3O:<\/strong> O Certificado do curso ser\u00e1 de Forma\u00e7\u00e3o em Terapia da Aceita\u00e7\u00e3o e Compromisso.<\/p>\n<p>&nbsp;<\/p>\n<p><strong>PROFESSORA: <\/strong>MICHAELE SABAN ( CRP SP:\u00a093611 ).<\/p>\n<p>&nbsp;<\/p>\n<p><strong>MINI CURR\u00cdCULO:<\/strong><\/p>\n<p>Gradua\u00e7\u00e3o em Psicologia na PUC\/SP;<br \/>\nEspecialista em Psicologia Cl\u00ednica (An\u00e1lise do Comportamento);<br \/>\nP\u00f3s-Gradua\u00e7\u00e3o Lato Sensu de Especializa\u00e7\u00e3o em Psicologia Anal\u00edtico Comportamental;<br \/>\nMestrandanda em Psicologia Experimental pela PUC\/SP.<\/p>\n<p>&nbsp;<\/p>\n<p><strong>PUBLICA\u00c7\u00c3O:<\/strong><\/p>\n<p>\u201cIntrodu\u00e7\u00e3o \u00e0 Terapia de Aceita\u00e7\u00e3o e Compromisso\u201d &#8211; ESETec em 2011, Santo Andr\u00e9.<\/p>\n<p><a href=\"http:\/\/www.cesde.com.br\/curso\/wp-content\/uploads\/2012\/11\/Capa_MichaeleSaban.jpg\"><img loading=\"lazy\" decoding=\"async\" title=\"Capa_MichaeleSaban\" src=\"http:\/\/www.cesde.com.br\/curso\/wp-content\/uploads\/2012\/11\/Capa_MichaeleSaban.jpg\" alt=\"\" width=\"150\" height=\"230\" \/><\/a><\/p>\n<p>&nbsp;<\/p>\n<p><strong>PROGRAMA:<\/strong><\/p>\n<ul>\n<li>Contexto hist\u00f3rico da ACT \u2013 3\u00ba onda de terapias comportamentais;<\/li>\n<li>Pressupostos filos\u00f3ficos da ACT \u2013 a quest\u00e3o da felicidade;<\/li>\n<li>Pressupostos te\u00f3ricos da ACT \u2013 quadros relacionais;<\/li>\n<li>Modelo de psicopatologia da ACT &#8211; hex\u00e1gono de inflexibilidade psicol\u00f3gica;<\/li>\n<li>Modelo de interven\u00e7\u00e3o da ACT \u2013 hex\u00e1gono de flexibilidade psicol\u00f3gica;<\/li>\n<li>Matriz;<\/li>\n<li>Primeiras interven\u00e7\u00f5es \u2013 \u201cDesesperan\u00e7a criativa\u201d e \u201co controle \u00e9 o problema, n\u00e3o a solu\u00e7\u00e3o\u201d;<\/li>\n<li>Aceita\u00e7\u00e3o;<\/li>\n<li>Desfus\u00e3o;<\/li>\n<li>Contato com o momento presente;<\/li>\n<li>Self como contexto;<\/li>\n<li>Valores;<\/li>\n<li>A\u00e7\u00f5es com compromisso;<\/li>\n<li>Intervindo com todos os processos do hex\u00e1gono de flexibilidade psicol\u00f3gica;<\/li>\n<li>Semin\u00e1rios.<\/li>\n<\/ul>\n<p>&nbsp;<\/p>\n<p><strong>DATA DAS AULAS:<\/strong><\/p>\n<p>O curso ainda n\u00e3o tem data prevista para in\u00edcio em 2014. Fa\u00e7a sua pr\u00e9-inscri\u00e7\u00e3o no link ao final da p\u00e1gina e seja informado assim que for definida a agenda do curso.<\/p>\n<p>&nbsp;<\/p>\n<p><strong>FUNCIONAMENTO DO CURSO:<\/strong><br \/>\nAs aulas ser\u00e3o em 1 final de semana por m\u00eas (sexta 18 \u00e0s 21hs e s\u00e1bado de 9 \u00e0s 18hs)<\/p>\n<p>&nbsp;<\/p>\n<p><strong>INVESTIMENTO<\/strong><\/p>\n<p>Matr\u00edcula:\u00a0\u00a0\u00a0 R$180,00<\/p>\n<p>Mensalidades:<\/p>\n<ul>\n<li>7 parcelas de R$300,00 no cheque pr\u00e9 datado; <strong>ou<\/strong><\/li>\n<li>7 parcelas de R$330,00 no boleto banc\u00e1rio<\/li>\n<\/ul>\n<p>&nbsp;<\/p>\n<p><strong>PR\u00c9 \u2013 INSCRI\u00c7\u00d5ES:<\/strong>\u00a0\u00a0<a title=\"Formul\u00e1rio de Inscri\u00e7\u00e3o ACT em S\u00e3o Paulo\" href=\"http:\/\/www.cesde.com.br\/curso\/formularios\/formulario-de-inscricao-act-em-sao-paulo\/\">Clique aqui e fa\u00e7a sua pr\u00e9-inscri\u00e7\u00e3o.<\/a><\/p>\n<p><strong>ATEN\u00c7\u00c3O:<\/strong> Caso o inscrito n\u00e3o preencha as condi\u00e7\u00f5es acima a matr\u00edcula ser\u00e1 cancelada.<\/p>\n<p>&nbsp;<\/p>\n<p style=\"text-align: center;\">\u00a0<a title=\"Curso de Forma\u00e7\u00e3o em Terapia da Aceita\u00e7\u00e3o e Compromisso em S\u00e3o Paulo\" href=\"http:\/\/www.cesde.com.br\/curso\/cursos\/saude-mental\/formacao-em-terapia-da-aceitacao-e-compromisso\/\"><img loading=\"lazy\" decoding=\"async\" class=\"aligncenter size-full wp-image-898\" title=\"terapia-aceitacao-compromisso-bh-mini\" src=\"http:\/\/www.cesde.com.br\/curso\/wp-content\/uploads\/2013\/07\/terapia-aceitacao-compromisso-bh-mini.jpg\" alt=\"\" width=\"210\" height=\"80\" \/><\/a><\/p>\n","protected":false},"excerpt":{"rendered":"<p>Curso de Forma\u00e7\u00e3o em Terapia da Aceita\u00e7\u00e3o e Compromisso (ACT) em S\u00e3o Paulo INTRODU\u00c7\u00c3O: A ACT \u00e9 uma das maiores representantes da chamada &#8220;terceira onda&#8221; das Terapias Comportamental e Cognitiva. O contextualismo funcional se traduz na pr\u00e1tica em exerc\u00edcios e formas de atuar na cl\u00ednica que considera e altera as fun\u00e7\u00f5es dos comportamentos, incluindo pensamentos [&hellip;]<\/p>\n","protected":false},"author":3,"featured_media":0,"comment_status":"closed","ping_status":"closed","sticky":false,"template":"","format":"standard","meta":{"footnotes":""},"categories":[1],"tags":[45,82,27,21,22,20,77,83,15],"class_list":["post-864","post","type-post","status-publish","format-standard","hentry","category-sem-categoria","tag-aceitacao-e-compromisso","tag-aperfeicoamento","tag-comportamental","tag-curso","tag-formacao","tag-psicoterapia","tag-sao-paulo","tag-sp","tag-terapia"],"aioseo_notices":[],"aioseo_head":"\n\t\t<!-- All in One SEO 5.0.0.1 - aioseo.com -->\n\t<meta name=\"description\" content=\"Curso de Forma\u00e7\u00e3o em ACT ou Terapia da Aceita\u00e7\u00e3o e Compromisso em S\u00e3o Paulo\/SP. Curso destinado a quem quer se aperfei\u00e7oar Terapia Comportamental.\" \/>\n\t<meta name=\"robots\" content=\"max-image-preview:large\" \/>\n\t<meta name=\"author\" content=\"Admar Cardoso\"\/>\n\t<link rel=\"canonical\" href=\"https:\/\/www.cesde.com.br\/curso\/formacao-em-act-ou-terapia-da-aceitacao-e-compromisso-em-sao-paulo\/\" \/>\n\t<meta name=\"generator\" content=\"All in One SEO (AIOSEO) 5.0.0.1\" \/>\n\t\t<meta property=\"og:locale\" content=\"pt_BR\" \/>\n\t\t<meta property=\"og:site_name\" content=\"CESDE - Centro de Estudos e Desenvolvimento Educacional | Cursos em Psicologia, Sa\u00fade Mental, Educa\u00e7\u00e3o e Tecnologia.\" \/>\n\t\t<meta property=\"og:type\" content=\"article\" \/>\n\t\t<meta property=\"og:title\" content=\"Forma\u00e7\u00e3o em ACT Terapia da Aceita\u00e7\u00e3o e Compromisso em S\u00e3o Paulo | CESDE - Centro de Estudos e Desenvolvimento Educacional\" \/>\n\t\t<meta property=\"og:description\" content=\"Curso de Forma\u00e7\u00e3o em ACT ou Terapia da Aceita\u00e7\u00e3o e Compromisso em S\u00e3o Paulo\/SP. Curso destinado a quem quer se aperfei\u00e7oar Terapia Comportamental.\" \/>\n\t\t<meta property=\"og:url\" content=\"https:\/\/www.cesde.com.br\/curso\/formacao-em-act-ou-terapia-da-aceitacao-e-compromisso-em-sao-paulo\/\" \/>\n\t\t<meta property=\"article:published_time\" content=\"2013-07-16T17:35:42+00:00\" \/>\n\t\t<meta property=\"article:modified_time\" content=\"2014-07-16T14:53:44+00:00\" \/>\n\t\t<meta name=\"twitter:card\" content=\"summary\" \/>\n\t\t<meta name=\"twitter:title\" content=\"Forma\u00e7\u00e3o em ACT Terapia da Aceita\u00e7\u00e3o e Compromisso em S\u00e3o Paulo | CESDE - Centro de Estudos e Desenvolvimento Educacional\" \/>\n\t\t<meta name=\"twitter:description\" content=\"Curso de Forma\u00e7\u00e3o em ACT ou Terapia da Aceita\u00e7\u00e3o e Compromisso em S\u00e3o Paulo\/SP. Curso destinado a quem quer se aperfei\u00e7oar Terapia Comportamental.\" \/>\n\t\t<script type=\"application\/ld+json\" class=\"aioseo-schema\">\n\t\t\t{\"@context\":\"https:\\\/\\\/schema.org\",\"@graph\":[{\"@type\":\"Article\",\"@id\":\"https:\\\/\\\/www.cesde.com.br\\\/curso\\\/formacao-em-act-ou-terapia-da-aceitacao-e-compromisso-em-sao-paulo\\\/#article\",\"name\":\"Forma\\u00e7\\u00e3o em ACT Terapia da Aceita\\u00e7\\u00e3o e Compromisso em S\\u00e3o Paulo | CESDE - Centro de Estudos e Desenvolvimento Educacional\",\"headline\":\"Forma\\u00e7\\u00e3o em ACT ou Terapia da Aceita\\u00e7\\u00e3o e Compromisso em S\\u00e3o Paulo\",\"author\":{\"@id\":\"https:\\\/\\\/www.cesde.com.br\\\/curso\\\/author\\\/admar-cardoso\\\/#author\"},\"publisher\":{\"@id\":\"https:\\\/\\\/www.cesde.com.br\\\/curso\\\/#organization\"},\"image\":{\"@type\":\"ImageObject\",\"url\":\"https:\\\/\\\/www.cesde.com.br\\\/curso\\\/wp-content\\\/uploads\\\/2012\\\/11\\\/Capa_MichaeleSaban.jpg\",\"@id\":\"https:\\\/\\\/www.cesde.com.br\\\/curso\\\/formacao-em-act-ou-terapia-da-aceitacao-e-compromisso-em-sao-paulo\\\/#articleImage\",\"width\":150,\"height\":230},\"datePublished\":\"2013-07-16T17:35:42+00:00\",\"dateModified\":\"2014-07-16T14:53:44+00:00\",\"inLanguage\":\"pt-BR\",\"mainEntityOfPage\":{\"@id\":\"https:\\\/\\\/www.cesde.com.br\\\/curso\\\/formacao-em-act-ou-terapia-da-aceitacao-e-compromisso-em-sao-paulo\\\/#webpage\"},\"isPartOf\":{\"@id\":\"https:\\\/\\\/www.cesde.com.br\\\/curso\\\/formacao-em-act-ou-terapia-da-aceitacao-e-compromisso-em-sao-paulo\\\/#webpage\"},\"articleSection\":\"Sem categoria, Aceita\\u00e7\\u00e3o e Compromisso, aperfei\\u00e7oamento, comportamental, curso, forma\\u00e7\\u00e3o, psicoterapia, s\\u00e3o paulo, sp, terapia\"},{\"@type\":\"BreadcrumbList\",\"@id\":\"https:\\\/\\\/www.cesde.com.br\\\/curso\\\/formacao-em-act-ou-terapia-da-aceitacao-e-compromisso-em-sao-paulo\\\/#breadcrumblist\",\"itemListElement\":[{\"@type\":\"ListItem\",\"@id\":\"https:\\\/\\\/www.cesde.com.br\\\/curso#listItem\",\"position\":1,\"name\":\"In\\u00edcio\",\"item\":\"https:\\\/\\\/www.cesde.com.br\\\/curso\",\"nextItem\":{\"@type\":\"ListItem\",\"@id\":\"https:\\\/\\\/www.cesde.com.br\\\/curso\\\/category\\\/sem-categoria\\\/#listItem\",\"name\":\"Sem categoria\"}},{\"@type\":\"ListItem\",\"@id\":\"https:\\\/\\\/www.cesde.com.br\\\/curso\\\/category\\\/sem-categoria\\\/#listItem\",\"position\":2,\"name\":\"Sem categoria\",\"item\":\"https:\\\/\\\/www.cesde.com.br\\\/curso\\\/category\\\/sem-categoria\\\/\",\"nextItem\":{\"@type\":\"ListItem\",\"@id\":\"https:\\\/\\\/www.cesde.com.br\\\/curso\\\/formacao-em-act-ou-terapia-da-aceitacao-e-compromisso-em-sao-paulo\\\/#listItem\",\"name\":\"Forma\\u00e7\\u00e3o em ACT ou Terapia da Aceita\\u00e7\\u00e3o e Compromisso em S\\u00e3o Paulo\"},\"previousItem\":{\"@type\":\"ListItem\",\"@id\":\"https:\\\/\\\/www.cesde.com.br\\\/curso#listItem\",\"name\":\"In\\u00edcio\"}},{\"@type\":\"ListItem\",\"@id\":\"https:\\\/\\\/www.cesde.com.br\\\/curso\\\/formacao-em-act-ou-terapia-da-aceitacao-e-compromisso-em-sao-paulo\\\/#listItem\",\"position\":3,\"name\":\"Forma\\u00e7\\u00e3o em ACT ou Terapia da Aceita\\u00e7\\u00e3o e Compromisso em S\\u00e3o Paulo\",\"previousItem\":{\"@type\":\"ListItem\",\"@id\":\"https:\\\/\\\/www.cesde.com.br\\\/curso\\\/category\\\/sem-categoria\\\/#listItem\",\"name\":\"Sem categoria\"}}]},{\"@type\":\"Organization\",\"@id\":\"https:\\\/\\\/www.cesde.com.br\\\/curso\\\/#organization\",\"name\":\"CESDE - Centro de Estudos e Desenvolvimento Educacional\",\"description\":\"Cursos em Psicologia, Sa\\u00fade Mental, Educa\\u00e7\\u00e3o e Tecnologia.\",\"url\":\"https:\\\/\\\/www.cesde.com.br\\\/curso\\\/\"},{\"@type\":\"Person\",\"@id\":\"https:\\\/\\\/www.cesde.com.br\\\/curso\\\/author\\\/admar-cardoso\\\/#author\",\"url\":\"https:\\\/\\\/www.cesde.com.br\\\/curso\\\/author\\\/admar-cardoso\\\/\",\"name\":\"Admar Cardoso\"},{\"@type\":\"WebPage\",\"@id\":\"https:\\\/\\\/www.cesde.com.br\\\/curso\\\/formacao-em-act-ou-terapia-da-aceitacao-e-compromisso-em-sao-paulo\\\/#webpage\",\"url\":\"https:\\\/\\\/www.cesde.com.br\\\/curso\\\/formacao-em-act-ou-terapia-da-aceitacao-e-compromisso-em-sao-paulo\\\/\",\"name\":\"Forma\\u00e7\\u00e3o em ACT Terapia da Aceita\\u00e7\\u00e3o e Compromisso em S\\u00e3o Paulo | CESDE - Centro de Estudos e Desenvolvimento Educacional\",\"description\":\"Curso de Forma\\u00e7\\u00e3o em ACT ou Terapia da Aceita\\u00e7\\u00e3o e Compromisso em S\\u00e3o Paulo\\\/SP. Curso destinado a quem quer se aperfei\\u00e7oar Terapia Comportamental.\",\"inLanguage\":\"pt-BR\",\"isPartOf\":{\"@id\":\"https:\\\/\\\/www.cesde.com.br\\\/curso\\\/#website\"},\"breadcrumb\":{\"@id\":\"https:\\\/\\\/www.cesde.com.br\\\/curso\\\/formacao-em-act-ou-terapia-da-aceitacao-e-compromisso-em-sao-paulo\\\/#breadcrumblist\"},\"author\":{\"@id\":\"https:\\\/\\\/www.cesde.com.br\\\/curso\\\/author\\\/admar-cardoso\\\/#author\"},\"creator\":{\"@id\":\"https:\\\/\\\/www.cesde.com.br\\\/curso\\\/author\\\/admar-cardoso\\\/#author\"},\"datePublished\":\"2013-07-16T17:35:42+00:00\",\"dateModified\":\"2014-07-16T14:53:44+00:00\"},{\"@type\":\"WebSite\",\"@id\":\"https:\\\/\\\/www.cesde.com.br\\\/curso\\\/#website\",\"url\":\"https:\\\/\\\/www.cesde.com.br\\\/curso\\\/\",\"name\":\"CESDE - Centro de Estudos e Desenvolvimento Educacional\",\"description\":\"Cursos em Psicologia, Sa\\u00fade Mental, Educa\\u00e7\\u00e3o e Tecnologia.\",\"inLanguage\":\"pt-BR\",\"publisher\":{\"@id\":\"https:\\\/\\\/www.cesde.com.br\\\/curso\\\/#organization\"}}]}\n\t\t<\/script>\n\t\t<!-- All in One SEO -->\n\n","aioseo_head_json":{"title":"Forma\u00e7\u00e3o em ACT Terapia da Aceita\u00e7\u00e3o e Compromisso em S\u00e3o Paulo | CESDE - Centro de Estudos e Desenvolvimento Educacional","description":"Curso de Forma\u00e7\u00e3o em ACT ou Terapia da Aceita\u00e7\u00e3o e Compromisso em S\u00e3o Paulo\/SP. Curso destinado a quem quer se aperfei\u00e7oar Terapia Comportamental.","canonical_url":"https:\/\/www.cesde.com.br\/curso\/formacao-em-act-ou-terapia-da-aceitacao-e-compromisso-em-sao-paulo\/","robots":"max-image-preview:large","keywords":"","webmasterTools":{"miscellaneous":""},"schema":{"@context":"https:\/\/schema.org","@graph":[{"@type":"Article","@id":"https:\/\/www.cesde.com.br\/curso\/formacao-em-act-ou-terapia-da-aceitacao-e-compromisso-em-sao-paulo\/#article","name":"Forma\u00e7\u00e3o em ACT Terapia da Aceita\u00e7\u00e3o e Compromisso em S\u00e3o Paulo | CESDE - Centro de Estudos e Desenvolvimento Educacional","headline":"Forma\u00e7\u00e3o em ACT ou Terapia da Aceita\u00e7\u00e3o e Compromisso em S\u00e3o Paulo","author":{"@id":"https:\/\/www.cesde.com.br\/curso\/author\/admar-cardoso\/#author"},"publisher":{"@id":"https:\/\/www.cesde.com.br\/curso\/#organization"},"image":{"@type":"ImageObject","url":"https:\/\/www.cesde.com.br\/curso\/wp-content\/uploads\/2012\/11\/Capa_MichaeleSaban.jpg","@id":"https:\/\/www.cesde.com.br\/curso\/formacao-em-act-ou-terapia-da-aceitacao-e-compromisso-em-sao-paulo\/#articleImage","width":150,"height":230},"datePublished":"2013-07-16T17:35:42+00:00","dateModified":"2014-07-16T14:53:44+00:00","inLanguage":"pt-BR","mainEntityOfPage":{"@id":"https:\/\/www.cesde.com.br\/curso\/formacao-em-act-ou-terapia-da-aceitacao-e-compromisso-em-sao-paulo\/#webpage"},"isPartOf":{"@id":"https:\/\/www.cesde.com.br\/curso\/formacao-em-act-ou-terapia-da-aceitacao-e-compromisso-em-sao-paulo\/#webpage"},"articleSection":"Sem categoria, Aceita\u00e7\u00e3o e Compromisso, aperfei\u00e7oamento, comportamental, curso, forma\u00e7\u00e3o, psicoterapia, s\u00e3o paulo, sp, terapia"},{"@type":"BreadcrumbList","@id":"https:\/\/www.cesde.com.br\/curso\/formacao-em-act-ou-terapia-da-aceitacao-e-compromisso-em-sao-paulo\/#breadcrumblist","itemListElement":[{"@type":"ListItem","@id":"https:\/\/www.cesde.com.br\/curso#listItem","position":1,"name":"In\u00edcio","item":"https:\/\/www.cesde.com.br\/curso","nextItem":{"@type":"ListItem","@id":"https:\/\/www.cesde.com.br\/curso\/category\/sem-categoria\/#listItem","name":"Sem categoria"}},{"@type":"ListItem","@id":"https:\/\/www.cesde.com.br\/curso\/category\/sem-categoria\/#listItem","position":2,"name":"Sem categoria","item":"https:\/\/www.cesde.com.br\/curso\/category\/sem-categoria\/","nextItem":{"@type":"ListItem","@id":"https:\/\/www.cesde.com.br\/curso\/formacao-em-act-ou-terapia-da-aceitacao-e-compromisso-em-sao-paulo\/#listItem","name":"Forma\u00e7\u00e3o em ACT ou Terapia da Aceita\u00e7\u00e3o e Compromisso em S\u00e3o Paulo"},"previousItem":{"@type":"ListItem","@id":"https:\/\/www.cesde.com.br\/curso#listItem","name":"In\u00edcio"}},{"@type":"ListItem","@id":"https:\/\/www.cesde.com.br\/curso\/formacao-em-act-ou-terapia-da-aceitacao-e-compromisso-em-sao-paulo\/#listItem","position":3,"name":"Forma\u00e7\u00e3o em ACT ou Terapia da Aceita\u00e7\u00e3o e Compromisso em S\u00e3o Paulo","previousItem":{"@type":"ListItem","@id":"https:\/\/www.cesde.com.br\/curso\/category\/sem-categoria\/#listItem","name":"Sem categoria"}}]},{"@type":"Organization","@id":"https:\/\/www.cesde.com.br\/curso\/#organization","name":"CESDE - Centro de Estudos e Desenvolvimento Educacional","description":"Cursos em Psicologia, Sa\u00fade Mental, Educa\u00e7\u00e3o e Tecnologia.","url":"https:\/\/www.cesde.com.br\/curso\/"},{"@type":"Person","@id":"https:\/\/www.cesde.com.br\/curso\/author\/admar-cardoso\/#author","url":"https:\/\/www.cesde.com.br\/curso\/author\/admar-cardoso\/","name":"Admar Cardoso"},{"@type":"WebPage","@id":"https:\/\/www.cesde.com.br\/curso\/formacao-em-act-ou-terapia-da-aceitacao-e-compromisso-em-sao-paulo\/#webpage","url":"https:\/\/www.cesde.com.br\/curso\/formacao-em-act-ou-terapia-da-aceitacao-e-compromisso-em-sao-paulo\/","name":"Forma\u00e7\u00e3o em ACT Terapia da Aceita\u00e7\u00e3o e Compromisso em S\u00e3o Paulo | CESDE - Centro de Estudos e Desenvolvimento Educacional","description":"Curso de Forma\u00e7\u00e3o em ACT ou Terapia da Aceita\u00e7\u00e3o e Compromisso em S\u00e3o Paulo\/SP. Curso destinado a quem quer se aperfei\u00e7oar Terapia Comportamental.","inLanguage":"pt-BR","isPartOf":{"@id":"https:\/\/www.cesde.com.br\/curso\/#website"},"breadcrumb":{"@id":"https:\/\/www.cesde.com.br\/curso\/formacao-em-act-ou-terapia-da-aceitacao-e-compromisso-em-sao-paulo\/#breadcrumblist"},"author":{"@id":"https:\/\/www.cesde.com.br\/curso\/author\/admar-cardoso\/#author"},"creator":{"@id":"https:\/\/www.cesde.com.br\/curso\/author\/admar-cardoso\/#author"},"datePublished":"2013-07-16T17:35:42+00:00","dateModified":"2014-07-16T14:53:44+00:00"},{"@type":"WebSite","@id":"https:\/\/www.cesde.com.br\/curso\/#website","url":"https:\/\/www.cesde.com.br\/curso\/","name":"CESDE - Centro de Estudos e Desenvolvimento Educacional","description":"Cursos em Psicologia, Sa\u00fade Mental, Educa\u00e7\u00e3o e Tecnologia.","inLanguage":"pt-BR","publisher":{"@id":"https:\/\/www.cesde.com.br\/curso\/#organization"}}]},"og:locale":"pt_BR","og:site_name":"CESDE - Centro de Estudos e Desenvolvimento Educacional | Cursos em Psicologia, Sa\u00fade Mental, Educa\u00e7\u00e3o e Tecnologia.","og:type":"article","og:title":"Forma\u00e7\u00e3o em ACT Terapia da Aceita\u00e7\u00e3o e Compromisso em S\u00e3o Paulo | CESDE - Centro de Estudos e Desenvolvimento Educacional","og:description":"Curso de Forma\u00e7\u00e3o em ACT ou Terapia da Aceita\u00e7\u00e3o e Compromisso em S\u00e3o Paulo\/SP. Curso destinado a quem quer se aperfei\u00e7oar Terapia Comportamental.","og:url":"https:\/\/www.cesde.com.br\/curso\/formacao-em-act-ou-terapia-da-aceitacao-e-compromisso-em-sao-paulo\/","article:published_time":"2013-07-16T17:35:42+00:00","article:modified_time":"2014-07-16T14:53:44+00:00","twitter:card":"summary","twitter:title":"Forma\u00e7\u00e3o em ACT Terapia da Aceita\u00e7\u00e3o e Compromisso em S\u00e3o Paulo | CESDE - Centro de Estudos e Desenvolvimento Educacional","twitter:description":"Curso de Forma\u00e7\u00e3o em ACT ou Terapia da Aceita\u00e7\u00e3o e Compromisso em S\u00e3o Paulo\/SP. Curso destinado a quem quer se aperfei\u00e7oar Terapia Comportamental."},"aioseo_meta_data":{"post_id":"864","title":"Forma\u00e7\u00e3o em ACT Terapia da Aceita\u00e7\u00e3o e Compromisso em S\u00e3o Paulo | #site_title","description":"Curso de Forma\u00e7\u00e3o em ACT ou Terapia da Aceita\u00e7\u00e3o e Compromisso em S\u00e3o Paulo\/SP. Curso destinado a quem quer se aperfei\u00e7oar Terapia Comportamental.","keywords":[{"label":"curso","value":"curso"},{"label":"terapia","value":"terapia"},{"label":"aceita\u00e7\u00e3o e compromi\u00e7o","value":"aceita\u00e7\u00e3o e compromi\u00e7o"},{"label":"comportamental","value":"comportamental"},{"label":"terceira onda","value":"terceira onda"},{"label":"S\u00e3o Paulo","value":"S\u00e3o Paulo"},{"label":"SP","value":"SP"},{"label":"aperfei\u00e7oamento","value":"aperfei\u00e7oamento"},{"label":"terapeuta","value":"terapeuta"},{"label":"comportamental","value":"comportamental"},{"label":"psicologia","value":"psicologia"}],"keyphrases":null,"primary_term":null,"canonical_url":null,"og_title":null,"og_description":null,"og_object_type":"default","og_image_type":"default","og_image_url":null,"og_image_width":null,"og_image_height":null,"og_image_custom_url":null,"og_image_custom_fields":null,"og_video":null,"og_custom_url":null,"og_article_section":null,"og_article_tags":null,"twitter_use_og":false,"twitter_card":"default","twitter_image_type":"default","twitter_image_url":null,"twitter_image_custom_url":null,"twitter_image_custom_fields":null,"twitter_title":null,"twitter_description":null,"schema":{"blockGraphs":[],"customGraphs":[],"default":{"data":{"Article":[],"Course":[],"Dataset":[],"FAQPage":[],"Movie":[],"Person":[],"Product":[],"ProductReview":[],"Car":[],"Recipe":[],"Service":[],"SoftwareApplication":[],"WebPage":[]},"graphName":"Article","isEnabled":true},"graphs":[]},"schema_type":null,"schema_type_options":null,"pillar_content":false,"robots_default":true,"robots_noindex":false,"robots_noarchive":false,"robots_nosnippet":false,"robots_nofollow":false,"robots_noimageindex":false,"robots_noodp":false,"robots_notranslate":false,"robots_max_snippet":null,"robots_max_videopreview":null,"robots_max_imagepreview":"large","priority":null,"frequency":null,"local_seo":null,"breadcrumb_settings":null,"limit_modified_date":false,"ai":null,"created":"2021-05-28 15:05:06","updated":"2023-06-14 20:21:53","focus_keyword":null,"additional_keywords":null,"truseo_locale":null,"seo_analyzer_scan_date":null},"aioseo_breadcrumb":"<div class=\"aioseo-breadcrumbs\"><span class=\"aioseo-breadcrumb\">\n\t\t\t<a href=\"https:\/\/www.cesde.com.br\/curso\" title=\"In\u00edcio\">In\u00edcio<\/a>\n\t\t<\/span><span class=\"aioseo-breadcrumb-separator\">&raquo;<\/span><span class=\"aioseo-breadcrumb\">\n\t\t\t<a href=\"https:\/\/www.cesde.com.br\/curso\/category\/sem-categoria\/\" title=\"Sem categoria\">Sem categoria<\/a>\n\t\t<\/span><span class=\"aioseo-breadcrumb-separator\">&raquo;<\/span><span class=\"aioseo-breadcrumb\">\n\t\t\tForma\u00e7\u00e3o em ACT ou Terapia da Aceita\u00e7\u00e3o e Compromisso em S\u00e3o Paulo\n\t\t<\/span><\/div>","aioseo_breadcrumb_json":[{"label":"In\u00edcio","link":"https:\/\/www.cesde.com.br\/curso"},{"label":"Sem categoria","link":"https:\/\/www.cesde.com.br\/curso\/category\/sem-categoria\/"},{"label":"Forma\u00e7\u00e3o em ACT ou Terapia da Aceita\u00e7\u00e3o e Compromisso em S\u00e3o Paulo","link":"https:\/\/www.cesde.com.br\/curso\/formacao-em-act-ou-terapia-da-aceitacao-e-compromisso-em-sao-paulo\/"}],"_links":{"self":[{"href":"https:\/\/www.cesde.com.br\/curso\/wp-json\/wp\/v2\/posts\/864","targetHints":{"allow":["GET"]}}],"collection":[{"href":"https:\/\/www.cesde.com.br\/curso\/wp-json\/wp\/v2\/posts"}],"about":[{"href":"https:\/\/www.cesde.com.br\/curso\/wp-json\/wp\/v2\/types\/post"}],"author":[{"embeddable":true,"href":"https:\/\/www.cesde.com.br\/curso\/wp-json\/wp\/v2\/users\/3"}],"replies":[{"embeddable":true,"href":"https:\/\/www.cesde.com.br\/curso\/wp-json\/wp\/v2\/comments?post=864"}],"version-history":[{"count":21,"href":"https:\/\/www.cesde.com.br\/curso\/wp-json\/wp\/v2\/posts\/864\/revisions"}],"predecessor-version":[{"id":866,"href":"https:\/\/www.cesde.com.br\/curso\/wp-json\/wp\/v2\/posts\/864\/revisions\/866"}],"wp:attachment":[{"href":"https:\/\/www.cesde.com.br\/curso\/wp-json\/wp\/v2\/media?parent=864"}],"wp:term":[{"taxonomy":"category","embeddable":true,"href":"https:\/\/www.cesde.com.br\/curso\/wp-json\/wp\/v2\/categories?post=864"},{"taxonomy":"post_tag","embeddable":true,"href":"https:\/\/www.cesde.com.br\/curso\/wp-json\/wp\/v2\/tags?post=864"}],"curies":[{"name":"wp","href":"https:\/\/api.w.org\/{rel}","templated":true}]}}