{"id":56,"date":"2012-05-07T13:32:40","date_gmt":"2012-05-07T13:32:40","guid":{"rendered":"http:\/\/www.cesde.com.br\/curso\/?p=56"},"modified":"2013-10-28T14:07:54","modified_gmt":"2013-10-28T14:07:54","slug":"formacao-em-terapia-cognitivo-comportamental-em-belo-horizonte","status":"publish","type":"post","link":"https:\/\/www.cesde.com.br\/curso\/formacao-em-terapia-cognitivo-comportamental-em-belo-horizonte\/","title":{"rendered":"Curso de Terapia Cognitivo-comportamental em BH"},"content":{"rendered":"<p>Gostar\u00edamos de comunicar \u00e0 toda comunidade de sa\u00fade mental em Minas Gerais que reformulamos nosso curso de Forma\u00e7\u00e3o em Terapia Cognitivo-comportamental. Trabalharemos em m\u00f3dulos formadores. O Curso possui um M\u00f3dulo B\u00e1sico focado nas compet\u00eancias do Terapeuta Cognitivo-comportamental. Nele os alunos conhecer\u00e3o os 2 modelos adotados pelo curso: os modelos de Aaron Beck e o de Albert Ellis. Ver\u00e3o ainda como tratar Depress\u00e3o, P\u00e2nico, Fobias Espec\u00edficas e TOC e Ansiedade Generalizada.<\/p>\n<p>Ao longo do ano outros cursos mais curtos e espec\u00edficos ser\u00e3o promovidos e o aluno far\u00e1 de acordo com o seu interesse pessoal e profissional. A t\u00edtulo de exemplo estamos trabalhando para a promo\u00e7\u00e3o dos seguintes cursos:<\/p>\n<ul>\n<li><a title=\"Curso de Terapia Cognitivo-comportamental da Depend\u00eancia Qu\u00edmica\" href=\"http:\/\/www.cesde.com.br\/curso\/cursos\/curso-de-avaliacao-e-tratamento-cognitivo-comportamental-da-dependencia-quimica-intensivo-de-ferias\/\">Terapia Cognitivo-comportamental da Depend\u00eancia Qu\u00edmica<\/a>;<\/li>\n<li><a title=\"Curso de Terapia Cognitivo-comportamental das Disfun\u00e7\u00f5es Sexuais\" href=\"http:\/\/www.cesde.com.br\/curso\/cursos\/terapia-cognitivo-comportamental-das-disfuncoes-sexuais\/\">Terapia Cognitivo-comportamental das Disfun\u00e7\u00f5es Sexuais<\/a>;<\/li>\n<li>Terapia Cognitiva dos Transtornos de Personalidade;<\/li>\n<li><a title=\"Curso Terapia Cognitiva do Esquema\" href=\"http:\/\/www.cesde.com.br\/curso\/cursos\/curso-de-terapia-focada-no-esquema-em-bh\/\">Terapia do Esquema<\/a>;<\/li>\n<li>Terapia Cognitiva da Crian\u00e7a;<\/li>\n<li>Terapia Cognitiva do Adolescente;<\/li>\n<li><a title=\"Curso de Mindfulness\" href=\"http:\/\/www.cesde.com.br\/curso\/cursos\/curso-de-formacao-em-mindfulness-em-belo-horizonte\/\">Mindfulness<\/a>;<\/li>\n<li><a title=\"Curso de Forma\u00e7\u00e3o em ACT - Terapia da Aceita\u00e7\u00e3o e Compromisso\" href=\"http:\/\/www.cesde.com.br\/curso\/cursos\/formacao-em-terapia-da-aceitacao-e-compromisso\/\">ACT &#8211; Terapia da Aceita\u00e7\u00e3o e Compromisso<\/a>.<\/li>\n<\/ul>\n<p>Para maiores esclarecimentos e inscri\u00e7\u00f5es clique em <a title=\"Forma\u00e7\u00e3o em Terapia Cognitivo-comportamental em Belo Horizonte\" href=\"http:\/\/www.cesde.com.br\/curso\/cursos\/saude-mental\/formacao-em-terapia-cognitiva\/\">Forma\u00e7\u00e3o em Terapia Cognitivo-comportamental em Belo Horizonte<\/a>.<\/p>\n<p>Venha ser nosso(a) Aluno(a)!<\/p>\n<p>&nbsp;<\/p>\n<p>&nbsp;<\/p>\n","protected":false},"excerpt":{"rendered":"<p>Gostar\u00edamos de comunicar \u00e0 toda comunidade de sa\u00fade mental em Minas Gerais que reformulamos nosso curso de Forma\u00e7\u00e3o em Terapia Cognitivo-comportamental. Trabalharemos em m\u00f3dulos formadores. O Curso possui um M\u00f3dulo B\u00e1sico focado nas compet\u00eancias do Terapeuta Cognitivo-comportamental. Nele os alunos conhecer\u00e3o os 2 modelos adotados pelo curso: os modelos de Aaron Beck e o de [&hellip;]<\/p>\n","protected":false},"author":1,"featured_media":0,"comment_status":"closed","ping_status":"closed","sticky":false,"template":"","format":"standard","meta":{"footnotes":""},"categories":[5],"tags":[16,28,27,21,22,23,24,15],"class_list":["post-56","post","type-post","status-publish","format-standard","hentry","category-noticias","tag-cognitiva","tag-cognitivo","tag-comportamental","tag-curso","tag-formacao","tag-psicologia","tag-psiquiatria","tag-terapia"],"aioseo_notices":[],"aioseo_head":"\n\t\t<!-- All in One SEO 5.0.0.1 - aioseo.com -->\n\t<meta name=\"description\" content=\"Curso de Terapia Cognitivo-comportamental em Belo Horizonte ministrado pela equipe do AMBAN. Este curso \u00e9 destinado a psic\u00f3logos e m\u00e9dicos. Terapia Cognitiva Comportamental\" \/>\n\t<meta name=\"robots\" content=\"max-image-preview:large\" \/>\n\t<meta name=\"author\" content=\"todopoderoso\"\/>\n\t<link rel=\"canonical\" href=\"https:\/\/www.cesde.com.br\/curso\/formacao-em-terapia-cognitivo-comportamental-em-belo-horizonte\/\" \/>\n\t<meta name=\"generator\" content=\"All in One SEO (AIOSEO) 5.0.0.1\" \/>\n\t\t<meta property=\"og:locale\" content=\"pt_BR\" \/>\n\t\t<meta property=\"og:site_name\" content=\"CESDE - Centro de Estudos e Desenvolvimento Educacional | Cursos em Psicologia, Sa\u00fade Mental, Educa\u00e7\u00e3o e Tecnologia.\" \/>\n\t\t<meta property=\"og:type\" content=\"article\" \/>\n\t\t<meta property=\"og:title\" content=\"Curso de Forma\u00e7\u00e3o em Terapia Cognitivo-comportamental em BH | CESDE - Centro de Estudos e Desenvolvimento Educacional\" \/>\n\t\t<meta property=\"og:description\" content=\"Curso de Terapia Cognitivo-comportamental em Belo Horizonte ministrado pela equipe do AMBAN. Este curso \u00e9 destinado a psic\u00f3logos e m\u00e9dicos. Terapia Cognitiva Comportamental\" \/>\n\t\t<meta property=\"og:url\" content=\"https:\/\/www.cesde.com.br\/curso\/formacao-em-terapia-cognitivo-comportamental-em-belo-horizonte\/\" \/>\n\t\t<meta property=\"article:published_time\" content=\"2012-05-07T13:32:40+00:00\" \/>\n\t\t<meta property=\"article:modified_time\" content=\"2013-10-28T14:07:54+00:00\" \/>\n\t\t<meta name=\"twitter:card\" content=\"summary\" \/>\n\t\t<meta name=\"twitter:title\" content=\"Curso de Forma\u00e7\u00e3o em Terapia Cognitivo-comportamental em BH | CESDE - Centro de Estudos e Desenvolvimento Educacional\" \/>\n\t\t<meta name=\"twitter:description\" content=\"Curso de Terapia Cognitivo-comportamental em Belo Horizonte ministrado pela equipe do AMBAN. Este curso \u00e9 destinado a psic\u00f3logos e m\u00e9dicos. Terapia Cognitiva Comportamental\" \/>\n\t\t<script type=\"application\/ld+json\" class=\"aioseo-schema\">\n\t\t\t{\"@context\":\"https:\\\/\\\/schema.org\",\"@graph\":[{\"@type\":\"Article\",\"@id\":\"https:\\\/\\\/www.cesde.com.br\\\/curso\\\/formacao-em-terapia-cognitivo-comportamental-em-belo-horizonte\\\/#article\",\"name\":\"Curso de Forma\\u00e7\\u00e3o em Terapia Cognitivo-comportamental em BH | CESDE - Centro de Estudos e Desenvolvimento Educacional\",\"headline\":\"Curso de Terapia Cognitivo-comportamental em BH\",\"author\":{\"@id\":\"https:\\\/\\\/www.cesde.com.br\\\/curso\\\/author\\\/todopoderoso\\\/#author\"},\"publisher\":{\"@id\":\"https:\\\/\\\/www.cesde.com.br\\\/curso\\\/#organization\"},\"datePublished\":\"2012-05-07T13:32:40+00:00\",\"dateModified\":\"2013-10-28T14:07:54+00:00\",\"inLanguage\":\"pt-BR\",\"mainEntityOfPage\":{\"@id\":\"https:\\\/\\\/www.cesde.com.br\\\/curso\\\/formacao-em-terapia-cognitivo-comportamental-em-belo-horizonte\\\/#webpage\"},\"isPartOf\":{\"@id\":\"https:\\\/\\\/www.cesde.com.br\\\/curso\\\/formacao-em-terapia-cognitivo-comportamental-em-belo-horizonte\\\/#webpage\"},\"articleSection\":\"Blog, cognitiva, cognitivo, comportamental, curso, forma\\u00e7\\u00e3o, psicologia, psiquiatria, terapia\"},{\"@type\":\"BreadcrumbList\",\"@id\":\"https:\\\/\\\/www.cesde.com.br\\\/curso\\\/formacao-em-terapia-cognitivo-comportamental-em-belo-horizonte\\\/#breadcrumblist\",\"itemListElement\":[{\"@type\":\"ListItem\",\"@id\":\"https:\\\/\\\/www.cesde.com.br\\\/curso#listItem\",\"position\":1,\"name\":\"In\\u00edcio\",\"item\":\"https:\\\/\\\/www.cesde.com.br\\\/curso\",\"nextItem\":{\"@type\":\"ListItem\",\"@id\":\"https:\\\/\\\/www.cesde.com.br\\\/curso\\\/category\\\/noticias\\\/#listItem\",\"name\":\"Blog\"}},{\"@type\":\"ListItem\",\"@id\":\"https:\\\/\\\/www.cesde.com.br\\\/curso\\\/category\\\/noticias\\\/#listItem\",\"position\":2,\"name\":\"Blog\",\"item\":\"https:\\\/\\\/www.cesde.com.br\\\/curso\\\/category\\\/noticias\\\/\",\"nextItem\":{\"@type\":\"ListItem\",\"@id\":\"https:\\\/\\\/www.cesde.com.br\\\/curso\\\/formacao-em-terapia-cognitivo-comportamental-em-belo-horizonte\\\/#listItem\",\"name\":\"Curso de Terapia Cognitivo-comportamental em BH\"},\"previousItem\":{\"@type\":\"ListItem\",\"@id\":\"https:\\\/\\\/www.cesde.com.br\\\/curso#listItem\",\"name\":\"In\\u00edcio\"}},{\"@type\":\"ListItem\",\"@id\":\"https:\\\/\\\/www.cesde.com.br\\\/curso\\\/formacao-em-terapia-cognitivo-comportamental-em-belo-horizonte\\\/#listItem\",\"position\":3,\"name\":\"Curso de Terapia Cognitivo-comportamental em BH\",\"previousItem\":{\"@type\":\"ListItem\",\"@id\":\"https:\\\/\\\/www.cesde.com.br\\\/curso\\\/category\\\/noticias\\\/#listItem\",\"name\":\"Blog\"}}]},{\"@type\":\"Organization\",\"@id\":\"https:\\\/\\\/www.cesde.com.br\\\/curso\\\/#organization\",\"name\":\"CESDE - Centro de Estudos e Desenvolvimento Educacional\",\"description\":\"Cursos em Psicologia, Sa\\u00fade Mental, Educa\\u00e7\\u00e3o e Tecnologia.\",\"url\":\"https:\\\/\\\/www.cesde.com.br\\\/curso\\\/\"},{\"@type\":\"Person\",\"@id\":\"https:\\\/\\\/www.cesde.com.br\\\/curso\\\/author\\\/todopoderoso\\\/#author\",\"url\":\"https:\\\/\\\/www.cesde.com.br\\\/curso\\\/author\\\/todopoderoso\\\/\",\"name\":\"todopoderoso\"},{\"@type\":\"WebPage\",\"@id\":\"https:\\\/\\\/www.cesde.com.br\\\/curso\\\/formacao-em-terapia-cognitivo-comportamental-em-belo-horizonte\\\/#webpage\",\"url\":\"https:\\\/\\\/www.cesde.com.br\\\/curso\\\/formacao-em-terapia-cognitivo-comportamental-em-belo-horizonte\\\/\",\"name\":\"Curso de Forma\\u00e7\\u00e3o em Terapia Cognitivo-comportamental em BH | CESDE - Centro de Estudos e Desenvolvimento Educacional\",\"description\":\"Curso de Terapia Cognitivo-comportamental em Belo Horizonte ministrado pela equipe do AMBAN. Este curso \\u00e9 destinado a psic\\u00f3logos e m\\u00e9dicos. Terapia Cognitiva Comportamental\",\"inLanguage\":\"pt-BR\",\"isPartOf\":{\"@id\":\"https:\\\/\\\/www.cesde.com.br\\\/curso\\\/#website\"},\"breadcrumb\":{\"@id\":\"https:\\\/\\\/www.cesde.com.br\\\/curso\\\/formacao-em-terapia-cognitivo-comportamental-em-belo-horizonte\\\/#breadcrumblist\"},\"author\":{\"@id\":\"https:\\\/\\\/www.cesde.com.br\\\/curso\\\/author\\\/todopoderoso\\\/#author\"},\"creator\":{\"@id\":\"https:\\\/\\\/www.cesde.com.br\\\/curso\\\/author\\\/todopoderoso\\\/#author\"},\"datePublished\":\"2012-05-07T13:32:40+00:00\",\"dateModified\":\"2013-10-28T14:07:54+00:00\"},{\"@type\":\"WebSite\",\"@id\":\"https:\\\/\\\/www.cesde.com.br\\\/curso\\\/#website\",\"url\":\"https:\\\/\\\/www.cesde.com.br\\\/curso\\\/\",\"name\":\"CESDE - Centro de Estudos e Desenvolvimento Educacional\",\"description\":\"Cursos em Psicologia, Sa\\u00fade Mental, Educa\\u00e7\\u00e3o e Tecnologia.\",\"inLanguage\":\"pt-BR\",\"publisher\":{\"@id\":\"https:\\\/\\\/www.cesde.com.br\\\/curso\\\/#organization\"}}]}\n\t\t<\/script>\n\t\t<!-- All in One SEO -->\n\n","aioseo_head_json":{"title":"Curso de Forma\u00e7\u00e3o em Terapia Cognitivo-comportamental em BH | CESDE - Centro de Estudos e Desenvolvimento Educacional","description":"Curso de Terapia Cognitivo-comportamental em Belo Horizonte ministrado pela equipe do AMBAN. Este curso \u00e9 destinado a psic\u00f3logos e m\u00e9dicos. Terapia Cognitiva Comportamental","canonical_url":"https:\/\/www.cesde.com.br\/curso\/formacao-em-terapia-cognitivo-comportamental-em-belo-horizonte\/","robots":"max-image-preview:large","keywords":"","webmasterTools":{"miscellaneous":""},"schema":{"@context":"https:\/\/schema.org","@graph":[{"@type":"Article","@id":"https:\/\/www.cesde.com.br\/curso\/formacao-em-terapia-cognitivo-comportamental-em-belo-horizonte\/#article","name":"Curso de Forma\u00e7\u00e3o em Terapia Cognitivo-comportamental em BH | CESDE - Centro de Estudos e Desenvolvimento Educacional","headline":"Curso de Terapia Cognitivo-comportamental em BH","author":{"@id":"https:\/\/www.cesde.com.br\/curso\/author\/todopoderoso\/#author"},"publisher":{"@id":"https:\/\/www.cesde.com.br\/curso\/#organization"},"datePublished":"2012-05-07T13:32:40+00:00","dateModified":"2013-10-28T14:07:54+00:00","inLanguage":"pt-BR","mainEntityOfPage":{"@id":"https:\/\/www.cesde.com.br\/curso\/formacao-em-terapia-cognitivo-comportamental-em-belo-horizonte\/#webpage"},"isPartOf":{"@id":"https:\/\/www.cesde.com.br\/curso\/formacao-em-terapia-cognitivo-comportamental-em-belo-horizonte\/#webpage"},"articleSection":"Blog, cognitiva, cognitivo, comportamental, curso, forma\u00e7\u00e3o, psicologia, psiquiatria, terapia"},{"@type":"BreadcrumbList","@id":"https:\/\/www.cesde.com.br\/curso\/formacao-em-terapia-cognitivo-comportamental-em-belo-horizonte\/#breadcrumblist","itemListElement":[{"@type":"ListItem","@id":"https:\/\/www.cesde.com.br\/curso#listItem","position":1,"name":"In\u00edcio","item":"https:\/\/www.cesde.com.br\/curso","nextItem":{"@type":"ListItem","@id":"https:\/\/www.cesde.com.br\/curso\/category\/noticias\/#listItem","name":"Blog"}},{"@type":"ListItem","@id":"https:\/\/www.cesde.com.br\/curso\/category\/noticias\/#listItem","position":2,"name":"Blog","item":"https:\/\/www.cesde.com.br\/curso\/category\/noticias\/","nextItem":{"@type":"ListItem","@id":"https:\/\/www.cesde.com.br\/curso\/formacao-em-terapia-cognitivo-comportamental-em-belo-horizonte\/#listItem","name":"Curso de Terapia Cognitivo-comportamental em BH"},"previousItem":{"@type":"ListItem","@id":"https:\/\/www.cesde.com.br\/curso#listItem","name":"In\u00edcio"}},{"@type":"ListItem","@id":"https:\/\/www.cesde.com.br\/curso\/formacao-em-terapia-cognitivo-comportamental-em-belo-horizonte\/#listItem","position":3,"name":"Curso de Terapia Cognitivo-comportamental em BH","previousItem":{"@type":"ListItem","@id":"https:\/\/www.cesde.com.br\/curso\/category\/noticias\/#listItem","name":"Blog"}}]},{"@type":"Organization","@id":"https:\/\/www.cesde.com.br\/curso\/#organization","name":"CESDE - Centro de Estudos e Desenvolvimento Educacional","description":"Cursos em Psicologia, Sa\u00fade Mental, Educa\u00e7\u00e3o e Tecnologia.","url":"https:\/\/www.cesde.com.br\/curso\/"},{"@type":"Person","@id":"https:\/\/www.cesde.com.br\/curso\/author\/todopoderoso\/#author","url":"https:\/\/www.cesde.com.br\/curso\/author\/todopoderoso\/","name":"todopoderoso"},{"@type":"WebPage","@id":"https:\/\/www.cesde.com.br\/curso\/formacao-em-terapia-cognitivo-comportamental-em-belo-horizonte\/#webpage","url":"https:\/\/www.cesde.com.br\/curso\/formacao-em-terapia-cognitivo-comportamental-em-belo-horizonte\/","name":"Curso de Forma\u00e7\u00e3o em Terapia Cognitivo-comportamental em BH | CESDE - Centro de Estudos e Desenvolvimento Educacional","description":"Curso de Terapia Cognitivo-comportamental em Belo Horizonte ministrado pela equipe do AMBAN. Este curso \u00e9 destinado a psic\u00f3logos e m\u00e9dicos. Terapia Cognitiva Comportamental","inLanguage":"pt-BR","isPartOf":{"@id":"https:\/\/www.cesde.com.br\/curso\/#website"},"breadcrumb":{"@id":"https:\/\/www.cesde.com.br\/curso\/formacao-em-terapia-cognitivo-comportamental-em-belo-horizonte\/#breadcrumblist"},"author":{"@id":"https:\/\/www.cesde.com.br\/curso\/author\/todopoderoso\/#author"},"creator":{"@id":"https:\/\/www.cesde.com.br\/curso\/author\/todopoderoso\/#author"},"datePublished":"2012-05-07T13:32:40+00:00","dateModified":"2013-10-28T14:07:54+00:00"},{"@type":"WebSite","@id":"https:\/\/www.cesde.com.br\/curso\/#website","url":"https:\/\/www.cesde.com.br\/curso\/","name":"CESDE - Centro de Estudos e Desenvolvimento Educacional","description":"Cursos em Psicologia, Sa\u00fade Mental, Educa\u00e7\u00e3o e Tecnologia.","inLanguage":"pt-BR","publisher":{"@id":"https:\/\/www.cesde.com.br\/curso\/#organization"}}]},"og:locale":"pt_BR","og:site_name":"CESDE - Centro de Estudos e Desenvolvimento Educacional | Cursos em Psicologia, Sa\u00fade Mental, Educa\u00e7\u00e3o e Tecnologia.","og:type":"article","og:title":"Curso de Forma\u00e7\u00e3o em Terapia Cognitivo-comportamental em BH | CESDE - Centro de Estudos e Desenvolvimento Educacional","og:description":"Curso de Terapia Cognitivo-comportamental em Belo Horizonte ministrado pela equipe do AMBAN. Este curso \u00e9 destinado a psic\u00f3logos e m\u00e9dicos. Terapia Cognitiva Comportamental","og:url":"https:\/\/www.cesde.com.br\/curso\/formacao-em-terapia-cognitivo-comportamental-em-belo-horizonte\/","article:published_time":"2012-05-07T13:32:40+00:00","article:modified_time":"2013-10-28T14:07:54+00:00","twitter:card":"summary","twitter:title":"Curso de Forma\u00e7\u00e3o em Terapia Cognitivo-comportamental em BH | CESDE - Centro de Estudos e Desenvolvimento Educacional","twitter:description":"Curso de Terapia Cognitivo-comportamental em Belo Horizonte ministrado pela equipe do AMBAN. Este curso \u00e9 destinado a psic\u00f3logos e m\u00e9dicos. Terapia Cognitiva Comportamental"},"aioseo_meta_data":{"post_id":"56","title":"Curso de Forma\u00e7\u00e3o em Terapia Cognitivo-comportamental em BH | #site_title","description":"Curso de Terapia Cognitivo-comportamental em Belo Horizonte ministrado pela equipe do AMBAN. Este curso \u00e9 destinado a psic\u00f3logos e m\u00e9dicos. Terapia Cognitiva Comportamental","keywords":[{"label":"curso","value":"curso"},{"label":"forma\u00e7\u00e3o","value":"forma\u00e7\u00e3o"},{"label":"aperfei\u00e7oamento","value":"aperfei\u00e7oamento"},{"label":"terapia","value":"terapia"},{"label":"cognitivo-comportamental","value":"cognitivo-comportamental"},{"label":"cognitivo","value":"cognitivo"},{"label":"cognitiva","value":"cognitiva"},{"label":"comportamental","value":"comportamental"}],"keyphrases":null,"primary_term":null,"canonical_url":null,"og_title":null,"og_description":null,"og_object_type":"default","og_image_type":"default","og_image_url":null,"og_image_width":null,"og_image_height":null,"og_image_custom_url":null,"og_image_custom_fields":null,"og_video":null,"og_custom_url":null,"og_article_section":null,"og_article_tags":null,"twitter_use_og":false,"twitter_card":"default","twitter_image_type":"default","twitter_image_url":null,"twitter_image_custom_url":null,"twitter_image_custom_fields":null,"twitter_title":null,"twitter_description":null,"schema":{"blockGraphs":[],"customGraphs":[],"default":{"data":{"Article":[],"Course":[],"Dataset":[],"FAQPage":[],"Movie":[],"Person":[],"Product":[],"ProductReview":[],"Car":[],"Recipe":[],"Service":[],"SoftwareApplication":[],"WebPage":[]},"graphName":"Article","isEnabled":true},"graphs":[]},"schema_type":null,"schema_type_options":null,"pillar_content":false,"robots_default":true,"robots_noindex":false,"robots_noarchive":false,"robots_nosnippet":false,"robots_nofollow":false,"robots_noimageindex":false,"robots_noodp":false,"robots_notranslate":false,"robots_max_snippet":null,"robots_max_videopreview":null,"robots_max_imagepreview":"large","priority":null,"frequency":null,"local_seo":null,"breadcrumb_settings":null,"limit_modified_date":false,"ai":null,"created":"2021-05-28 15:11:05","updated":"2024-02-13 11:49:56","focus_keyword":null,"additional_keywords":null,"truseo_locale":null,"seo_analyzer_scan_date":null},"aioseo_breadcrumb":"<div class=\"aioseo-breadcrumbs\"><span class=\"aioseo-breadcrumb\">\n\t\t\t<a href=\"https:\/\/www.cesde.com.br\/curso\" title=\"In\u00edcio\">In\u00edcio<\/a>\n\t\t<\/span><span class=\"aioseo-breadcrumb-separator\">&raquo;<\/span><span class=\"aioseo-breadcrumb\">\n\t\t\t<a href=\"https:\/\/www.cesde.com.br\/curso\/category\/noticias\/\" title=\"Blog\">Blog<\/a>\n\t\t<\/span><span class=\"aioseo-breadcrumb-separator\">&raquo;<\/span><span class=\"aioseo-breadcrumb\">\n\t\t\tCurso de Terapia Cognitivo-comportamental em BH\n\t\t<\/span><\/div>","aioseo_breadcrumb_json":[{"label":"In\u00edcio","link":"https:\/\/www.cesde.com.br\/curso"},{"label":"Blog","link":"https:\/\/www.cesde.com.br\/curso\/category\/noticias\/"},{"label":"Curso de Terapia Cognitivo-comportamental em BH","link":"https:\/\/www.cesde.com.br\/curso\/formacao-em-terapia-cognitivo-comportamental-em-belo-horizonte\/"}],"_links":{"self":[{"href":"https:\/\/www.cesde.com.br\/curso\/wp-json\/wp\/v2\/posts\/56","targetHints":{"allow":["GET"]}}],"collection":[{"href":"https:\/\/www.cesde.com.br\/curso\/wp-json\/wp\/v2\/posts"}],"about":[{"href":"https:\/\/www.cesde.com.br\/curso\/wp-json\/wp\/v2\/types\/post"}],"author":[{"embeddable":true,"href":"https:\/\/www.cesde.com.br\/curso\/wp-json\/wp\/v2\/users\/1"}],"replies":[{"embeddable":true,"href":"https:\/\/www.cesde.com.br\/curso\/wp-json\/wp\/v2\/comments?post=56"}],"version-history":[{"count":12,"href":"https:\/\/www.cesde.com.br\/curso\/wp-json\/wp\/v2\/posts\/56\/revisions"}],"predecessor-version":[{"id":59,"href":"https:\/\/www.cesde.com.br\/curso\/wp-json\/wp\/v2\/posts\/56\/revisions\/59"}],"wp:attachment":[{"href":"https:\/\/www.cesde.com.br\/curso\/wp-json\/wp\/v2\/media?parent=56"}],"wp:term":[{"taxonomy":"category","embeddable":true,"href":"https:\/\/www.cesde.com.br\/curso\/wp-json\/wp\/v2\/categories?post=56"},{"taxonomy":"post_tag","embeddable":true,"href":"https:\/\/www.cesde.com.br\/curso\/wp-json\/wp\/v2\/tags?post=56"}],"curies":[{"name":"wp","href":"https:\/\/api.w.org\/{rel}","templated":true}]}}