{"id":467,"date":"2012-11-28T17:32:49","date_gmt":"2012-11-28T17:32:49","guid":{"rendered":"http:\/\/www.cesde.com.br\/curso\/?p=467"},"modified":"2014-07-16T15:21:49","modified_gmt":"2014-07-16T15:21:49","slug":"formacao-em-terapia-da-aceitacao-e-compromisso","status":"publish","type":"post","link":"https:\/\/www.cesde.com.br\/curso\/formacao-em-terapia-da-aceitacao-e-compromisso\/","title":{"rendered":"Forma\u00e7\u00e3o em Terapia da Aceita\u00e7\u00e3o e Compromisso em BH"},"content":{"rendered":"<h2 style=\"text-align: center;\">Curso de Forma\u00e7\u00e3o em Terapia da Aceita\u00e7\u00e3o e Compromisso (ACT) em BH<\/h2>\n<p>&nbsp;<\/p>\n<p><strong>INTRODU\u00c7\u00c3O:<\/strong><\/p>\n<p>A ACT \u00e9 uma das maiores representantes da chamada &#8220;terceira onda&#8221; da Terapia Comportamental. O contextualismo funcional se traduz na pr\u00e1tica em exerc\u00edcios e formas de atuar na cl\u00ednica que considera e altera as fun\u00e7\u00f5es dos comportamentos, incluindo pensamentos e sentimentos. Em outras palavras, mant\u00e9m ou altera a forma como nos relacionamos com o que ocorre dentro de n\u00f3s, para que os pensamentos, sentimentos e sensa\u00e7\u00f5es sejam vivenciados de forma verdadeira e direta. Essa vivencia \u00e9 chamada de aceita\u00e7\u00e3o e possibilita que o indiv\u00edduo esteja mais apto a identificar o que lhe \u00e9 realmente importante e mudar ou manter a\u00e7\u00f5es em dire\u00e7\u00e3o aos seus valores.<\/p>\n<p>&nbsp;<\/p>\n<p><strong>OBJETIVO:<\/strong><\/p>\n<p>O Curso de Terapia de Aceita\u00e7\u00e3o e Compromisso (Acceptance and Commitment Therapy &#8211; ACT) tem como objetivo capacitar o profissional quanto \u00e0s t\u00e9cnicas, a teoria e a filosofia presentes nessa proposta terap\u00eautica. A ACT surgiu em 1987 com autoria de Steven C. Hayes e colaboradores na tradi\u00e7\u00e3o de terapias comportamentais. \u00c9 uma abordagem que trabalha a forma como nos relacionamos com o que ocorre dentro de n\u00f3s &#8211; nossos pensamentos, sentimentos e sensa\u00e7\u00f5es, para que eles sejam vivenciados de forma verdadeira e direta. Essa vivencia \u00e9 chamada de aceita\u00e7\u00e3o e possibilita que o indiv\u00edduo esteja mais apto a identificar o que lhe \u00e9 realmente importante e mudar ou manter a\u00e7\u00f5es em dire\u00e7\u00e3o aos seus valores.<\/p>\n<p>O objetivo deste Curso \u00e9 a aprendizagem da ACT por meio de aulas expositivas e viv\u00eancias dos exerc\u00edcios terap\u00eauticos, com a finalidade de treinar as habilidades dos terapeutas e aprofundar a compreens\u00e3o dos processos envolvidos nessa proposta.<\/p>\n<p>Capacitar Psic\u00f3logos e Psiquiatras nos fundamentos te\u00f3ricos da ACT, Terapia da Aceita\u00e7\u00e3o e Compromisso, al\u00e9m proporcionar o conhecimento cl\u00ednico e cient\u00edfico atualizado nas \u00e1reas relacionadas. Ao final do curso os alunos estar\u00e3o aptos a desenvolverem atendimentos cl\u00ednicos de acordo com essa abordagem.<\/p>\n<p>&nbsp;<\/p>\n<p><strong>LOCAL:<\/strong> Av Francisco Sales 329 (Sal\u00e3o de Eventos), Floresta, BH\/MG.<\/p>\n<p>&nbsp;<\/p>\n<p><strong>P\u00daBLICO ALVO: <\/strong>Exclusivamente Psic\u00f3logos e Medicos e acad\u00eamicos dos respectivos cursos de gradua\u00e7\u00e3o (2 \u00faltimos per\u00edodos).<\/p>\n<p>&nbsp;<\/p>\n<p><strong>CARGA HOR\u00c1RIA:<\/strong> 84hs\/aula. As aulas ser\u00e3o em 1 final de semana por m\u00eas (sexta 18 \u00e0s 21hs e s\u00e1bado de 9 \u00e0s 18hs).<\/p>\n<p>&nbsp;<\/p>\n<p><strong>CERTIFICA\u00c7\u00c3O:<\/strong> O Certificado do curso ser\u00e1 de Forma\u00e7\u00e3o em Terapia da Aceita\u00e7\u00e3o e Compromisso.<\/p>\n<p>&nbsp;<\/p>\n<p><strong>PROFESSORA: <\/strong>MICHAELE SABAN ( CRP SP:\u00a093611 ).<\/p>\n<p>&nbsp;<\/p>\n<p><strong>MINI CURR\u00cdCULO:<\/strong><\/p>\n<p>Gradua\u00e7\u00e3o em Psicologia na PUC\/SP;<br \/>\nEspecialista em Psicologia Cl\u00ednica (An\u00e1lise do Comportamento);<br \/>\nP\u00f3s-Gradua\u00e7\u00e3o Lato Sensu de Especializa\u00e7\u00e3o em Psicologia Anal\u00edtico Comportamental;<br \/>\nMestrandanda em Psicologia Experimental pela PUC\/SP.<\/p>\n<p>&nbsp;<\/p>\n<p><strong>PUBLICA\u00c7\u00c3O:<\/strong><\/p>\n<p>\u201cIntrodu\u00e7\u00e3o \u00e0 Terapia de Aceita\u00e7\u00e3o e Compromisso\u201d &#8211; ESETec em 2011, Santo Andr\u00e9.<\/p>\n<p><a href=\"http:\/\/www.cesde.com.br\/curso\/wp-content\/uploads\/2012\/11\/Capa_MichaeleSaban.jpg\"><img loading=\"lazy\" decoding=\"async\" class=\"alignleft size-full wp-image-485\" title=\"Capa_MichaeleSaban\" src=\"http:\/\/www.cesde.com.br\/curso\/wp-content\/uploads\/2012\/11\/Capa_MichaeleSaban.jpg\" alt=\"\" width=\"150\" height=\"230\" srcset=\"https:\/\/www.cesde.com.br\/curso\/wp-content\/uploads\/2012\/11\/Capa_MichaeleSaban.jpg 150w, https:\/\/www.cesde.com.br\/curso\/wp-content\/uploads\/2012\/11\/Capa_MichaeleSaban-130x200.jpg 130w\" sizes=\"auto, (max-width: 150px) 100vw, 150px\" \/><\/a><\/p>\n<p>&nbsp;<\/p>\n<p>&nbsp;<\/p>\n<p>&nbsp;<\/p>\n<p>&nbsp;<\/p>\n<p>&nbsp;<\/p>\n<p>&nbsp;<\/p>\n<p>&nbsp;<\/p>\n<p>&nbsp;<\/p>\n<p><strong>PROGRAMA:<\/strong><\/p>\n<ul>\n<li>Contexto hist\u00f3rico da ACT \u2013 3\u00ba onda de terapias comportamentais;<\/li>\n<li>Pressupostos filos\u00f3ficos da ACT \u2013 a quest\u00e3o da felicidade;<\/li>\n<li>Pressupostos te\u00f3ricos da ACT \u2013 quadros relacionais;<\/li>\n<li>Modelo de psicopatologia da ACT &#8211; hex\u00e1gono de inflexibilidade psicol\u00f3gica;<\/li>\n<li>Modelo de interven\u00e7\u00e3o da ACT \u2013 hex\u00e1gono de flexibilidade psicol\u00f3gica;<\/li>\n<li>Matriz;<\/li>\n<li>Primeiras interven\u00e7\u00f5es \u2013 \u201cDesesperan\u00e7a criativa\u201d e \u201co controle \u00e9 o problema, n\u00e3o a solu\u00e7\u00e3o\u201d;<\/li>\n<li>Aceita\u00e7\u00e3o;<\/li>\n<li>Desfus\u00e3o;<\/li>\n<li>Contato com o momento presente;<\/li>\n<li>Self como contexto;<\/li>\n<li>Valores;<\/li>\n<li>A\u00e7\u00f5es com compromisso;<\/li>\n<li>Intervindo com todos os processos do hex\u00e1gono de flexibilidade psicol\u00f3gica;<\/li>\n<li>Semin\u00e1rios.<\/li>\n<\/ul>\n<p><strong>DATA DAS AULAS:<\/strong><\/p>\n<p>a ser divulgado<\/p>\n<p>&nbsp;<\/p>\n<p><strong>FUNCIONAMENTO DO CURSO:<\/strong><br \/>\nAs aulas ser\u00e3o em 1 final de semana por m\u00eas (sexta 18 \u00e0s 21hs e s\u00e1bado de 9 \u00e0s 18hs)<\/p>\n<p>&nbsp;<\/p>\n<p><strong>INVESTIMENTO:<\/strong><\/p>\n<p>Matr\u00edcula:\u00a0\u00a0\u00a0 R$150,00<\/p>\n<p>Mensalidades:<\/p>\n<ul>\n<li>7 parcelas de R$xxx,00 no cheque pr\u00e9 datado; <strong>ou<\/strong><\/li>\n<li>7 parcelas de R$xxx,00 no boleto banc\u00e1rio<\/li>\n<\/ul>\n<p>&nbsp;<\/p>\n<p><strong>PR\u00c9 \u2013 INSCRI\u00c7\u00d5ES:<\/strong>\u00a0\u00a0<a title=\"Formul\u00e1rio Inscri\u00e7\u00e3o na Forma\u00e7\u00e3o em ACT em BH\" href=\"http:\/\/www.cesde.com.br\/curso\/formularios\/formulario-inscricao-na-formacao-em-act-em-bh\/\">Clique aqui e fa\u00e7a sua pr\u00e9-inscri\u00e7\u00e3o<\/a><\/p>\n<p><strong>ATEN\u00c7\u00c3O:<\/strong> Caso o inscrito n\u00e3o preencha as condi\u00e7\u00f5es acima a matr\u00edcula ser\u00e1 cancelada.<\/p>\n<p>&nbsp;<\/p>\n<p style=\"text-align: center;\"><a title=\"Curso de Forma\u00e7\u00e3o em Terapia da Aceita\u00e7\u00e3o e Compromisso em S\u00e3o Paulo\" href=\"http:\/\/www.cesde.com.br\/curso\/cursos\/formacao-em-act-ou-terapia-da-aceitacao-e-compromisso-em-sao-paulo\/\"><img loading=\"lazy\" decoding=\"async\" class=\"size-full wp-image-899 aligncenter\" title=\"terapia-aceitacao-compromisso-sp-mini\" src=\"http:\/\/www.cesde.com.br\/curso\/wp-content\/uploads\/2013\/07\/terapia-aceitacao-compromisso-sp-mini.jpg\" alt=\"\" width=\"210\" height=\"80\" \/><\/a><\/p>\n<p>&nbsp;<\/p>\n","protected":false},"excerpt":{"rendered":"<p>Curso de Forma\u00e7\u00e3o em Terapia da Aceita\u00e7\u00e3o e Compromisso (ACT) em BH &nbsp; INTRODU\u00c7\u00c3O: A ACT \u00e9 uma das maiores representantes da chamada &#8220;terceira onda&#8221; da Terapia Comportamental. O contextualismo funcional se traduz na pr\u00e1tica em exerc\u00edcios e formas de atuar na cl\u00ednica que considera e altera as fun\u00e7\u00f5es dos comportamentos, incluindo pensamentos e sentimentos. [&hellip;]<\/p>\n","protected":false},"author":3,"featured_media":0,"comment_status":"closed","ping_status":"closed","sticky":false,"template":"","format":"standard","meta":{"footnotes":""},"categories":[1],"tags":[45,16,27,21,22,23,20,15],"class_list":["post-467","post","type-post","status-publish","format-standard","hentry","category-sem-categoria","tag-aceitacao-e-compromisso","tag-cognitiva","tag-comportamental","tag-curso","tag-formacao","tag-psicologia","tag-psicoterapia","tag-terapia"],"aioseo_notices":[],"aioseo_head":"\n\t\t<!-- All in One SEO 5.0.0.1 - aioseo.com -->\n\t<meta name=\"description\" content=\"Curso de forma\u00e7\u00e3o em ACT, Terapia da Aceita\u00e7\u00e3o e Compromisso, em Belo Horizonte \/ MG em 2013. primeiro curso da \u00e1rea em BH.\" \/>\n\t<meta name=\"robots\" content=\"max-image-preview:large\" \/>\n\t<meta name=\"author\" content=\"Admar Cardoso\"\/>\n\t<link rel=\"canonical\" href=\"https:\/\/www.cesde.com.br\/curso\/formacao-em-terapia-da-aceitacao-e-compromisso\/\" \/>\n\t<meta name=\"generator\" content=\"All in One SEO (AIOSEO) 5.0.0.1\" \/>\n\t\t<meta property=\"og:locale\" content=\"pt_BR\" \/>\n\t\t<meta property=\"og:site_name\" content=\"CESDE - Centro de Estudos e Desenvolvimento Educacional | Cursos em Psicologia, Sa\u00fade Mental, Educa\u00e7\u00e3o e Tecnologia.\" \/>\n\t\t<meta property=\"og:type\" content=\"article\" \/>\n\t\t<meta property=\"og:title\" content=\"Curso de Forma\u00e7\u00e3o em Terapia da Aceita\u00e7\u00e3o e Compromisso (ACT) | CESDE - Centro de Estudos e Desenvolvimento Educacional\" \/>\n\t\t<meta property=\"og:description\" content=\"Curso de forma\u00e7\u00e3o em ACT, Terapia da Aceita\u00e7\u00e3o e Compromisso, em Belo Horizonte \/ MG em 2013. primeiro curso da \u00e1rea em BH.\" \/>\n\t\t<meta property=\"og:url\" content=\"https:\/\/www.cesde.com.br\/curso\/formacao-em-terapia-da-aceitacao-e-compromisso\/\" \/>\n\t\t<meta property=\"article:published_time\" content=\"2012-11-28T17:32:49+00:00\" \/>\n\t\t<meta property=\"article:modified_time\" content=\"2014-07-16T15:21:49+00:00\" \/>\n\t\t<meta name=\"twitter:card\" content=\"summary\" \/>\n\t\t<meta name=\"twitter:title\" content=\"Curso de Forma\u00e7\u00e3o em Terapia da Aceita\u00e7\u00e3o e Compromisso (ACT) | CESDE - Centro de Estudos e Desenvolvimento Educacional\" \/>\n\t\t<meta name=\"twitter:description\" content=\"Curso de forma\u00e7\u00e3o em ACT, Terapia da Aceita\u00e7\u00e3o e Compromisso, em Belo Horizonte \/ MG em 2013. primeiro curso da \u00e1rea em BH.\" \/>\n\t\t<script type=\"application\/ld+json\" class=\"aioseo-schema\">\n\t\t\t{\"@context\":\"https:\\\/\\\/schema.org\",\"@graph\":[{\"@type\":\"Article\",\"@id\":\"https:\\\/\\\/www.cesde.com.br\\\/curso\\\/formacao-em-terapia-da-aceitacao-e-compromisso\\\/#article\",\"name\":\"Curso de Forma\\u00e7\\u00e3o em Terapia da Aceita\\u00e7\\u00e3o e Compromisso (ACT) | CESDE - Centro de Estudos e Desenvolvimento Educacional\",\"headline\":\"Forma\\u00e7\\u00e3o em Terapia da Aceita\\u00e7\\u00e3o e Compromisso em BH\",\"author\":{\"@id\":\"https:\\\/\\\/www.cesde.com.br\\\/curso\\\/author\\\/admar-cardoso\\\/#author\"},\"publisher\":{\"@id\":\"https:\\\/\\\/www.cesde.com.br\\\/curso\\\/#organization\"},\"image\":{\"@type\":\"ImageObject\",\"url\":\"https:\\\/\\\/www.cesde.com.br\\\/curso\\\/wp-content\\\/uploads\\\/2012\\\/11\\\/Capa_MichaeleSaban.jpg\",\"@id\":\"https:\\\/\\\/www.cesde.com.br\\\/curso\\\/formacao-em-terapia-da-aceitacao-e-compromisso\\\/#articleImage\",\"width\":150,\"height\":230},\"datePublished\":\"2012-11-28T17:32:49+00:00\",\"dateModified\":\"2014-07-16T15:21:49+00:00\",\"inLanguage\":\"pt-BR\",\"mainEntityOfPage\":{\"@id\":\"https:\\\/\\\/www.cesde.com.br\\\/curso\\\/formacao-em-terapia-da-aceitacao-e-compromisso\\\/#webpage\"},\"isPartOf\":{\"@id\":\"https:\\\/\\\/www.cesde.com.br\\\/curso\\\/formacao-em-terapia-da-aceitacao-e-compromisso\\\/#webpage\"},\"articleSection\":\"Sem categoria, Aceita\\u00e7\\u00e3o e Compromisso, cognitiva, comportamental, curso, forma\\u00e7\\u00e3o, psicologia, psicoterapia, terapia\"},{\"@type\":\"BreadcrumbList\",\"@id\":\"https:\\\/\\\/www.cesde.com.br\\\/curso\\\/formacao-em-terapia-da-aceitacao-e-compromisso\\\/#breadcrumblist\",\"itemListElement\":[{\"@type\":\"ListItem\",\"@id\":\"https:\\\/\\\/www.cesde.com.br\\\/curso#listItem\",\"position\":1,\"name\":\"In\\u00edcio\",\"item\":\"https:\\\/\\\/www.cesde.com.br\\\/curso\",\"nextItem\":{\"@type\":\"ListItem\",\"@id\":\"https:\\\/\\\/www.cesde.com.br\\\/curso\\\/category\\\/sem-categoria\\\/#listItem\",\"name\":\"Sem categoria\"}},{\"@type\":\"ListItem\",\"@id\":\"https:\\\/\\\/www.cesde.com.br\\\/curso\\\/category\\\/sem-categoria\\\/#listItem\",\"position\":2,\"name\":\"Sem categoria\",\"item\":\"https:\\\/\\\/www.cesde.com.br\\\/curso\\\/category\\\/sem-categoria\\\/\",\"nextItem\":{\"@type\":\"ListItem\",\"@id\":\"https:\\\/\\\/www.cesde.com.br\\\/curso\\\/formacao-em-terapia-da-aceitacao-e-compromisso\\\/#listItem\",\"name\":\"Forma\\u00e7\\u00e3o em Terapia da Aceita\\u00e7\\u00e3o e Compromisso em BH\"},\"previousItem\":{\"@type\":\"ListItem\",\"@id\":\"https:\\\/\\\/www.cesde.com.br\\\/curso#listItem\",\"name\":\"In\\u00edcio\"}},{\"@type\":\"ListItem\",\"@id\":\"https:\\\/\\\/www.cesde.com.br\\\/curso\\\/formacao-em-terapia-da-aceitacao-e-compromisso\\\/#listItem\",\"position\":3,\"name\":\"Forma\\u00e7\\u00e3o em Terapia da Aceita\\u00e7\\u00e3o e Compromisso em BH\",\"previousItem\":{\"@type\":\"ListItem\",\"@id\":\"https:\\\/\\\/www.cesde.com.br\\\/curso\\\/category\\\/sem-categoria\\\/#listItem\",\"name\":\"Sem categoria\"}}]},{\"@type\":\"Organization\",\"@id\":\"https:\\\/\\\/www.cesde.com.br\\\/curso\\\/#organization\",\"name\":\"CESDE - Centro de Estudos e Desenvolvimento Educacional\",\"description\":\"Cursos em Psicologia, Sa\\u00fade Mental, Educa\\u00e7\\u00e3o e Tecnologia.\",\"url\":\"https:\\\/\\\/www.cesde.com.br\\\/curso\\\/\"},{\"@type\":\"Person\",\"@id\":\"https:\\\/\\\/www.cesde.com.br\\\/curso\\\/author\\\/admar-cardoso\\\/#author\",\"url\":\"https:\\\/\\\/www.cesde.com.br\\\/curso\\\/author\\\/admar-cardoso\\\/\",\"name\":\"Admar Cardoso\"},{\"@type\":\"WebPage\",\"@id\":\"https:\\\/\\\/www.cesde.com.br\\\/curso\\\/formacao-em-terapia-da-aceitacao-e-compromisso\\\/#webpage\",\"url\":\"https:\\\/\\\/www.cesde.com.br\\\/curso\\\/formacao-em-terapia-da-aceitacao-e-compromisso\\\/\",\"name\":\"Curso de Forma\\u00e7\\u00e3o em Terapia da Aceita\\u00e7\\u00e3o e Compromisso (ACT) | CESDE - Centro de Estudos e Desenvolvimento Educacional\",\"description\":\"Curso de forma\\u00e7\\u00e3o em ACT, Terapia da Aceita\\u00e7\\u00e3o e Compromisso, em Belo Horizonte \\\/ MG em 2013. primeiro curso da \\u00e1rea em BH.\",\"inLanguage\":\"pt-BR\",\"isPartOf\":{\"@id\":\"https:\\\/\\\/www.cesde.com.br\\\/curso\\\/#website\"},\"breadcrumb\":{\"@id\":\"https:\\\/\\\/www.cesde.com.br\\\/curso\\\/formacao-em-terapia-da-aceitacao-e-compromisso\\\/#breadcrumblist\"},\"author\":{\"@id\":\"https:\\\/\\\/www.cesde.com.br\\\/curso\\\/author\\\/admar-cardoso\\\/#author\"},\"creator\":{\"@id\":\"https:\\\/\\\/www.cesde.com.br\\\/curso\\\/author\\\/admar-cardoso\\\/#author\"},\"datePublished\":\"2012-11-28T17:32:49+00:00\",\"dateModified\":\"2014-07-16T15:21:49+00:00\"},{\"@type\":\"WebSite\",\"@id\":\"https:\\\/\\\/www.cesde.com.br\\\/curso\\\/#website\",\"url\":\"https:\\\/\\\/www.cesde.com.br\\\/curso\\\/\",\"name\":\"CESDE - Centro de Estudos e Desenvolvimento Educacional\",\"description\":\"Cursos em Psicologia, Sa\\u00fade Mental, Educa\\u00e7\\u00e3o e Tecnologia.\",\"inLanguage\":\"pt-BR\",\"publisher\":{\"@id\":\"https:\\\/\\\/www.cesde.com.br\\\/curso\\\/#organization\"}}]}\n\t\t<\/script>\n\t\t<!-- All in One SEO -->\n\n","aioseo_head_json":{"title":"Curso de Forma\u00e7\u00e3o em Terapia da Aceita\u00e7\u00e3o e Compromisso (ACT) | CESDE - Centro de Estudos e Desenvolvimento Educacional","description":"Curso de forma\u00e7\u00e3o em ACT, Terapia da Aceita\u00e7\u00e3o e Compromisso, em Belo Horizonte \/ MG em 2013. primeiro curso da \u00e1rea em BH.","canonical_url":"https:\/\/www.cesde.com.br\/curso\/formacao-em-terapia-da-aceitacao-e-compromisso\/","robots":"max-image-preview:large","keywords":"","webmasterTools":{"miscellaneous":""},"schema":{"@context":"https:\/\/schema.org","@graph":[{"@type":"Article","@id":"https:\/\/www.cesde.com.br\/curso\/formacao-em-terapia-da-aceitacao-e-compromisso\/#article","name":"Curso de Forma\u00e7\u00e3o em Terapia da Aceita\u00e7\u00e3o e Compromisso (ACT) | CESDE - Centro de Estudos e Desenvolvimento Educacional","headline":"Forma\u00e7\u00e3o em Terapia da Aceita\u00e7\u00e3o e Compromisso em BH","author":{"@id":"https:\/\/www.cesde.com.br\/curso\/author\/admar-cardoso\/#author"},"publisher":{"@id":"https:\/\/www.cesde.com.br\/curso\/#organization"},"image":{"@type":"ImageObject","url":"https:\/\/www.cesde.com.br\/curso\/wp-content\/uploads\/2012\/11\/Capa_MichaeleSaban.jpg","@id":"https:\/\/www.cesde.com.br\/curso\/formacao-em-terapia-da-aceitacao-e-compromisso\/#articleImage","width":150,"height":230},"datePublished":"2012-11-28T17:32:49+00:00","dateModified":"2014-07-16T15:21:49+00:00","inLanguage":"pt-BR","mainEntityOfPage":{"@id":"https:\/\/www.cesde.com.br\/curso\/formacao-em-terapia-da-aceitacao-e-compromisso\/#webpage"},"isPartOf":{"@id":"https:\/\/www.cesde.com.br\/curso\/formacao-em-terapia-da-aceitacao-e-compromisso\/#webpage"},"articleSection":"Sem categoria, Aceita\u00e7\u00e3o e Compromisso, cognitiva, comportamental, curso, forma\u00e7\u00e3o, psicologia, psicoterapia, terapia"},{"@type":"BreadcrumbList","@id":"https:\/\/www.cesde.com.br\/curso\/formacao-em-terapia-da-aceitacao-e-compromisso\/#breadcrumblist","itemListElement":[{"@type":"ListItem","@id":"https:\/\/www.cesde.com.br\/curso#listItem","position":1,"name":"In\u00edcio","item":"https:\/\/www.cesde.com.br\/curso","nextItem":{"@type":"ListItem","@id":"https:\/\/www.cesde.com.br\/curso\/category\/sem-categoria\/#listItem","name":"Sem categoria"}},{"@type":"ListItem","@id":"https:\/\/www.cesde.com.br\/curso\/category\/sem-categoria\/#listItem","position":2,"name":"Sem categoria","item":"https:\/\/www.cesde.com.br\/curso\/category\/sem-categoria\/","nextItem":{"@type":"ListItem","@id":"https:\/\/www.cesde.com.br\/curso\/formacao-em-terapia-da-aceitacao-e-compromisso\/#listItem","name":"Forma\u00e7\u00e3o em Terapia da Aceita\u00e7\u00e3o e Compromisso em BH"},"previousItem":{"@type":"ListItem","@id":"https:\/\/www.cesde.com.br\/curso#listItem","name":"In\u00edcio"}},{"@type":"ListItem","@id":"https:\/\/www.cesde.com.br\/curso\/formacao-em-terapia-da-aceitacao-e-compromisso\/#listItem","position":3,"name":"Forma\u00e7\u00e3o em Terapia da Aceita\u00e7\u00e3o e Compromisso em BH","previousItem":{"@type":"ListItem","@id":"https:\/\/www.cesde.com.br\/curso\/category\/sem-categoria\/#listItem","name":"Sem categoria"}}]},{"@type":"Organization","@id":"https:\/\/www.cesde.com.br\/curso\/#organization","name":"CESDE - Centro de Estudos e Desenvolvimento Educacional","description":"Cursos em Psicologia, Sa\u00fade Mental, Educa\u00e7\u00e3o e Tecnologia.","url":"https:\/\/www.cesde.com.br\/curso\/"},{"@type":"Person","@id":"https:\/\/www.cesde.com.br\/curso\/author\/admar-cardoso\/#author","url":"https:\/\/www.cesde.com.br\/curso\/author\/admar-cardoso\/","name":"Admar Cardoso"},{"@type":"WebPage","@id":"https:\/\/www.cesde.com.br\/curso\/formacao-em-terapia-da-aceitacao-e-compromisso\/#webpage","url":"https:\/\/www.cesde.com.br\/curso\/formacao-em-terapia-da-aceitacao-e-compromisso\/","name":"Curso de Forma\u00e7\u00e3o em Terapia da Aceita\u00e7\u00e3o e Compromisso (ACT) | CESDE - Centro de Estudos e Desenvolvimento Educacional","description":"Curso de forma\u00e7\u00e3o em ACT, Terapia da Aceita\u00e7\u00e3o e Compromisso, em Belo Horizonte \/ MG em 2013. primeiro curso da \u00e1rea em BH.","inLanguage":"pt-BR","isPartOf":{"@id":"https:\/\/www.cesde.com.br\/curso\/#website"},"breadcrumb":{"@id":"https:\/\/www.cesde.com.br\/curso\/formacao-em-terapia-da-aceitacao-e-compromisso\/#breadcrumblist"},"author":{"@id":"https:\/\/www.cesde.com.br\/curso\/author\/admar-cardoso\/#author"},"creator":{"@id":"https:\/\/www.cesde.com.br\/curso\/author\/admar-cardoso\/#author"},"datePublished":"2012-11-28T17:32:49+00:00","dateModified":"2014-07-16T15:21:49+00:00"},{"@type":"WebSite","@id":"https:\/\/www.cesde.com.br\/curso\/#website","url":"https:\/\/www.cesde.com.br\/curso\/","name":"CESDE - Centro de Estudos e Desenvolvimento Educacional","description":"Cursos em Psicologia, Sa\u00fade Mental, Educa\u00e7\u00e3o e Tecnologia.","inLanguage":"pt-BR","publisher":{"@id":"https:\/\/www.cesde.com.br\/curso\/#organization"}}]},"og:locale":"pt_BR","og:site_name":"CESDE - Centro de Estudos e Desenvolvimento Educacional | Cursos em Psicologia, Sa\u00fade Mental, Educa\u00e7\u00e3o e Tecnologia.","og:type":"article","og:title":"Curso de Forma\u00e7\u00e3o em Terapia da Aceita\u00e7\u00e3o e Compromisso (ACT) | CESDE - Centro de Estudos e Desenvolvimento Educacional","og:description":"Curso de forma\u00e7\u00e3o em ACT, Terapia da Aceita\u00e7\u00e3o e Compromisso, em Belo Horizonte \/ MG em 2013. primeiro curso da \u00e1rea em BH.","og:url":"https:\/\/www.cesde.com.br\/curso\/formacao-em-terapia-da-aceitacao-e-compromisso\/","article:published_time":"2012-11-28T17:32:49+00:00","article:modified_time":"2014-07-16T15:21:49+00:00","twitter:card":"summary","twitter:title":"Curso de Forma\u00e7\u00e3o em Terapia da Aceita\u00e7\u00e3o e Compromisso (ACT) | CESDE - Centro de Estudos e Desenvolvimento Educacional","twitter:description":"Curso de forma\u00e7\u00e3o em ACT, Terapia da Aceita\u00e7\u00e3o e Compromisso, em Belo Horizonte \/ MG em 2013. primeiro curso da \u00e1rea em BH."},"aioseo_meta_data":{"post_id":"467","title":"Curso de Forma\u00e7\u00e3o em Terapia da Aceita\u00e7\u00e3o e Compromisso (ACT) | #site_title","description":"Curso de forma\u00e7\u00e3o em ACT, Terapia da Aceita\u00e7\u00e3o e Compromisso, em Belo Horizonte \/ MG em 2013. primeiro curso da \u00e1rea em BH.","keywords":[{"label":"curso","value":"curso"},{"label":"forma\u00e7\u00e3o","value":"forma\u00e7\u00e3o"},{"label":"terapia","value":"terapia"},{"label":"aceita\u00e7\u00e3o e compromisso","value":"aceita\u00e7\u00e3o e compromisso"},{"label":"comportamental","value":"comportamental"},{"label":"cognitiva","value":"cognitiva"},{"label":"Belo Horizonte","value":"Belo Horizonte"},{"label":"MG","value":"MG"},{"label":"Psicologia","value":"Psicologia"},{"label":"psicoterapia","value":"psicoterapia"}],"keyphrases":null,"primary_term":null,"canonical_url":null,"og_title":null,"og_description":null,"og_object_type":"default","og_image_type":"default","og_image_url":null,"og_image_width":null,"og_image_height":null,"og_image_custom_url":null,"og_image_custom_fields":null,"og_video":null,"og_custom_url":null,"og_article_section":null,"og_article_tags":null,"twitter_use_og":false,"twitter_card":"default","twitter_image_type":"default","twitter_image_url":null,"twitter_image_custom_url":null,"twitter_image_custom_fields":null,"twitter_title":null,"twitter_description":null,"schema":{"blockGraphs":[],"customGraphs":[],"default":{"data":{"Article":[],"Course":[],"Dataset":[],"FAQPage":[],"Movie":[],"Person":[],"Product":[],"ProductReview":[],"Car":[],"Recipe":[],"Service":[],"SoftwareApplication":[],"WebPage":[]},"graphName":"Article","isEnabled":true},"graphs":[]},"schema_type":null,"schema_type_options":null,"pillar_content":false,"robots_default":true,"robots_noindex":false,"robots_noarchive":false,"robots_nosnippet":false,"robots_nofollow":false,"robots_noimageindex":false,"robots_noodp":false,"robots_notranslate":false,"robots_max_snippet":null,"robots_max_videopreview":null,"robots_max_imagepreview":"large","priority":null,"frequency":null,"local_seo":null,"breadcrumb_settings":null,"limit_modified_date":false,"ai":null,"created":"2021-05-28 15:08:09","updated":"2023-06-14 20:22:00","focus_keyword":null,"additional_keywords":null,"truseo_locale":null,"seo_analyzer_scan_date":null},"aioseo_breadcrumb":"<div class=\"aioseo-breadcrumbs\"><span class=\"aioseo-breadcrumb\">\n\t\t\t<a href=\"https:\/\/www.cesde.com.br\/curso\" title=\"In\u00edcio\">In\u00edcio<\/a>\n\t\t<\/span><span class=\"aioseo-breadcrumb-separator\">&raquo;<\/span><span class=\"aioseo-breadcrumb\">\n\t\t\t<a href=\"https:\/\/www.cesde.com.br\/curso\/category\/sem-categoria\/\" title=\"Sem categoria\">Sem categoria<\/a>\n\t\t<\/span><span class=\"aioseo-breadcrumb-separator\">&raquo;<\/span><span class=\"aioseo-breadcrumb\">\n\t\t\tForma\u00e7\u00e3o em Terapia da Aceita\u00e7\u00e3o e Compromisso em BH\n\t\t<\/span><\/div>","aioseo_breadcrumb_json":[{"label":"In\u00edcio","link":"https:\/\/www.cesde.com.br\/curso"},{"label":"Sem categoria","link":"https:\/\/www.cesde.com.br\/curso\/category\/sem-categoria\/"},{"label":"Forma\u00e7\u00e3o em Terapia da Aceita\u00e7\u00e3o e Compromisso em BH","link":"https:\/\/www.cesde.com.br\/curso\/formacao-em-terapia-da-aceitacao-e-compromisso\/"}],"_links":{"self":[{"href":"https:\/\/www.cesde.com.br\/curso\/wp-json\/wp\/v2\/posts\/467","targetHints":{"allow":["GET"]}}],"collection":[{"href":"https:\/\/www.cesde.com.br\/curso\/wp-json\/wp\/v2\/posts"}],"about":[{"href":"https:\/\/www.cesde.com.br\/curso\/wp-json\/wp\/v2\/types\/post"}],"author":[{"embeddable":true,"href":"https:\/\/www.cesde.com.br\/curso\/wp-json\/wp\/v2\/users\/3"}],"replies":[{"embeddable":true,"href":"https:\/\/www.cesde.com.br\/curso\/wp-json\/wp\/v2\/comments?post=467"}],"version-history":[{"count":39,"href":"https:\/\/www.cesde.com.br\/curso\/wp-json\/wp\/v2\/posts\/467\/revisions"}],"predecessor-version":[{"id":487,"href":"https:\/\/www.cesde.com.br\/curso\/wp-json\/wp\/v2\/posts\/467\/revisions\/487"}],"wp:attachment":[{"href":"https:\/\/www.cesde.com.br\/curso\/wp-json\/wp\/v2\/media?parent=467"}],"wp:term":[{"taxonomy":"category","embeddable":true,"href":"https:\/\/www.cesde.com.br\/curso\/wp-json\/wp\/v2\/categories?post=467"},{"taxonomy":"post_tag","embeddable":true,"href":"https:\/\/www.cesde.com.br\/curso\/wp-json\/wp\/v2\/tags?post=467"}],"curies":[{"name":"wp","href":"https:\/\/api.w.org\/{rel}","templated":true}]}}