{"id":3590,"date":"2020-12-24T21:38:10","date_gmt":"2020-12-24T21:38:10","guid":{"rendered":"http:\/\/www.cesde.com.br\/curso\/?p=3590"},"modified":"2020-12-24T21:49:10","modified_gmt":"2020-12-24T21:49:10","slug":"1a-semana-de-saude-neurociencia-e-espiritualidade","status":"publish","type":"post","link":"https:\/\/www.cesde.com.br\/curso\/1a-semana-de-saude-neurociencia-e-espiritualidade\/","title":{"rendered":"1\u00aa Semana de Sa\u00fade, Neuroci\u00eancia e Espiritualidade"},"content":{"rendered":"<h2>V\u00eddeos da\u00a01\u00aa Semana de Sa\u00fade, Neuroci\u00eancia e Espiritualidade<\/h2>\n<p>Abaixo os v\u00eddeos da\u00a01\u00aa Semana de Sa\u00fade, Neuroci\u00eancia e Espiritualidade. Neles voc\u00eas encontrar\u00e3o uma s\u00e9rie de conhecimentos muito interessantes sobre o assunto.<\/p>\n<p>O palestrante \u00e9 o Professo Leonardo B. Maciel que \u00e9 um grande estudioso do assunto.<\/p>\n<ul>\n<li>Doutor e Mestre em psicologia social pela Universidade de S\u00e3o Paulo (USP)<\/li>\n<li>P\u00f3s-doutorado finalizado no Laborat\u00f3rio de Psicologia Anomal\u00edstica e Processos Psicossociais (INTER PSI) do Instituto de Psicologia da Universidade de S\u00e3o Paulo<\/li>\n<li>Temas e \u00e1reas de pesquisa \u2013 experi\u00eancias an\u00f4malas, processos b\u00e1sicos, sa\u00fade mental, psicologia social e psicologia da religi\u00e3o;<\/li>\n<li>Autor de diversas publica\u00e7\u00f5es cient\u00edficas nessas \u00e1reas no Brasil e no exterior.<\/li>\n<\/ul>\n<p>&nbsp;<\/p>\n<p><b>Aula 1: Introdu\u00e7\u00e3o<\/b><\/p>\n<ul>\n<li>Conceitos b\u00e1sicos<\/li>\n<li>Experi\u00eancias religiosas, experi\u00eancias an\u00f4malas e sua rela\u00e7\u00e3o com sa\u00fade<\/li>\n<li>A d\u00e9cada do c\u00e9rebro<\/li>\n<li>Coping, resili\u00eancia e bem-estar<\/li>\n<li>Pr\u00e1ticas alternativas e complementares<\/li>\n<\/ul>\n<p><iframe loading=\"lazy\" src=\"https:\/\/player.vimeo.com\/video\/468243759\" width=\"640\" height=\"564\" frameborder=\"0\" allowfullscreen=\"allowfullscreen\"><\/iframe><\/p>\n<p>&nbsp;<\/p>\n<p><b>Aula 2: Sa\u00fade Mental e Quest\u00f5es Diagn\u00f3sticas<\/b><\/p>\n<ul>\n<li>Psiquiatria, sa\u00fade mental, religiosidade e espiritualidade<\/li>\n<li>Diagn\u00f3stico diferencial<\/li>\n<li>Transtornos e condi\u00e7\u00f5es neurol\u00f3gicas relacionados<\/li>\n<\/ul>\n<p><iframe loading=\"lazy\" src=\"https:\/\/player.vimeo.com\/video\/468615950\" width=\"640\" height=\"564\" frameborder=\"0\" allowfullscreen=\"allowfullscreen\"><\/iframe><\/p>\n<p>&nbsp;<\/p>\n<p><b>Aula 3: Manejo Cl\u00ednico<\/b><\/p>\n<ul>\n<li>Quest\u00f5es religiosas e espirituais no consult\u00f3rio<\/li>\n<li>Com a palavra, os Conselhos Profissionais<\/li>\n<li>Religiosidade, espiritualidade e sa\u00fade no contexto de calamidades<\/li>\n<\/ul>\n<p><iframe loading=\"lazy\" src=\"https:\/\/player.vimeo.com\/video\/469022492\" width=\"640\" height=\"564\" frameborder=\"0\" allowfullscreen=\"allowfullscreen\"><\/iframe><\/p>\n<p>&nbsp;<\/p>\n<p><b>Aula 04:<\/b>\u00a0Respondendo \u00e0s d\u00favidas.<\/p>\n<p>O Prof Leonardo Martins far\u00e1 uma aula montada especificamente com as d\u00favidas dos participantes.<\/p>\n<p><iframe loading=\"lazy\" src=\"https:\/\/player.vimeo.com\/video\/470328936\" width=\"640\" height=\"564\" frameborder=\"0\" allowfullscreen=\"allowfullscreen\"><\/iframe><\/p>\n<p>&nbsp;<\/p>\n<p>Bons Estudos a Todas e Todos!!!<\/p>\n","protected":false},"excerpt":{"rendered":"<p>V\u00eddeos da\u00a01\u00aa Semana de Sa\u00fade, Neuroci\u00eancia e Espiritualidade Abaixo os v\u00eddeos da\u00a01\u00aa Semana de Sa\u00fade, Neuroci\u00eancia e Espiritualidade. Neles voc\u00eas encontrar\u00e3o uma s\u00e9rie de conhecimentos muito interessantes sobre o assunto. O palestrante \u00e9 o Professo Leonardo B. Maciel que \u00e9 um grande estudioso do assunto. Doutor e Mestre em psicologia social pela Universidade de S\u00e3o [&hellip;]<\/p>\n","protected":false},"author":3,"featured_media":0,"comment_status":"closed","ping_status":"closed","sticky":false,"template":"","format":"standard","meta":{"footnotes":""},"categories":[283],"tags":[],"class_list":["post-3590","post","type-post","status-publish","format-standard","hentry","category-base"],"aioseo_notices":[],"aioseo_head":"\n\t\t<!-- All in One SEO 5.0.0.1 - aioseo.com -->\n\t<meta name=\"robots\" content=\"max-image-preview:large\" \/>\n\t<meta name=\"author\" content=\"Admar Cardoso\"\/>\n\t<link rel=\"canonical\" href=\"https:\/\/www.cesde.com.br\/curso\/1a-semana-de-saude-neurociencia-e-espiritualidade\/\" \/>\n\t<meta name=\"generator\" content=\"All in One SEO (AIOSEO) 5.0.0.1\" \/>\n\t\t<meta property=\"og:locale\" content=\"pt_BR\" \/>\n\t\t<meta property=\"og:site_name\" content=\"CESDE - Centro de Estudos e Desenvolvimento Educacional | Cursos em Psicologia, Sa\u00fade Mental, Educa\u00e7\u00e3o e Tecnologia.\" \/>\n\t\t<meta property=\"og:type\" content=\"activity\" \/>\n\t\t<meta property=\"og:title\" content=\"Psicologia, Sa\u00fade, Neuroci\u00eancia e Espiritualidade\" \/>\n\t\t<meta property=\"og:description\" content=\"Venha conhecer um pouco sobre Psicologia, Sa\u00fade, Neuroci\u00eancia e Espiritualidade. Voc\u00ea sabe as rela\u00e7\u00f5es entre essas \u00e1reas? como podemos abord\u00e1-las na pr\u00e1tica profissional em Sa\u00fade?\" \/>\n\t\t<meta property=\"og:url\" content=\"https:\/\/www.cesde.com.br\/curso\/1a-semana-de-saude-neurociencia-e-espiritualidade\/\" \/>\n\t\t<meta name=\"twitter:card\" content=\"summary\" \/>\n\t\t<meta name=\"twitter:title\" content=\"Psicologia, Sa\u00fade, Neuroci\u00eancia e Espiritualidade\" \/>\n\t\t<meta name=\"twitter:description\" content=\"Venha conhecer um pouco sobre Psicologia, Sa\u00fade, Neuroci\u00eancia e Espiritualidade. Voc\u00ea sabe as rela\u00e7\u00f5es entre essas \u00e1reas? como podemos abord\u00e1-las na pr\u00e1tica profissional em Sa\u00fade?\" \/>\n\t\t<script type=\"application\/ld+json\" class=\"aioseo-schema\">\n\t\t\t{\"@context\":\"https:\\\/\\\/schema.org\",\"@graph\":[{\"@type\":\"Article\",\"@id\":\"https:\\\/\\\/www.cesde.com.br\\\/curso\\\/1a-semana-de-saude-neurociencia-e-espiritualidade\\\/#article\",\"name\":\"1\\u00aa Semana de Sa\\u00fade, Neuroci\\u00eancia e Espiritualidade | CESDE - Centro de Estudos e Desenvolvimento Educacional\",\"headline\":\"1\\u00aa Semana de Sa\\u00fade, Neuroci\\u00eancia e Espiritualidade\",\"author\":{\"@id\":\"https:\\\/\\\/www.cesde.com.br\\\/curso\\\/author\\\/admar-cardoso\\\/#author\"},\"publisher\":{\"@id\":\"https:\\\/\\\/www.cesde.com.br\\\/curso\\\/#organization\"},\"datePublished\":\"2020-12-24T21:38:10+00:00\",\"dateModified\":\"2020-12-24T21:49:10+00:00\",\"inLanguage\":\"pt-BR\",\"mainEntityOfPage\":{\"@id\":\"https:\\\/\\\/www.cesde.com.br\\\/curso\\\/1a-semana-de-saude-neurociencia-e-espiritualidade\\\/#webpage\"},\"isPartOf\":{\"@id\":\"https:\\\/\\\/www.cesde.com.br\\\/curso\\\/1a-semana-de-saude-neurociencia-e-espiritualidade\\\/#webpage\"},\"articleSection\":\"Base do Conhecimento\"},{\"@type\":\"BreadcrumbList\",\"@id\":\"https:\\\/\\\/www.cesde.com.br\\\/curso\\\/1a-semana-de-saude-neurociencia-e-espiritualidade\\\/#breadcrumblist\",\"itemListElement\":[{\"@type\":\"ListItem\",\"@id\":\"https:\\\/\\\/www.cesde.com.br\\\/curso#listItem\",\"position\":1,\"name\":\"In\\u00edcio\",\"item\":\"https:\\\/\\\/www.cesde.com.br\\\/curso\",\"nextItem\":{\"@type\":\"ListItem\",\"@id\":\"https:\\\/\\\/www.cesde.com.br\\\/curso\\\/category\\\/base\\\/#listItem\",\"name\":\"Base do Conhecimento\"}},{\"@type\":\"ListItem\",\"@id\":\"https:\\\/\\\/www.cesde.com.br\\\/curso\\\/category\\\/base\\\/#listItem\",\"position\":2,\"name\":\"Base do Conhecimento\",\"item\":\"https:\\\/\\\/www.cesde.com.br\\\/curso\\\/category\\\/base\\\/\",\"nextItem\":{\"@type\":\"ListItem\",\"@id\":\"https:\\\/\\\/www.cesde.com.br\\\/curso\\\/1a-semana-de-saude-neurociencia-e-espiritualidade\\\/#listItem\",\"name\":\"1\\u00aa Semana de Sa\\u00fade, Neuroci\\u00eancia e Espiritualidade\"},\"previousItem\":{\"@type\":\"ListItem\",\"@id\":\"https:\\\/\\\/www.cesde.com.br\\\/curso#listItem\",\"name\":\"In\\u00edcio\"}},{\"@type\":\"ListItem\",\"@id\":\"https:\\\/\\\/www.cesde.com.br\\\/curso\\\/1a-semana-de-saude-neurociencia-e-espiritualidade\\\/#listItem\",\"position\":3,\"name\":\"1\\u00aa Semana de Sa\\u00fade, Neuroci\\u00eancia e Espiritualidade\",\"previousItem\":{\"@type\":\"ListItem\",\"@id\":\"https:\\\/\\\/www.cesde.com.br\\\/curso\\\/category\\\/base\\\/#listItem\",\"name\":\"Base do Conhecimento\"}}]},{\"@type\":\"Organization\",\"@id\":\"https:\\\/\\\/www.cesde.com.br\\\/curso\\\/#organization\",\"name\":\"CESDE - Centro de Estudos e Desenvolvimento Educacional\",\"description\":\"Cursos em Psicologia, Sa\\u00fade Mental, Educa\\u00e7\\u00e3o e Tecnologia.\",\"url\":\"https:\\\/\\\/www.cesde.com.br\\\/curso\\\/\"},{\"@type\":\"Person\",\"@id\":\"https:\\\/\\\/www.cesde.com.br\\\/curso\\\/author\\\/admar-cardoso\\\/#author\",\"url\":\"https:\\\/\\\/www.cesde.com.br\\\/curso\\\/author\\\/admar-cardoso\\\/\",\"name\":\"Admar Cardoso\"},{\"@type\":\"WebPage\",\"@id\":\"https:\\\/\\\/www.cesde.com.br\\\/curso\\\/1a-semana-de-saude-neurociencia-e-espiritualidade\\\/#webpage\",\"url\":\"https:\\\/\\\/www.cesde.com.br\\\/curso\\\/1a-semana-de-saude-neurociencia-e-espiritualidade\\\/\",\"name\":\"1\\u00aa Semana de Sa\\u00fade, Neuroci\\u00eancia e Espiritualidade | CESDE - Centro de Estudos e Desenvolvimento Educacional\",\"inLanguage\":\"pt-BR\",\"isPartOf\":{\"@id\":\"https:\\\/\\\/www.cesde.com.br\\\/curso\\\/#website\"},\"breadcrumb\":{\"@id\":\"https:\\\/\\\/www.cesde.com.br\\\/curso\\\/1a-semana-de-saude-neurociencia-e-espiritualidade\\\/#breadcrumblist\"},\"author\":{\"@id\":\"https:\\\/\\\/www.cesde.com.br\\\/curso\\\/author\\\/admar-cardoso\\\/#author\"},\"creator\":{\"@id\":\"https:\\\/\\\/www.cesde.com.br\\\/curso\\\/author\\\/admar-cardoso\\\/#author\"},\"datePublished\":\"2020-12-24T21:38:10+00:00\",\"dateModified\":\"2020-12-24T21:49:10+00:00\"},{\"@type\":\"WebSite\",\"@id\":\"https:\\\/\\\/www.cesde.com.br\\\/curso\\\/#website\",\"url\":\"https:\\\/\\\/www.cesde.com.br\\\/curso\\\/\",\"name\":\"CESDE - Centro de Estudos e Desenvolvimento Educacional\",\"description\":\"Cursos em Psicologia, Sa\\u00fade Mental, Educa\\u00e7\\u00e3o e Tecnologia.\",\"inLanguage\":\"pt-BR\",\"publisher\":{\"@id\":\"https:\\\/\\\/www.cesde.com.br\\\/curso\\\/#organization\"}}]}\n\t\t<\/script>\n\t\t<!-- All in One SEO -->\n\n","aioseo_head_json":{"title":"1\u00aa Semana de Sa\u00fade, Neuroci\u00eancia e Espiritualidade | CESDE - Centro de Estudos e Desenvolvimento Educacional","description":"","canonical_url":"https:\/\/www.cesde.com.br\/curso\/1a-semana-de-saude-neurociencia-e-espiritualidade\/","robots":"max-image-preview:large","keywords":"","webmasterTools":{"miscellaneous":""},"schema":{"@context":"https:\/\/schema.org","@graph":[{"@type":"Article","@id":"https:\/\/www.cesde.com.br\/curso\/1a-semana-de-saude-neurociencia-e-espiritualidade\/#article","name":"1\u00aa Semana de Sa\u00fade, Neuroci\u00eancia e Espiritualidade | CESDE - Centro de Estudos e Desenvolvimento Educacional","headline":"1\u00aa Semana de Sa\u00fade, Neuroci\u00eancia e Espiritualidade","author":{"@id":"https:\/\/www.cesde.com.br\/curso\/author\/admar-cardoso\/#author"},"publisher":{"@id":"https:\/\/www.cesde.com.br\/curso\/#organization"},"datePublished":"2020-12-24T21:38:10+00:00","dateModified":"2020-12-24T21:49:10+00:00","inLanguage":"pt-BR","mainEntityOfPage":{"@id":"https:\/\/www.cesde.com.br\/curso\/1a-semana-de-saude-neurociencia-e-espiritualidade\/#webpage"},"isPartOf":{"@id":"https:\/\/www.cesde.com.br\/curso\/1a-semana-de-saude-neurociencia-e-espiritualidade\/#webpage"},"articleSection":"Base do Conhecimento"},{"@type":"BreadcrumbList","@id":"https:\/\/www.cesde.com.br\/curso\/1a-semana-de-saude-neurociencia-e-espiritualidade\/#breadcrumblist","itemListElement":[{"@type":"ListItem","@id":"https:\/\/www.cesde.com.br\/curso#listItem","position":1,"name":"In\u00edcio","item":"https:\/\/www.cesde.com.br\/curso","nextItem":{"@type":"ListItem","@id":"https:\/\/www.cesde.com.br\/curso\/category\/base\/#listItem","name":"Base do Conhecimento"}},{"@type":"ListItem","@id":"https:\/\/www.cesde.com.br\/curso\/category\/base\/#listItem","position":2,"name":"Base do Conhecimento","item":"https:\/\/www.cesde.com.br\/curso\/category\/base\/","nextItem":{"@type":"ListItem","@id":"https:\/\/www.cesde.com.br\/curso\/1a-semana-de-saude-neurociencia-e-espiritualidade\/#listItem","name":"1\u00aa Semana de Sa\u00fade, Neuroci\u00eancia e Espiritualidade"},"previousItem":{"@type":"ListItem","@id":"https:\/\/www.cesde.com.br\/curso#listItem","name":"In\u00edcio"}},{"@type":"ListItem","@id":"https:\/\/www.cesde.com.br\/curso\/1a-semana-de-saude-neurociencia-e-espiritualidade\/#listItem","position":3,"name":"1\u00aa Semana de Sa\u00fade, Neuroci\u00eancia e Espiritualidade","previousItem":{"@type":"ListItem","@id":"https:\/\/www.cesde.com.br\/curso\/category\/base\/#listItem","name":"Base do Conhecimento"}}]},{"@type":"Organization","@id":"https:\/\/www.cesde.com.br\/curso\/#organization","name":"CESDE - Centro de Estudos e Desenvolvimento Educacional","description":"Cursos em Psicologia, Sa\u00fade Mental, Educa\u00e7\u00e3o e Tecnologia.","url":"https:\/\/www.cesde.com.br\/curso\/"},{"@type":"Person","@id":"https:\/\/www.cesde.com.br\/curso\/author\/admar-cardoso\/#author","url":"https:\/\/www.cesde.com.br\/curso\/author\/admar-cardoso\/","name":"Admar Cardoso"},{"@type":"WebPage","@id":"https:\/\/www.cesde.com.br\/curso\/1a-semana-de-saude-neurociencia-e-espiritualidade\/#webpage","url":"https:\/\/www.cesde.com.br\/curso\/1a-semana-de-saude-neurociencia-e-espiritualidade\/","name":"1\u00aa Semana de Sa\u00fade, Neuroci\u00eancia e Espiritualidade | CESDE - Centro de Estudos e Desenvolvimento Educacional","inLanguage":"pt-BR","isPartOf":{"@id":"https:\/\/www.cesde.com.br\/curso\/#website"},"breadcrumb":{"@id":"https:\/\/www.cesde.com.br\/curso\/1a-semana-de-saude-neurociencia-e-espiritualidade\/#breadcrumblist"},"author":{"@id":"https:\/\/www.cesde.com.br\/curso\/author\/admar-cardoso\/#author"},"creator":{"@id":"https:\/\/www.cesde.com.br\/curso\/author\/admar-cardoso\/#author"},"datePublished":"2020-12-24T21:38:10+00:00","dateModified":"2020-12-24T21:49:10+00:00"},{"@type":"WebSite","@id":"https:\/\/www.cesde.com.br\/curso\/#website","url":"https:\/\/www.cesde.com.br\/curso\/","name":"CESDE - Centro de Estudos e Desenvolvimento Educacional","description":"Cursos em Psicologia, Sa\u00fade Mental, Educa\u00e7\u00e3o e Tecnologia.","inLanguage":"pt-BR","publisher":{"@id":"https:\/\/www.cesde.com.br\/curso\/#organization"}}]},"og:locale":"pt_BR","og:site_name":"CESDE - Centro de Estudos e Desenvolvimento Educacional | Cursos em Psicologia, Sa\u00fade Mental, Educa\u00e7\u00e3o e Tecnologia.","og:type":"activity","og:title":"Psicologia, Sa\u00fade, Neuroci\u00eancia e Espiritualidade","og:description":"Venha conhecer um pouco sobre Psicologia, Sa\u00fade, Neuroci\u00eancia e Espiritualidade. Voc\u00ea sabe as rela\u00e7\u00f5es entre essas \u00e1reas? como podemos abord\u00e1-las na pr\u00e1tica profissional em Sa\u00fade?","og:url":"https:\/\/www.cesde.com.br\/curso\/1a-semana-de-saude-neurociencia-e-espiritualidade\/","twitter:card":"summary","twitter:title":"Psicologia, Sa\u00fade, Neuroci\u00eancia e Espiritualidade","twitter:description":"Venha conhecer um pouco sobre Psicologia, Sa\u00fade, Neuroci\u00eancia e Espiritualidade. Voc\u00ea sabe as rela\u00e7\u00f5es entre essas \u00e1reas? como podemos abord\u00e1-las na pr\u00e1tica profissional em Sa\u00fade?"},"aioseo_meta_data":{"post_id":"3590","title":null,"description":null,"keywords":null,"keyphrases":{"focus":[],"additional":[]},"primary_term":null,"canonical_url":null,"og_title":"Psicologia, Sa\u00fade, Neuroci\u00eancia e Espiritualidade","og_description":"Venha conhecer um pouco sobre Psicologia, Sa\u00fade, Neuroci\u00eancia e Espiritualidade. Voc\u00ea sabe as rela\u00e7\u00f5es entre essas \u00e1reas? como podemos abord\u00e1-las na pr\u00e1tica profissional em Sa\u00fade?","og_object_type":"activity","og_image_type":"default","og_image_url":null,"og_image_width":null,"og_image_height":null,"og_image_custom_url":null,"og_image_custom_fields":null,"og_video":"","og_custom_url":null,"og_article_section":"","og_article_tags":"","twitter_use_og":false,"twitter_card":"summary","twitter_image_type":"default","twitter_image_url":null,"twitter_image_custom_url":null,"twitter_image_custom_fields":null,"twitter_title":null,"twitter_description":null,"schema":{"blockGraphs":[],"customGraphs":[],"default":{"data":{"Article":[],"Course":[],"Dataset":[],"FAQPage":[],"Movie":[],"Person":[],"Product":[],"ProductReview":[],"Car":[],"Recipe":[],"Service":[],"SoftwareApplication":[],"WebPage":[]},"graphName":"Article","isEnabled":true},"graphs":[]},"schema_type":null,"schema_type_options":null,"pillar_content":false,"robots_default":true,"robots_noindex":false,"robots_noarchive":false,"robots_nosnippet":false,"robots_nofollow":false,"robots_noimageindex":false,"robots_noodp":false,"robots_notranslate":false,"robots_max_snippet":null,"robots_max_videopreview":null,"robots_max_imagepreview":"large","priority":null,"frequency":null,"local_seo":null,"breadcrumb_settings":null,"limit_modified_date":false,"ai":null,"created":"2021-05-28 14:56:04","updated":"2026-08-25 11:40:53","focus_keyword":null,"additional_keywords":null,"truseo_locale":null,"seo_analyzer_scan_date":null},"aioseo_breadcrumb":"<div class=\"aioseo-breadcrumbs\"><span class=\"aioseo-breadcrumb\">\n\t\t\t<a href=\"https:\/\/www.cesde.com.br\/curso\" title=\"In\u00edcio\">In\u00edcio<\/a>\n\t\t<\/span><span class=\"aioseo-breadcrumb-separator\">&raquo;<\/span><span class=\"aioseo-breadcrumb\">\n\t\t\t<a href=\"https:\/\/www.cesde.com.br\/curso\/category\/base\/\" title=\"Base do Conhecimento\">Base do Conhecimento<\/a>\n\t\t<\/span><span class=\"aioseo-breadcrumb-separator\">&raquo;<\/span><span class=\"aioseo-breadcrumb\">\n\t\t\t1\u00aa Semana de Sa\u00fade, Neuroci\u00eancia e Espiritualidade\n\t\t<\/span><\/div>","aioseo_breadcrumb_json":[{"label":"In\u00edcio","link":"https:\/\/www.cesde.com.br\/curso"},{"label":"Base do Conhecimento","link":"https:\/\/www.cesde.com.br\/curso\/category\/base\/"},{"label":"1\u00aa Semana de Sa\u00fade, Neuroci\u00eancia e Espiritualidade","link":"https:\/\/www.cesde.com.br\/curso\/1a-semana-de-saude-neurociencia-e-espiritualidade\/"}],"_links":{"self":[{"href":"https:\/\/www.cesde.com.br\/curso\/wp-json\/wp\/v2\/posts\/3590","targetHints":{"allow":["GET"]}}],"collection":[{"href":"https:\/\/www.cesde.com.br\/curso\/wp-json\/wp\/v2\/posts"}],"about":[{"href":"https:\/\/www.cesde.com.br\/curso\/wp-json\/wp\/v2\/types\/post"}],"author":[{"embeddable":true,"href":"https:\/\/www.cesde.com.br\/curso\/wp-json\/wp\/v2\/users\/3"}],"replies":[{"embeddable":true,"href":"https:\/\/www.cesde.com.br\/curso\/wp-json\/wp\/v2\/comments?post=3590"}],"version-history":[{"count":1,"href":"https:\/\/www.cesde.com.br\/curso\/wp-json\/wp\/v2\/posts\/3590\/revisions"}],"predecessor-version":[{"id":3591,"href":"https:\/\/www.cesde.com.br\/curso\/wp-json\/wp\/v2\/posts\/3590\/revisions\/3591"}],"wp:attachment":[{"href":"https:\/\/www.cesde.com.br\/curso\/wp-json\/wp\/v2\/media?parent=3590"}],"wp:term":[{"taxonomy":"category","embeddable":true,"href":"https:\/\/www.cesde.com.br\/curso\/wp-json\/wp\/v2\/categories?post=3590"},{"taxonomy":"post_tag","embeddable":true,"href":"https:\/\/www.cesde.com.br\/curso\/wp-json\/wp\/v2\/tags?post=3590"}],"curies":[{"name":"wp","href":"https:\/\/api.w.org\/{rel}","templated":true}]}}