{"id":3355,"date":"2019-08-28T12:11:32","date_gmt":"2019-08-28T12:11:32","guid":{"rendered":"http:\/\/www.cesde.com.br\/curso\/?p=3355"},"modified":"2019-09-08T14:45:00","modified_gmt":"2019-09-08T14:45:00","slug":"ciclo-de-palestras-da-semana-do-psicologo","status":"publish","type":"post","link":"https:\/\/www.cesde.com.br\/curso\/ciclo-de-palestras-da-semana-do-psicologo\/","title":{"rendered":"Ciclo de Palestras da Semana do Psic\u00f3logo"},"content":{"rendered":"<h2>Ciclo de Palestras Online da Semana do Psic\u00f3logo 2019!<\/h2>\n<p>Do dia 27 de agosto ao dia 02 de setembro estaremos promovendo o ciclo de Palestras Online. Para cada palestra que assistir voc\u00ea ter\u00e1 direito a um CERTIFICADO sem custo algum.<\/p>\n<p>Teremos palestra gratuitas sobre os seguintes temas:<\/p>\n<ul>\n<li>Terapia do Esquema;<\/li>\n<li>Sa\u00fade e Espiritualidade;<\/li>\n<li>Sexologia;<\/li>\n<li>Psicoterapia para o Emagrecimento;<\/li>\n<li>Terapia da Aceita\u00e7\u00e3o e Compromisso (ACT);<\/li>\n<li>Suic\u00eddio;<\/li>\n<li>Patologia Dual.<\/li>\n<\/ul>\n<p>Em todas elas voc\u00ea receber\u00e1 um Certificado de participa\u00e7\u00e3o!<\/p>\n<p>Assista ao v\u00eddeo abaixo e veja como se inscrever no ambiente virtual e participar das palestras.<\/p>\n<p>Para fazer sua inscri\u00e7\u00e3o vai precisar de uma chave de acesso que \u00e9 <span style=\"color: #ff0000;\"><strong>Psicologia2019<\/strong><\/span><\/p>\n<p>Abra\u00e7os e at\u00e9 l\u00e1!!!<\/p>\n<p>&nbsp;<\/p>\n<p style=\"text-align: center;\"><iframe loading=\"lazy\" src=\"https:\/\/www.youtube.com\/embed\/vJhRN___GnA\" width=\"560\" height=\"315\" frameborder=\"0\" allowfullscreen=\"allowfullscreen\"><\/iframe><\/p>\n<p>&nbsp;<\/p>\n<p>&nbsp;<\/p>\n<p>&nbsp;<\/p>\n","protected":false},"excerpt":{"rendered":"<p>Ciclo de Palestras Online da Semana do Psic\u00f3logo 2019! Do dia 27 de agosto ao dia 02 de setembro estaremos promovendo o ciclo de Palestras Online. Para cada palestra que assistir voc\u00ea ter\u00e1 direito a um CERTIFICADO sem custo algum. Teremos palestra gratuitas sobre os seguintes temas: Terapia do Esquema; Sa\u00fade e Espiritualidade; Sexologia; Psicoterapia [&hellip;]<\/p>\n","protected":false},"author":3,"featured_media":0,"comment_status":"closed","ping_status":"closed","sticky":false,"template":"","format":"standard","meta":{"footnotes":""},"categories":[5],"tags":[],"class_list":["post-3355","post","type-post","status-publish","format-standard","hentry","category-noticias"],"aioseo_notices":[],"aioseo_head":"\n\t\t<!-- All in One SEO 5.0.0.1 - aioseo.com -->\n\t<meta name=\"description\" content=\"Venha participar do Ciclo de Palestras Online Gratuitas do CESDE pela semana do Psic\u00f3logo.\" \/>\n\t<meta name=\"robots\" content=\"max-image-preview:large\" \/>\n\t<meta name=\"author\" content=\"Admar Cardoso\"\/>\n\t<link rel=\"canonical\" href=\"https:\/\/www.cesde.com.br\/curso\/ciclo-de-palestras-da-semana-do-psicologo\/\" \/>\n\t<meta name=\"generator\" content=\"All in One SEO (AIOSEO) 5.0.0.1\" \/>\n\t\t<meta property=\"og:locale\" content=\"pt_BR\" \/>\n\t\t<meta property=\"og:site_name\" content=\"CESDE - Centro de Estudos e Desenvolvimento Educacional | Cursos em Psicologia, Sa\u00fade Mental, Educa\u00e7\u00e3o e Tecnologia.\" \/>\n\t\t<meta property=\"og:type\" content=\"activity\" \/>\n\t\t<meta property=\"og:title\" content=\"Ciclo de Palestras da Semana do Psic\u00f3logo | CESDE - Centro de Estudos e Desenvolvimento Educacional\" \/>\n\t\t<meta property=\"og:description\" content=\"Venha participar do Ciclo de Palestras Online Gratuitas do CESDE pela semana do Psic\u00f3logo.\" \/>\n\t\t<meta property=\"og:url\" content=\"https:\/\/www.cesde.com.br\/curso\/ciclo-de-palestras-da-semana-do-psicologo\/\" \/>\n\t\t<meta property=\"og:image\" content=\"https:\/\/www.cesde.com.br\/curso\/wp-content\/uploads\/2019\/08\/bn_semana_do_psicologo_fb_instagram.png\" \/>\n\t\t<meta property=\"og:image:secure_url\" content=\"https:\/\/www.cesde.com.br\/curso\/wp-content\/uploads\/2019\/08\/bn_semana_do_psicologo_fb_instagram.png\" \/>\n\t\t<meta property=\"og:image:width\" content=\"2719\" \/>\n\t\t<meta property=\"og:image:height\" content=\"3004\" \/>\n\t\t<meta name=\"twitter:card\" content=\"summary\" \/>\n\t\t<meta name=\"twitter:title\" content=\"Ciclo de Palestras da Semana do Psic\u00f3logo | CESDE - Centro de Estudos e Desenvolvimento Educacional\" \/>\n\t\t<meta name=\"twitter:description\" content=\"Venha participar do Ciclo de Palestras Online Gratuitas do CESDE pela semana do Psic\u00f3logo.\" \/>\n\t\t<meta name=\"twitter:image\" content=\"https:\/\/www.cesde.com.br\/curso\/wp-content\/uploads\/2019\/08\/bn_semana_do_psicologo_fb_instagram.png\" \/>\n\t\t<script type=\"application\/ld+json\" class=\"aioseo-schema\">\n\t\t\t{\"@context\":\"https:\\\/\\\/schema.org\",\"@graph\":[{\"@type\":\"Article\",\"@id\":\"https:\\\/\\\/www.cesde.com.br\\\/curso\\\/ciclo-de-palestras-da-semana-do-psicologo\\\/#article\",\"name\":\"Ciclo de Palestras da Semana do Psic\\u00f3logo | CESDE - Centro de Estudos e Desenvolvimento Educacional\",\"headline\":\"Ciclo de Palestras da Semana do Psic\\u00f3logo\",\"author\":{\"@id\":\"https:\\\/\\\/www.cesde.com.br\\\/curso\\\/author\\\/admar-cardoso\\\/#author\"},\"publisher\":{\"@id\":\"https:\\\/\\\/www.cesde.com.br\\\/curso\\\/#organization\"},\"datePublished\":\"2019-08-28T12:11:32+00:00\",\"dateModified\":\"2019-09-08T14:45:00+00:00\",\"inLanguage\":\"pt-BR\",\"mainEntityOfPage\":{\"@id\":\"https:\\\/\\\/www.cesde.com.br\\\/curso\\\/ciclo-de-palestras-da-semana-do-psicologo\\\/#webpage\"},\"isPartOf\":{\"@id\":\"https:\\\/\\\/www.cesde.com.br\\\/curso\\\/ciclo-de-palestras-da-semana-do-psicologo\\\/#webpage\"},\"articleSection\":\"Blog\"},{\"@type\":\"BreadcrumbList\",\"@id\":\"https:\\\/\\\/www.cesde.com.br\\\/curso\\\/ciclo-de-palestras-da-semana-do-psicologo\\\/#breadcrumblist\",\"itemListElement\":[{\"@type\":\"ListItem\",\"@id\":\"https:\\\/\\\/www.cesde.com.br\\\/curso#listItem\",\"position\":1,\"name\":\"In\\u00edcio\",\"item\":\"https:\\\/\\\/www.cesde.com.br\\\/curso\",\"nextItem\":{\"@type\":\"ListItem\",\"@id\":\"https:\\\/\\\/www.cesde.com.br\\\/curso\\\/category\\\/noticias\\\/#listItem\",\"name\":\"Blog\"}},{\"@type\":\"ListItem\",\"@id\":\"https:\\\/\\\/www.cesde.com.br\\\/curso\\\/category\\\/noticias\\\/#listItem\",\"position\":2,\"name\":\"Blog\",\"item\":\"https:\\\/\\\/www.cesde.com.br\\\/curso\\\/category\\\/noticias\\\/\",\"nextItem\":{\"@type\":\"ListItem\",\"@id\":\"https:\\\/\\\/www.cesde.com.br\\\/curso\\\/ciclo-de-palestras-da-semana-do-psicologo\\\/#listItem\",\"name\":\"Ciclo de Palestras da Semana do Psic\\u00f3logo\"},\"previousItem\":{\"@type\":\"ListItem\",\"@id\":\"https:\\\/\\\/www.cesde.com.br\\\/curso#listItem\",\"name\":\"In\\u00edcio\"}},{\"@type\":\"ListItem\",\"@id\":\"https:\\\/\\\/www.cesde.com.br\\\/curso\\\/ciclo-de-palestras-da-semana-do-psicologo\\\/#listItem\",\"position\":3,\"name\":\"Ciclo de Palestras da Semana do Psic\\u00f3logo\",\"previousItem\":{\"@type\":\"ListItem\",\"@id\":\"https:\\\/\\\/www.cesde.com.br\\\/curso\\\/category\\\/noticias\\\/#listItem\",\"name\":\"Blog\"}}]},{\"@type\":\"Organization\",\"@id\":\"https:\\\/\\\/www.cesde.com.br\\\/curso\\\/#organization\",\"name\":\"CESDE - Centro de Estudos e Desenvolvimento Educacional\",\"description\":\"Cursos em Psicologia, Sa\\u00fade Mental, Educa\\u00e7\\u00e3o e Tecnologia.\",\"url\":\"https:\\\/\\\/www.cesde.com.br\\\/curso\\\/\"},{\"@type\":\"Person\",\"@id\":\"https:\\\/\\\/www.cesde.com.br\\\/curso\\\/author\\\/admar-cardoso\\\/#author\",\"url\":\"https:\\\/\\\/www.cesde.com.br\\\/curso\\\/author\\\/admar-cardoso\\\/\",\"name\":\"Admar Cardoso\"},{\"@type\":\"WebPage\",\"@id\":\"https:\\\/\\\/www.cesde.com.br\\\/curso\\\/ciclo-de-palestras-da-semana-do-psicologo\\\/#webpage\",\"url\":\"https:\\\/\\\/www.cesde.com.br\\\/curso\\\/ciclo-de-palestras-da-semana-do-psicologo\\\/\",\"name\":\"Ciclo de Palestras da Semana do Psic\\u00f3logo | CESDE - Centro de Estudos e Desenvolvimento Educacional\",\"description\":\"Venha participar do Ciclo de Palestras Online Gratuitas do CESDE pela semana do Psic\\u00f3logo.\",\"inLanguage\":\"pt-BR\",\"isPartOf\":{\"@id\":\"https:\\\/\\\/www.cesde.com.br\\\/curso\\\/#website\"},\"breadcrumb\":{\"@id\":\"https:\\\/\\\/www.cesde.com.br\\\/curso\\\/ciclo-de-palestras-da-semana-do-psicologo\\\/#breadcrumblist\"},\"author\":{\"@id\":\"https:\\\/\\\/www.cesde.com.br\\\/curso\\\/author\\\/admar-cardoso\\\/#author\"},\"creator\":{\"@id\":\"https:\\\/\\\/www.cesde.com.br\\\/curso\\\/author\\\/admar-cardoso\\\/#author\"},\"datePublished\":\"2019-08-28T12:11:32+00:00\",\"dateModified\":\"2019-09-08T14:45:00+00:00\"},{\"@type\":\"WebSite\",\"@id\":\"https:\\\/\\\/www.cesde.com.br\\\/curso\\\/#website\",\"url\":\"https:\\\/\\\/www.cesde.com.br\\\/curso\\\/\",\"name\":\"CESDE - Centro de Estudos e Desenvolvimento Educacional\",\"description\":\"Cursos em Psicologia, Sa\\u00fade Mental, Educa\\u00e7\\u00e3o e Tecnologia.\",\"inLanguage\":\"pt-BR\",\"publisher\":{\"@id\":\"https:\\\/\\\/www.cesde.com.br\\\/curso\\\/#organization\"}}]}\n\t\t<\/script>\n\t\t<!-- All in One SEO -->\n\n","aioseo_head_json":{"title":"Ciclo de Palestras da Semana do Psic\u00f3logo | CESDE - Centro de Estudos e Desenvolvimento Educacional","description":"Venha participar do Ciclo de Palestras Online Gratuitas do CESDE pela semana do Psic\u00f3logo.","canonical_url":"https:\/\/www.cesde.com.br\/curso\/ciclo-de-palestras-da-semana-do-psicologo\/","robots":"max-image-preview:large","keywords":"","webmasterTools":{"miscellaneous":""},"schema":{"@context":"https:\/\/schema.org","@graph":[{"@type":"Article","@id":"https:\/\/www.cesde.com.br\/curso\/ciclo-de-palestras-da-semana-do-psicologo\/#article","name":"Ciclo de Palestras da Semana do Psic\u00f3logo | CESDE - Centro de Estudos e Desenvolvimento Educacional","headline":"Ciclo de Palestras da Semana do Psic\u00f3logo","author":{"@id":"https:\/\/www.cesde.com.br\/curso\/author\/admar-cardoso\/#author"},"publisher":{"@id":"https:\/\/www.cesde.com.br\/curso\/#organization"},"datePublished":"2019-08-28T12:11:32+00:00","dateModified":"2019-09-08T14:45:00+00:00","inLanguage":"pt-BR","mainEntityOfPage":{"@id":"https:\/\/www.cesde.com.br\/curso\/ciclo-de-palestras-da-semana-do-psicologo\/#webpage"},"isPartOf":{"@id":"https:\/\/www.cesde.com.br\/curso\/ciclo-de-palestras-da-semana-do-psicologo\/#webpage"},"articleSection":"Blog"},{"@type":"BreadcrumbList","@id":"https:\/\/www.cesde.com.br\/curso\/ciclo-de-palestras-da-semana-do-psicologo\/#breadcrumblist","itemListElement":[{"@type":"ListItem","@id":"https:\/\/www.cesde.com.br\/curso#listItem","position":1,"name":"In\u00edcio","item":"https:\/\/www.cesde.com.br\/curso","nextItem":{"@type":"ListItem","@id":"https:\/\/www.cesde.com.br\/curso\/category\/noticias\/#listItem","name":"Blog"}},{"@type":"ListItem","@id":"https:\/\/www.cesde.com.br\/curso\/category\/noticias\/#listItem","position":2,"name":"Blog","item":"https:\/\/www.cesde.com.br\/curso\/category\/noticias\/","nextItem":{"@type":"ListItem","@id":"https:\/\/www.cesde.com.br\/curso\/ciclo-de-palestras-da-semana-do-psicologo\/#listItem","name":"Ciclo de Palestras da Semana do Psic\u00f3logo"},"previousItem":{"@type":"ListItem","@id":"https:\/\/www.cesde.com.br\/curso#listItem","name":"In\u00edcio"}},{"@type":"ListItem","@id":"https:\/\/www.cesde.com.br\/curso\/ciclo-de-palestras-da-semana-do-psicologo\/#listItem","position":3,"name":"Ciclo de Palestras da Semana do Psic\u00f3logo","previousItem":{"@type":"ListItem","@id":"https:\/\/www.cesde.com.br\/curso\/category\/noticias\/#listItem","name":"Blog"}}]},{"@type":"Organization","@id":"https:\/\/www.cesde.com.br\/curso\/#organization","name":"CESDE - Centro de Estudos e Desenvolvimento Educacional","description":"Cursos em Psicologia, Sa\u00fade Mental, Educa\u00e7\u00e3o e Tecnologia.","url":"https:\/\/www.cesde.com.br\/curso\/"},{"@type":"Person","@id":"https:\/\/www.cesde.com.br\/curso\/author\/admar-cardoso\/#author","url":"https:\/\/www.cesde.com.br\/curso\/author\/admar-cardoso\/","name":"Admar Cardoso"},{"@type":"WebPage","@id":"https:\/\/www.cesde.com.br\/curso\/ciclo-de-palestras-da-semana-do-psicologo\/#webpage","url":"https:\/\/www.cesde.com.br\/curso\/ciclo-de-palestras-da-semana-do-psicologo\/","name":"Ciclo de Palestras da Semana do Psic\u00f3logo | CESDE - Centro de Estudos e Desenvolvimento Educacional","description":"Venha participar do Ciclo de Palestras Online Gratuitas do CESDE pela semana do Psic\u00f3logo.","inLanguage":"pt-BR","isPartOf":{"@id":"https:\/\/www.cesde.com.br\/curso\/#website"},"breadcrumb":{"@id":"https:\/\/www.cesde.com.br\/curso\/ciclo-de-palestras-da-semana-do-psicologo\/#breadcrumblist"},"author":{"@id":"https:\/\/www.cesde.com.br\/curso\/author\/admar-cardoso\/#author"},"creator":{"@id":"https:\/\/www.cesde.com.br\/curso\/author\/admar-cardoso\/#author"},"datePublished":"2019-08-28T12:11:32+00:00","dateModified":"2019-09-08T14:45:00+00:00"},{"@type":"WebSite","@id":"https:\/\/www.cesde.com.br\/curso\/#website","url":"https:\/\/www.cesde.com.br\/curso\/","name":"CESDE - Centro de Estudos e Desenvolvimento Educacional","description":"Cursos em Psicologia, Sa\u00fade Mental, Educa\u00e7\u00e3o e Tecnologia.","inLanguage":"pt-BR","publisher":{"@id":"https:\/\/www.cesde.com.br\/curso\/#organization"}}]},"og:locale":"pt_BR","og:site_name":"CESDE - Centro de Estudos e Desenvolvimento Educacional | Cursos em Psicologia, Sa\u00fade Mental, Educa\u00e7\u00e3o e Tecnologia.","og:type":"activity","og:title":"Ciclo de Palestras da Semana do Psic\u00f3logo | CESDE - Centro de Estudos e Desenvolvimento Educacional","og:description":"Venha participar do Ciclo de Palestras Online Gratuitas do CESDE pela semana do Psic\u00f3logo.","og:url":"https:\/\/www.cesde.com.br\/curso\/ciclo-de-palestras-da-semana-do-psicologo\/","og:image":"https:\/\/www.cesde.com.br\/curso\/wp-content\/uploads\/2019\/08\/bn_semana_do_psicologo_fb_instagram.png","og:image:secure_url":"https:\/\/www.cesde.com.br\/curso\/wp-content\/uploads\/2019\/08\/bn_semana_do_psicologo_fb_instagram.png","og:image:width":2719,"og:image:height":3004,"twitter:card":"summary","twitter:title":"Ciclo de Palestras da Semana do Psic\u00f3logo | CESDE - Centro de Estudos e Desenvolvimento Educacional","twitter:description":"Venha participar do Ciclo de Palestras Online Gratuitas do CESDE pela semana do Psic\u00f3logo.","twitter:image":"https:\/\/www.cesde.com.br\/curso\/wp-content\/uploads\/2019\/08\/bn_semana_do_psicologo_fb_instagram.png"},"aioseo_meta_data":{"post_id":"3355","title":null,"description":"Venha participar do Ciclo de Palestras Online Gratuitas do CESDE pela semana do Psic\u00f3logo.","keywords":[{"label":"Psicologia","value":"Psicologia"},{"label":"palestra","value":"palestra"},{"label":"Gratuita","value":"Gratuita"},{"label":"","value":""}],"keyphrases":null,"primary_term":null,"canonical_url":null,"og_title":"","og_description":"","og_object_type":"activity","og_image_type":"custom_image","og_image_url":null,"og_image_width":null,"og_image_height":null,"og_image_custom_url":"http:\/\/www.cesde.com.br\/curso\/wp-content\/uploads\/2019\/08\/bn_semana_do_psicologo_fb_instagram.png","og_image_custom_fields":null,"og_video":"","og_custom_url":null,"og_article_section":"","og_article_tags":"","twitter_use_og":false,"twitter_card":"summary","twitter_image_type":"default","twitter_image_url":null,"twitter_image_custom_url":null,"twitter_image_custom_fields":null,"twitter_title":null,"twitter_description":null,"schema":{"blockGraphs":[],"customGraphs":[],"default":{"data":{"Article":[],"Course":[],"Dataset":[],"FAQPage":[],"Movie":[],"Person":[],"Product":[],"ProductReview":[],"Car":[],"Recipe":[],"Service":[],"SoftwareApplication":[],"WebPage":[]},"graphName":"Article","isEnabled":true},"graphs":[]},"schema_type":null,"schema_type_options":null,"pillar_content":false,"robots_default":true,"robots_noindex":false,"robots_noarchive":false,"robots_nosnippet":false,"robots_nofollow":false,"robots_noimageindex":false,"robots_noodp":false,"robots_notranslate":false,"robots_max_snippet":null,"robots_max_videopreview":null,"robots_max_imagepreview":"large","priority":null,"frequency":null,"local_seo":null,"breadcrumb_settings":null,"limit_modified_date":false,"ai":null,"created":"2021-05-28 14:56:04","updated":"2023-03-03 14:06:47","focus_keyword":null,"additional_keywords":null,"truseo_locale":null,"seo_analyzer_scan_date":null},"aioseo_breadcrumb":"<div class=\"aioseo-breadcrumbs\"><span class=\"aioseo-breadcrumb\">\n\t\t\t<a href=\"https:\/\/www.cesde.com.br\/curso\" title=\"In\u00edcio\">In\u00edcio<\/a>\n\t\t<\/span><span class=\"aioseo-breadcrumb-separator\">&raquo;<\/span><span class=\"aioseo-breadcrumb\">\n\t\t\t<a href=\"https:\/\/www.cesde.com.br\/curso\/category\/noticias\/\" title=\"Blog\">Blog<\/a>\n\t\t<\/span><span class=\"aioseo-breadcrumb-separator\">&raquo;<\/span><span class=\"aioseo-breadcrumb\">\n\t\t\tCiclo de Palestras da Semana do Psic\u00f3logo\n\t\t<\/span><\/div>","aioseo_breadcrumb_json":[{"label":"In\u00edcio","link":"https:\/\/www.cesde.com.br\/curso"},{"label":"Blog","link":"https:\/\/www.cesde.com.br\/curso\/category\/noticias\/"},{"label":"Ciclo de Palestras da Semana do Psic\u00f3logo","link":"https:\/\/www.cesde.com.br\/curso\/ciclo-de-palestras-da-semana-do-psicologo\/"}],"_links":{"self":[{"href":"https:\/\/www.cesde.com.br\/curso\/wp-json\/wp\/v2\/posts\/3355","targetHints":{"allow":["GET"]}}],"collection":[{"href":"https:\/\/www.cesde.com.br\/curso\/wp-json\/wp\/v2\/posts"}],"about":[{"href":"https:\/\/www.cesde.com.br\/curso\/wp-json\/wp\/v2\/types\/post"}],"author":[{"embeddable":true,"href":"https:\/\/www.cesde.com.br\/curso\/wp-json\/wp\/v2\/users\/3"}],"replies":[{"embeddable":true,"href":"https:\/\/www.cesde.com.br\/curso\/wp-json\/wp\/v2\/comments?post=3355"}],"version-history":[{"count":3,"href":"https:\/\/www.cesde.com.br\/curso\/wp-json\/wp\/v2\/posts\/3355\/revisions"}],"predecessor-version":[{"id":3362,"href":"https:\/\/www.cesde.com.br\/curso\/wp-json\/wp\/v2\/posts\/3355\/revisions\/3362"}],"wp:attachment":[{"href":"https:\/\/www.cesde.com.br\/curso\/wp-json\/wp\/v2\/media?parent=3355"}],"wp:term":[{"taxonomy":"category","embeddable":true,"href":"https:\/\/www.cesde.com.br\/curso\/wp-json\/wp\/v2\/categories?post=3355"},{"taxonomy":"post_tag","embeddable":true,"href":"https:\/\/www.cesde.com.br\/curso\/wp-json\/wp\/v2\/tags?post=3355"}],"curies":[{"name":"wp","href":"https:\/\/api.w.org\/{rel}","templated":true}]}}