{"id":3249,"date":"2019-08-06T16:37:35","date_gmt":"2019-08-06T16:37:35","guid":{"rendered":"http:\/\/www.cesde.com.br\/curso\/?p=3249"},"modified":"2019-08-12T13:39:52","modified_gmt":"2019-08-12T13:39:52","slug":"palestra-sobre-saude-e-espiritualidade-na-pratica-clinica","status":"publish","type":"post","link":"https:\/\/www.cesde.com.br\/curso\/palestra-sobre-saude-e-espiritualidade-na-pratica-clinica\/","title":{"rendered":"Palestra sobre Sa\u00fade e Espiritualidade na Pr\u00e1tica Cl\u00ednica com CERTIFICADO de Participa\u00e7\u00e3o"},"content":{"rendered":"<h2>Assista e aprenda um pouco mais sobre Sa\u00fade e Espiritualidade na Pr\u00e1tica Cl\u00ednica e receba um CERTIFICADO de participa\u00e7\u00e3o<\/h2>\n<p>Nesta palestra realizada dia 04\/08\/19 no ambiente virtual do CESDE o professor Leonardo Martins abordou v\u00e1rios aspectos relacionados ao tema Sa\u00fade e Espiritualidade.<\/p>\n<p>Quer assistir ao v\u00eddeo? S\u00f3 rolar a p\u00e1gina e clicar no Play!<\/p>\n<p>Quer fazer um curso de Forma\u00e7\u00e3o em Sa\u00fade e Espiritualidade? <strong><a href=\"http:\/\/www.cesde.com.br\/curso\/3197-2\/\">Clique Aqui!<\/a><\/strong><\/p>\n<p>Quer receber um certificado por assistir ao v\u00eddeo: Veja as instru\u00e7\u00f5es logo abaixo do v\u00eddeo.<\/p>\n<p>&nbsp;<\/p>\n<p><iframe loading=\"lazy\" src=\"https:\/\/www.youtube.com\/embed\/qNhpuUP8GMA\" width=\"560\" height=\"315\" frameborder=\"0\" allowfullscreen=\"allowfullscreen\"><\/iframe><\/p>\n<p>&nbsp;<\/p>\n<p><span style=\"color: #ff0000;\"><strong>CERTIFICADO de Participa\u00e7\u00e3o na Palestra<\/strong><\/span><\/p>\n<p>Ap\u00f3s assistir \u00e0 palestra se desejar receber um certificado voc\u00ea dever\u00e1 seguir os seguintes passos:<\/p>\n<ol>\n<li>Compartilhe essa p\u00e1gina em pelo menos uma de suas redes sociais (Facebook e\/ou Instagram) conforme v\u00eddeo abaixo;<\/li>\n<li>Elabore 3 perguntas interessantes sobre o tema da palestra;<\/li>\n<li>Envie no e-mail abaixo o link do compartilhamento desta p\u00e1gina numa de suas m\u00eddias sociais (de acordo com o v\u00eddeo);<\/li>\n<li>Junto ao link envie as 3 perguntas;<\/li>\n<li>Coloque seu nome completo com seu CPF e E-mail que obrigatoriamente far\u00e3o parte do seu certificado;<\/li>\n<li>Por seu endere\u00e7o de e-mail para enviarmos o Certificado em PDF<\/li>\n<\/ol>\n<p style=\"text-align: center;\"><iframe loading=\"lazy\" src=\"https:\/\/www.youtube.com\/embed\/pXzW1hkKDiA\" width=\"560\" height=\"315\" frameborder=\"0\" allowfullscreen=\"allowfullscreen\"><\/iframe><\/p>\n<p>&nbsp;<\/p>\n<p>O E-mail dever\u00e1 ser enviado para contato@cesde.com.br<\/p>\n<p>Boa sorte!!!<\/p>\n<p style=\"text-align: center;\"><a href=\"http:\/\/www.cesde.com.br\/curso\/3197-2\/\">Curso de Forma\u00e7\u00e3o em Sa\u00fade e Espiritualidade na Pr\u00e1tica Cl\u00ednica a Dist\u00e2ncia<\/a><\/p>\n<p style=\"text-align: center;\"><a href=\"http:\/\/www.cesde.com.br\/curso\/3197-2\/\"><img loading=\"lazy\" decoding=\"async\" class=\"aligncenter size-large wp-image-3254\" src=\"http:\/\/www.cesde.com.br\/curso\/wp-content\/uploads\/2019\/08\/Espiritualidade-setembro-1-320x320.jpg\" alt=\"\" width=\"320\" height=\"320\" \/><\/a><\/p>\n<p>&nbsp;<\/p>\n","protected":false},"excerpt":{"rendered":"<p>Assista e aprenda um pouco mais sobre Sa\u00fade e Espiritualidade na Pr\u00e1tica Cl\u00ednica e receba um CERTIFICADO de participa\u00e7\u00e3o Nesta palestra realizada dia 04\/08\/19 no ambiente virtual do CESDE o professor Leonardo Martins abordou v\u00e1rios aspectos relacionados ao tema Sa\u00fade e Espiritualidade. Quer assistir ao v\u00eddeo? S\u00f3 rolar a p\u00e1gina e clicar no Play! Quer [&hellip;]<\/p>\n","protected":false},"author":3,"featured_media":0,"comment_status":"closed","ping_status":"closed","sticky":false,"template":"","format":"standard","meta":{"footnotes":""},"categories":[283],"tags":[],"class_list":["post-3249","post","type-post","status-publish","format-standard","hentry","category-base"],"aioseo_notices":[],"aioseo_head":"\n\t\t<!-- All in One SEO 5.0.0.1 - aioseo.com -->\n\t<meta name=\"description\" content=\"Nesta palestra realizada dia 04\/08\/19 no ambiente virtual do CESDE o professor Leonardo Martins abordou v\u00e1rios aspectos relacionados ao tema Sa\u00fade e Espiritualidade.\" \/>\n\t<meta name=\"robots\" content=\"max-image-preview:large\" \/>\n\t<meta name=\"author\" content=\"Admar Cardoso\"\/>\n\t<link rel=\"canonical\" href=\"https:\/\/www.cesde.com.br\/curso\/palestra-sobre-saude-e-espiritualidade-na-pratica-clinica\/\" \/>\n\t<meta name=\"generator\" content=\"All in One SEO (AIOSEO) 5.0.0.1\" \/>\n\t\t<meta property=\"og:locale\" content=\"pt_BR\" \/>\n\t\t<meta property=\"og:site_name\" content=\"CESDE - Centro de Estudos e Desenvolvimento Educacional | Cursos em Psicologia, Sa\u00fade Mental, Educa\u00e7\u00e3o e Tecnologia.\" \/>\n\t\t<meta property=\"og:type\" content=\"activity\" \/>\n\t\t<meta property=\"og:title\" content=\"Palestra sobre Sa\u00fade e Espiritualidade na Pr\u00e1tica Cl\u00ednica com CERTIFICADO de Participa\u00e7\u00e3o | CESDE - Centro de Estudos e Desenvolvimento Educacional\" \/>\n\t\t<meta property=\"og:description\" content=\"Assista \u00e0 Palestra sobre Sa\u00fade e Espiritualidade na pr\u00e1tica cl\u00ednica. Quer receber certificado de participa\u00e7\u00e3o? Entre em nossa p\u00e1gina e saiba como! cesde.com.br\" \/>\n\t\t<meta property=\"og:url\" content=\"https:\/\/www.cesde.com.br\/curso\/palestra-sobre-saude-e-espiritualidade-na-pratica-clinica\/\" \/>\n\t\t<meta property=\"og:image\" content=\"https:\/\/www.cesde.com.br\/curso\/wp-content\/uploads\/2019\/08\/Espiritualidade-setembro-1-320x320.jpg\" \/>\n\t\t<meta property=\"og:image:secure_url\" content=\"https:\/\/www.cesde.com.br\/curso\/wp-content\/uploads\/2019\/08\/Espiritualidade-setembro-1-320x320.jpg\" \/>\n\t\t<meta name=\"twitter:card\" content=\"summary\" \/>\n\t\t<meta name=\"twitter:title\" content=\"Palestra sobre Sa\u00fade e Espiritualidade na Pr\u00e1tica Cl\u00ednica com CERTIFICADO de Participa\u00e7\u00e3o | CESDE - Centro de Estudos e Desenvolvimento Educacional\" \/>\n\t\t<meta name=\"twitter:description\" content=\"Assista \u00e0 Palestra sobre Sa\u00fade e Espiritualidade na pr\u00e1tica cl\u00ednica. Quer receber certificado de participa\u00e7\u00e3o? Entre em nossa p\u00e1gina e saiba como! cesde.com.br\" \/>\n\t\t<meta name=\"twitter:image\" content=\"http:\/\/www.cesde.com.br\/curso\/wp-content\/uploads\/2019\/08\/Espiritualidade-setembro-1-320x320.jpg\" \/>\n\t\t<script type=\"application\/ld+json\" class=\"aioseo-schema\">\n\t\t\t{\"@context\":\"https:\\\/\\\/schema.org\",\"@graph\":[{\"@type\":\"Article\",\"@id\":\"https:\\\/\\\/www.cesde.com.br\\\/curso\\\/palestra-sobre-saude-e-espiritualidade-na-pratica-clinica\\\/#article\",\"name\":\"Palestra sobre Sa\\u00fade e Espiritualidade na Pr\\u00e1tica Cl\\u00ednica com CERTIFICADO de Participa\\u00e7\\u00e3o | CESDE - Centro de Estudos e Desenvolvimento Educacional\",\"headline\":\"Palestra sobre Sa\\u00fade e Espiritualidade na Pr\\u00e1tica Cl\\u00ednica com CERTIFICADO de Participa\\u00e7\\u00e3o\",\"author\":{\"@id\":\"https:\\\/\\\/www.cesde.com.br\\\/curso\\\/author\\\/admar-cardoso\\\/#author\"},\"publisher\":{\"@id\":\"https:\\\/\\\/www.cesde.com.br\\\/curso\\\/#organization\"},\"image\":{\"@type\":\"ImageObject\",\"url\":\"http:\\\/\\\/www.cesde.com.br\\\/curso\\\/wp-content\\\/uploads\\\/2019\\\/08\\\/Espiritualidade-setembro-1-320x320.jpg\",\"@id\":\"https:\\\/\\\/www.cesde.com.br\\\/curso\\\/palestra-sobre-saude-e-espiritualidade-na-pratica-clinica\\\/#articleImage\"},\"datePublished\":\"2019-08-06T16:37:35+00:00\",\"dateModified\":\"2019-08-12T13:39:52+00:00\",\"inLanguage\":\"pt-BR\",\"mainEntityOfPage\":{\"@id\":\"https:\\\/\\\/www.cesde.com.br\\\/curso\\\/palestra-sobre-saude-e-espiritualidade-na-pratica-clinica\\\/#webpage\"},\"isPartOf\":{\"@id\":\"https:\\\/\\\/www.cesde.com.br\\\/curso\\\/palestra-sobre-saude-e-espiritualidade-na-pratica-clinica\\\/#webpage\"},\"articleSection\":\"Base do Conhecimento\"},{\"@type\":\"BreadcrumbList\",\"@id\":\"https:\\\/\\\/www.cesde.com.br\\\/curso\\\/palestra-sobre-saude-e-espiritualidade-na-pratica-clinica\\\/#breadcrumblist\",\"itemListElement\":[{\"@type\":\"ListItem\",\"@id\":\"https:\\\/\\\/www.cesde.com.br\\\/curso#listItem\",\"position\":1,\"name\":\"In\\u00edcio\",\"item\":\"https:\\\/\\\/www.cesde.com.br\\\/curso\",\"nextItem\":{\"@type\":\"ListItem\",\"@id\":\"https:\\\/\\\/www.cesde.com.br\\\/curso\\\/category\\\/base\\\/#listItem\",\"name\":\"Base do Conhecimento\"}},{\"@type\":\"ListItem\",\"@id\":\"https:\\\/\\\/www.cesde.com.br\\\/curso\\\/category\\\/base\\\/#listItem\",\"position\":2,\"name\":\"Base do Conhecimento\",\"item\":\"https:\\\/\\\/www.cesde.com.br\\\/curso\\\/category\\\/base\\\/\",\"nextItem\":{\"@type\":\"ListItem\",\"@id\":\"https:\\\/\\\/www.cesde.com.br\\\/curso\\\/palestra-sobre-saude-e-espiritualidade-na-pratica-clinica\\\/#listItem\",\"name\":\"Palestra sobre Sa\\u00fade e Espiritualidade na Pr\\u00e1tica Cl\\u00ednica com CERTIFICADO de Participa\\u00e7\\u00e3o\"},\"previousItem\":{\"@type\":\"ListItem\",\"@id\":\"https:\\\/\\\/www.cesde.com.br\\\/curso#listItem\",\"name\":\"In\\u00edcio\"}},{\"@type\":\"ListItem\",\"@id\":\"https:\\\/\\\/www.cesde.com.br\\\/curso\\\/palestra-sobre-saude-e-espiritualidade-na-pratica-clinica\\\/#listItem\",\"position\":3,\"name\":\"Palestra sobre Sa\\u00fade e Espiritualidade na Pr\\u00e1tica Cl\\u00ednica com CERTIFICADO de Participa\\u00e7\\u00e3o\",\"previousItem\":{\"@type\":\"ListItem\",\"@id\":\"https:\\\/\\\/www.cesde.com.br\\\/curso\\\/category\\\/base\\\/#listItem\",\"name\":\"Base do Conhecimento\"}}]},{\"@type\":\"Organization\",\"@id\":\"https:\\\/\\\/www.cesde.com.br\\\/curso\\\/#organization\",\"name\":\"CESDE - Centro de Estudos e Desenvolvimento Educacional\",\"description\":\"Cursos em Psicologia, Sa\\u00fade Mental, Educa\\u00e7\\u00e3o e Tecnologia.\",\"url\":\"https:\\\/\\\/www.cesde.com.br\\\/curso\\\/\"},{\"@type\":\"Person\",\"@id\":\"https:\\\/\\\/www.cesde.com.br\\\/curso\\\/author\\\/admar-cardoso\\\/#author\",\"url\":\"https:\\\/\\\/www.cesde.com.br\\\/curso\\\/author\\\/admar-cardoso\\\/\",\"name\":\"Admar Cardoso\"},{\"@type\":\"WebPage\",\"@id\":\"https:\\\/\\\/www.cesde.com.br\\\/curso\\\/palestra-sobre-saude-e-espiritualidade-na-pratica-clinica\\\/#webpage\",\"url\":\"https:\\\/\\\/www.cesde.com.br\\\/curso\\\/palestra-sobre-saude-e-espiritualidade-na-pratica-clinica\\\/\",\"name\":\"Palestra sobre Sa\\u00fade e Espiritualidade na Pr\\u00e1tica Cl\\u00ednica com CERTIFICADO de Participa\\u00e7\\u00e3o | CESDE - Centro de Estudos e Desenvolvimento Educacional\",\"description\":\"Nesta palestra realizada dia 04\\\/08\\\/19 no ambiente virtual do CESDE o professor Leonardo Martins abordou v\\u00e1rios aspectos relacionados ao tema Sa\\u00fade e Espiritualidade.\",\"inLanguage\":\"pt-BR\",\"isPartOf\":{\"@id\":\"https:\\\/\\\/www.cesde.com.br\\\/curso\\\/#website\"},\"breadcrumb\":{\"@id\":\"https:\\\/\\\/www.cesde.com.br\\\/curso\\\/palestra-sobre-saude-e-espiritualidade-na-pratica-clinica\\\/#breadcrumblist\"},\"author\":{\"@id\":\"https:\\\/\\\/www.cesde.com.br\\\/curso\\\/author\\\/admar-cardoso\\\/#author\"},\"creator\":{\"@id\":\"https:\\\/\\\/www.cesde.com.br\\\/curso\\\/author\\\/admar-cardoso\\\/#author\"},\"datePublished\":\"2019-08-06T16:37:35+00:00\",\"dateModified\":\"2019-08-12T13:39:52+00:00\"},{\"@type\":\"WebSite\",\"@id\":\"https:\\\/\\\/www.cesde.com.br\\\/curso\\\/#website\",\"url\":\"https:\\\/\\\/www.cesde.com.br\\\/curso\\\/\",\"name\":\"CESDE - Centro de Estudos e Desenvolvimento Educacional\",\"description\":\"Cursos em Psicologia, Sa\\u00fade Mental, Educa\\u00e7\\u00e3o e Tecnologia.\",\"inLanguage\":\"pt-BR\",\"publisher\":{\"@id\":\"https:\\\/\\\/www.cesde.com.br\\\/curso\\\/#organization\"}}]}\n\t\t<\/script>\n\t\t<!-- All in One SEO -->\n\n","aioseo_head_json":{"title":"Palestra sobre Sa\u00fade e Espiritualidade na Pr\u00e1tica Cl\u00ednica com CERTIFICADO de Participa\u00e7\u00e3o | CESDE - Centro de Estudos e Desenvolvimento Educacional","description":"Nesta palestra realizada dia 04\/08\/19 no ambiente virtual do CESDE o professor Leonardo Martins abordou v\u00e1rios aspectos relacionados ao tema Sa\u00fade e Espiritualidade.","canonical_url":"https:\/\/www.cesde.com.br\/curso\/palestra-sobre-saude-e-espiritualidade-na-pratica-clinica\/","robots":"max-image-preview:large","keywords":"","webmasterTools":{"miscellaneous":""},"schema":{"@context":"https:\/\/schema.org","@graph":[{"@type":"Article","@id":"https:\/\/www.cesde.com.br\/curso\/palestra-sobre-saude-e-espiritualidade-na-pratica-clinica\/#article","name":"Palestra sobre Sa\u00fade e Espiritualidade na Pr\u00e1tica Cl\u00ednica com CERTIFICADO de Participa\u00e7\u00e3o | CESDE - Centro de Estudos e Desenvolvimento Educacional","headline":"Palestra sobre Sa\u00fade e Espiritualidade na Pr\u00e1tica Cl\u00ednica com CERTIFICADO de Participa\u00e7\u00e3o","author":{"@id":"https:\/\/www.cesde.com.br\/curso\/author\/admar-cardoso\/#author"},"publisher":{"@id":"https:\/\/www.cesde.com.br\/curso\/#organization"},"image":{"@type":"ImageObject","url":"http:\/\/www.cesde.com.br\/curso\/wp-content\/uploads\/2019\/08\/Espiritualidade-setembro-1-320x320.jpg","@id":"https:\/\/www.cesde.com.br\/curso\/palestra-sobre-saude-e-espiritualidade-na-pratica-clinica\/#articleImage"},"datePublished":"2019-08-06T16:37:35+00:00","dateModified":"2019-08-12T13:39:52+00:00","inLanguage":"pt-BR","mainEntityOfPage":{"@id":"https:\/\/www.cesde.com.br\/curso\/palestra-sobre-saude-e-espiritualidade-na-pratica-clinica\/#webpage"},"isPartOf":{"@id":"https:\/\/www.cesde.com.br\/curso\/palestra-sobre-saude-e-espiritualidade-na-pratica-clinica\/#webpage"},"articleSection":"Base do Conhecimento"},{"@type":"BreadcrumbList","@id":"https:\/\/www.cesde.com.br\/curso\/palestra-sobre-saude-e-espiritualidade-na-pratica-clinica\/#breadcrumblist","itemListElement":[{"@type":"ListItem","@id":"https:\/\/www.cesde.com.br\/curso#listItem","position":1,"name":"In\u00edcio","item":"https:\/\/www.cesde.com.br\/curso","nextItem":{"@type":"ListItem","@id":"https:\/\/www.cesde.com.br\/curso\/category\/base\/#listItem","name":"Base do Conhecimento"}},{"@type":"ListItem","@id":"https:\/\/www.cesde.com.br\/curso\/category\/base\/#listItem","position":2,"name":"Base do Conhecimento","item":"https:\/\/www.cesde.com.br\/curso\/category\/base\/","nextItem":{"@type":"ListItem","@id":"https:\/\/www.cesde.com.br\/curso\/palestra-sobre-saude-e-espiritualidade-na-pratica-clinica\/#listItem","name":"Palestra sobre Sa\u00fade e Espiritualidade na Pr\u00e1tica Cl\u00ednica com CERTIFICADO de Participa\u00e7\u00e3o"},"previousItem":{"@type":"ListItem","@id":"https:\/\/www.cesde.com.br\/curso#listItem","name":"In\u00edcio"}},{"@type":"ListItem","@id":"https:\/\/www.cesde.com.br\/curso\/palestra-sobre-saude-e-espiritualidade-na-pratica-clinica\/#listItem","position":3,"name":"Palestra sobre Sa\u00fade e Espiritualidade na Pr\u00e1tica Cl\u00ednica com CERTIFICADO de Participa\u00e7\u00e3o","previousItem":{"@type":"ListItem","@id":"https:\/\/www.cesde.com.br\/curso\/category\/base\/#listItem","name":"Base do Conhecimento"}}]},{"@type":"Organization","@id":"https:\/\/www.cesde.com.br\/curso\/#organization","name":"CESDE - Centro de Estudos e Desenvolvimento Educacional","description":"Cursos em Psicologia, Sa\u00fade Mental, Educa\u00e7\u00e3o e Tecnologia.","url":"https:\/\/www.cesde.com.br\/curso\/"},{"@type":"Person","@id":"https:\/\/www.cesde.com.br\/curso\/author\/admar-cardoso\/#author","url":"https:\/\/www.cesde.com.br\/curso\/author\/admar-cardoso\/","name":"Admar Cardoso"},{"@type":"WebPage","@id":"https:\/\/www.cesde.com.br\/curso\/palestra-sobre-saude-e-espiritualidade-na-pratica-clinica\/#webpage","url":"https:\/\/www.cesde.com.br\/curso\/palestra-sobre-saude-e-espiritualidade-na-pratica-clinica\/","name":"Palestra sobre Sa\u00fade e Espiritualidade na Pr\u00e1tica Cl\u00ednica com CERTIFICADO de Participa\u00e7\u00e3o | CESDE - Centro de Estudos e Desenvolvimento Educacional","description":"Nesta palestra realizada dia 04\/08\/19 no ambiente virtual do CESDE o professor Leonardo Martins abordou v\u00e1rios aspectos relacionados ao tema Sa\u00fade e Espiritualidade.","inLanguage":"pt-BR","isPartOf":{"@id":"https:\/\/www.cesde.com.br\/curso\/#website"},"breadcrumb":{"@id":"https:\/\/www.cesde.com.br\/curso\/palestra-sobre-saude-e-espiritualidade-na-pratica-clinica\/#breadcrumblist"},"author":{"@id":"https:\/\/www.cesde.com.br\/curso\/author\/admar-cardoso\/#author"},"creator":{"@id":"https:\/\/www.cesde.com.br\/curso\/author\/admar-cardoso\/#author"},"datePublished":"2019-08-06T16:37:35+00:00","dateModified":"2019-08-12T13:39:52+00:00"},{"@type":"WebSite","@id":"https:\/\/www.cesde.com.br\/curso\/#website","url":"https:\/\/www.cesde.com.br\/curso\/","name":"CESDE - Centro de Estudos e Desenvolvimento Educacional","description":"Cursos em Psicologia, Sa\u00fade Mental, Educa\u00e7\u00e3o e Tecnologia.","inLanguage":"pt-BR","publisher":{"@id":"https:\/\/www.cesde.com.br\/curso\/#organization"}}]},"og:locale":"pt_BR","og:site_name":"CESDE - Centro de Estudos e Desenvolvimento Educacional | Cursos em Psicologia, Sa\u00fade Mental, Educa\u00e7\u00e3o e Tecnologia.","og:type":"activity","og:title":"Palestra sobre Sa\u00fade e Espiritualidade na Pr\u00e1tica Cl\u00ednica com CERTIFICADO de Participa\u00e7\u00e3o | CESDE - Centro de Estudos e Desenvolvimento Educacional","og:description":"Assista \u00e0 Palestra sobre Sa\u00fade e Espiritualidade na pr\u00e1tica cl\u00ednica. Quer receber certificado de participa\u00e7\u00e3o? Entre em nossa p\u00e1gina e saiba como! cesde.com.br","og:url":"https:\/\/www.cesde.com.br\/curso\/palestra-sobre-saude-e-espiritualidade-na-pratica-clinica\/","og:image":"https:\/\/www.cesde.com.br\/curso\/wp-content\/uploads\/2019\/08\/Espiritualidade-setembro-1-320x320.jpg","og:image:secure_url":"https:\/\/www.cesde.com.br\/curso\/wp-content\/uploads\/2019\/08\/Espiritualidade-setembro-1-320x320.jpg","twitter:card":"summary","twitter:title":"Palestra sobre Sa\u00fade e Espiritualidade na Pr\u00e1tica Cl\u00ednica com CERTIFICADO de Participa\u00e7\u00e3o | CESDE - Centro de Estudos e Desenvolvimento Educacional","twitter:description":"Assista \u00e0 Palestra sobre Sa\u00fade e Espiritualidade na pr\u00e1tica cl\u00ednica. Quer receber certificado de participa\u00e7\u00e3o? Entre em nossa p\u00e1gina e saiba como! cesde.com.br","twitter:image":"http:\/\/www.cesde.com.br\/curso\/wp-content\/uploads\/2019\/08\/Espiritualidade-setembro-1-320x320.jpg"},"aioseo_meta_data":{"post_id":"3249","title":null,"description":"Nesta palestra realizada dia 04\/08\/19 no ambiente virtual do CESDE o professor Leonardo Martins abordou v\u00e1rios aspectos relacionados ao tema Sa\u00fade e Espiritualidade.","keywords":[{"label":"Palestra","value":"Palestra"},{"label":"sa\u00fade","value":"sa\u00fade"},{"label":"espiritualidade","value":"espiritualidade"},{"label":"curso","value":"curso"},{"label":"psicologia","value":"psicologia"},{"label":"EaD","value":"EaD"},{"label":"online","value":"online"},{"label":"a dist\u00e2ncia","value":"a dist\u00e2ncia"},{"label":"pr\u00e1tica cl\u00ednica","value":"pr\u00e1tica cl\u00ednica"},{"label":"psiquiatria","value":"psiquiatria"},{"label":"medicina","value":"medicina"},{"label":"enfermagem","value":"enfermagem"}],"keyphrases":null,"primary_term":null,"canonical_url":null,"og_title":"","og_description":"Assista \u00e0 Palestra sobre Sa\u00fade e Espiritualidade na pr\u00e1tica cl\u00ednica. Quer receber certificado de participa\u00e7\u00e3o? Entre em nossa p\u00e1gina e saiba como! cesde.com.br","og_object_type":"activity","og_image_type":"custom_image","og_image_url":null,"og_image_width":null,"og_image_height":null,"og_image_custom_url":"http:\/\/www.cesde.com.br\/curso\/wp-content\/uploads\/2019\/08\/Espiritualidade-setembro-1-320x320.jpg","og_image_custom_fields":null,"og_video":"","og_custom_url":null,"og_article_section":"","og_article_tags":"","twitter_use_og":false,"twitter_card":"summary","twitter_image_type":"default","twitter_image_url":null,"twitter_image_custom_url":null,"twitter_image_custom_fields":null,"twitter_title":null,"twitter_description":null,"schema":{"blockGraphs":[],"customGraphs":[],"default":{"data":{"Article":[],"Course":[],"Dataset":[],"FAQPage":[],"Movie":[],"Person":[],"Product":[],"ProductReview":[],"Car":[],"Recipe":[],"Service":[],"SoftwareApplication":[],"WebPage":[]},"graphName":"Article","isEnabled":true},"graphs":[]},"schema_type":null,"schema_type_options":null,"pillar_content":false,"robots_default":true,"robots_noindex":false,"robots_noarchive":false,"robots_nosnippet":false,"robots_nofollow":false,"robots_noimageindex":false,"robots_noodp":false,"robots_notranslate":false,"robots_max_snippet":null,"robots_max_videopreview":null,"robots_max_imagepreview":"large","priority":null,"frequency":null,"local_seo":null,"breadcrumb_settings":null,"limit_modified_date":false,"ai":null,"created":"2021-05-28 14:56:37","updated":"2023-03-03 16:59:16","focus_keyword":null,"additional_keywords":null,"truseo_locale":null,"seo_analyzer_scan_date":null},"aioseo_breadcrumb":"<div class=\"aioseo-breadcrumbs\"><span class=\"aioseo-breadcrumb\">\n\t\t\t<a href=\"https:\/\/www.cesde.com.br\/curso\" title=\"In\u00edcio\">In\u00edcio<\/a>\n\t\t<\/span><span class=\"aioseo-breadcrumb-separator\">&raquo;<\/span><span class=\"aioseo-breadcrumb\">\n\t\t\t<a href=\"https:\/\/www.cesde.com.br\/curso\/category\/base\/\" title=\"Base do Conhecimento\">Base do Conhecimento<\/a>\n\t\t<\/span><span class=\"aioseo-breadcrumb-separator\">&raquo;<\/span><span class=\"aioseo-breadcrumb\">\n\t\t\tPalestra sobre Sa\u00fade e Espiritualidade na Pr\u00e1tica Cl\u00ednica com CERTIFICADO de Participa\u00e7\u00e3o\n\t\t<\/span><\/div>","aioseo_breadcrumb_json":[{"label":"In\u00edcio","link":"https:\/\/www.cesde.com.br\/curso"},{"label":"Base do Conhecimento","link":"https:\/\/www.cesde.com.br\/curso\/category\/base\/"},{"label":"Palestra sobre Sa\u00fade e Espiritualidade na Pr\u00e1tica Cl\u00ednica com CERTIFICADO de Participa\u00e7\u00e3o","link":"https:\/\/www.cesde.com.br\/curso\/palestra-sobre-saude-e-espiritualidade-na-pratica-clinica\/"}],"_links":{"self":[{"href":"https:\/\/www.cesde.com.br\/curso\/wp-json\/wp\/v2\/posts\/3249","targetHints":{"allow":["GET"]}}],"collection":[{"href":"https:\/\/www.cesde.com.br\/curso\/wp-json\/wp\/v2\/posts"}],"about":[{"href":"https:\/\/www.cesde.com.br\/curso\/wp-json\/wp\/v2\/types\/post"}],"author":[{"embeddable":true,"href":"https:\/\/www.cesde.com.br\/curso\/wp-json\/wp\/v2\/users\/3"}],"replies":[{"embeddable":true,"href":"https:\/\/www.cesde.com.br\/curso\/wp-json\/wp\/v2\/comments?post=3249"}],"version-history":[{"count":10,"href":"https:\/\/www.cesde.com.br\/curso\/wp-json\/wp\/v2\/posts\/3249\/revisions"}],"predecessor-version":[{"id":3251,"href":"https:\/\/www.cesde.com.br\/curso\/wp-json\/wp\/v2\/posts\/3249\/revisions\/3251"}],"wp:attachment":[{"href":"https:\/\/www.cesde.com.br\/curso\/wp-json\/wp\/v2\/media?parent=3249"}],"wp:term":[{"taxonomy":"category","embeddable":true,"href":"https:\/\/www.cesde.com.br\/curso\/wp-json\/wp\/v2\/categories?post=3249"},{"taxonomy":"post_tag","embeddable":true,"href":"https:\/\/www.cesde.com.br\/curso\/wp-json\/wp\/v2\/tags?post=3249"}],"curies":[{"name":"wp","href":"https:\/\/api.w.org\/{rel}","templated":true}]}}