{"id":32,"date":"2012-05-01T18:24:32","date_gmt":"2012-05-01T18:24:32","guid":{"rendered":"http:\/\/www.cesde.com.br\/curso\/?p=32"},"modified":"2020-08-10T18:23:22","modified_gmt":"2020-08-10T18:23:22","slug":"formacao-em-terapia-cognitiva","status":"publish","type":"post","link":"https:\/\/www.cesde.com.br\/curso\/formacao-em-terapia-cognitiva\/","title":{"rendered":"Forma\u00e7\u00e3o em Terapia Cognitivo-comportamental em BH"},"content":{"rendered":"\r\n<h2 class=\"wp-block-heading\" style=\"text-align: center;\">Curso de Forma\u00e7\u00e3o em TCC em BH 2019<\/h2>\r\n\r\n\r\n\r\n<p class=\"has-text-color wp-block-paragraph\" style=\"color: #ffffff;\">&#8211;<\/p>\r\n\r\n\r\n\r\n<p class=\"has-background has-medium-font-size has-luminous-vivid-amber-background-color wp-block-paragraph\" style=\"text-align: center;\"><span style=\"color: #ff0000;\"><strong>In\u00edcio em Agosto de 2019<\/strong><\/span><\/p>\r\n\r\n\r\n\r\n<p class=\"has-text-color wp-block-paragraph\" style=\"color: #ffffff;\">&#8211;<\/p>\r\n\r\n\r\n\r\n<p><iframe loading=\"lazy\" src=\"https:\/\/player.vimeo.com\/video\/326674116\" width=\"640\" height=\"480\" frameborder=\"0\" allowfullscreen=\"allowfullscreen\"><\/iframe><\/p>\r\n\r\n\r\n\r\n<p class=\"wp-block-paragraph\">A Terapia Cognitivo-Comportamental \u00e9 uma das abordagens terap\u00eauticas de maior efici\u00eancia e indicada pelos grandes centros de refer\u00eancia em Sa\u00fade como OMS (Organiza\u00e7\u00e3o Mundial da Sa\u00fade) e a APA (American Psychology Association).<br \/>O curso ser\u00e1 ministrado pelos mais importantes professores com grande experi\u00eancia cl\u00ednica e docente.<\/p>\r\n\r\n\r\n\r\n<p class=\"wp-block-paragraph\"><strong>OBJETIVO:<\/strong><\/p>\r\n\r\n\r\n\r\n<p class=\"wp-block-paragraph\">Capacitar Psic\u00f3logos e Psiquiatras nos fundamentos te\u00f3ricos dos modelos cognitivos e comportamentais al\u00e9m proporcionar o conhecimento cl\u00ednico e cient\u00edfico atualizado nas \u00e1reas relacionadas. Ao final do curso os alunos dever\u00e3o saber conceitualiza\u00e7\u00e3o de caso e elabora\u00e7\u00e3o de um plano terap\u00eautico de acordo com o modelo Cognitivo-Comportamental.<\/p>\r\n\r\n\r\n\r\n<p class=\"wp-block-paragraph\"><strong>P\u00daBLICO ALVO:<\/strong><\/p>\r\n\r\n\r\n\r\n<p class=\"wp-block-paragraph\">Exclusivamente<strong> Psic\u00f3logos<\/strong> e <strong>Medicos<\/strong> e acad\u00eamicos dos respectivos cursos de gradua\u00e7\u00e3o (2 \u00faltimos per\u00edodos).<\/p>\r\n\r\n\r\n\r\n<p class=\"wp-block-paragraph\"><strong>CARGA HOR\u00c1RIA:<\/strong>\u00a080hs\/aula (Aulas presenciais 1 s\u00e1bado por m\u00eas)<\/p>\r\n\r\n\r\n\r\n<p class=\"has-background has-very-light-gray-background-color wp-block-paragraph\" style=\"text-align: center;\"><strong>\u00a0<a href=\"https:\/\/goo.gl\/forms\/oF95MhkmekdR1xyu1\" target=\"_blank\" rel=\"noreferrer noopener\">Clique aqui e fa\u00e7a sua Inscri\u00e7\u00e3o<\/a><\/strong><\/p>\r\n\r\n\r\n\r\n<p class=\"wp-block-paragraph\"><strong>PROGRAMA:<\/strong><\/p>\r\n\r\n\r\n\r\n<table class=\"wp-block-table aligncenter\">\r\n<tbody>\r\n<tr>\r\n<td><strong>Data<\/strong><\/td>\r\n<td><strong>Aula<\/strong><\/td>\r\n<td><strong>Tema<\/strong><\/td>\r\n<\/tr>\r\n<tr>\r\n<td>\u00a0<\/td>\r\n<td>01<\/td>\r\n<td><strong>Introdu\u00e7\u00e3o \u00e0 TCC<\/strong><\/td>\r\n<\/tr>\r\n<tr>\r\n<td>\u00a0<\/td>\r\n<td>02<\/td>\r\n<td><strong>O Modelo Beck de TCC<\/strong><\/td>\r\n<\/tr>\r\n<tr>\r\n<td>\u00a0<\/td>\r\n<td>03<\/td>\r\n<td><strong>Conceitua\u00e7\u00e3o de Caso em TCC<\/strong><\/td>\r\n<\/tr>\r\n<tr>\r\n<td>\u00a0<\/td>\r\n<td>04<\/td>\r\n<td><strong>O uso de T\u00e9cnicas na TCC e o Ecletismo T\u00e9cnico I<\/strong><\/td>\r\n<\/tr>\r\n<tr>\r\n<td>\u00a0<\/td>\r\n<td>05<\/td>\r\n<td><strong>O uso de T\u00e9cnicas na TCC e o Ecletismo T\u00e9cnico II<\/strong><\/td>\r\n<\/tr>\r\n<tr>\r\n<td>\u00a0<\/td>\r\n<td>06<\/td>\r\n<td><strong>Regula\u00e7\u00e3o Emocional<\/strong><\/td>\r\n<\/tr>\r\n<tr>\r\n<td>\u00a0<\/td>\r\n<td>07<\/td>\r\n<td><strong>Depress\u00e3o \/ Manejo do Estresse<\/strong><\/td>\r\n<\/tr>\r\n<tr>\r\n<td>\u00a0<\/td>\r\n<td>08<\/td>\r\n<td><strong>TAG \/ P\u00e2nico<\/strong><\/td>\r\n<\/tr>\r\n<\/tbody>\r\n<\/table>\r\n\r\n\r\n\r\n<p class=\"wp-block-paragraph\"><strong>FUNCIONAMENTO DO CURSO:\u00a0<\/strong>As aulas ocorrer\u00e3o <em><span style=\"text-decoration: underline;\">1 s\u00e1bado<\/span><\/em> por m\u00eas de 9 \u00e0s 18hs.<\/p>\r\n\r\n\r\n\r\n<p class=\"wp-block-paragraph\">OBS: As datas s\u00e3o previstas e podem ser modificadas por motivos justos.<\/p>\r\n\r\n\r\n\r\n<p class=\"wp-block-paragraph\"><strong>EQUIPE DE PROFESSORES:<\/strong><\/p>\r\n\r\n\r\n\r\n<p class=\"has-background has-very-light-gray-background-color wp-block-paragraph\"><strong>Andreia Kroger &#8211;<\/strong>\u00a0Psic\u00f3loga formada pela PUC-MG (2005). Mestre em Ci\u00eancias do Comportamento formada pela UnB (2009). Doutoranda em Psicologia Experimental e Ci\u00eancias Cognitivas na Universidade do Minho (Portugal). Forma\u00e7\u00e3o complementar em cursos de:Terapia de Aceita\u00e7\u00e3o e Comprom<span style=\"color: #444444;\">etim<span style=\"font-family: arial, helvetica, sans-serif;\">ento com\u00a0Francisco Lotufo Neto, Michaele Terena Saban e Karen Voge;\u00a0<\/span><\/span>Self-regulation com Stuart Shanker; Conducting School-Based Functional Behavioral Assessments com Mark Steege.<\/p>\r\n\r\n\r\n\r\n<p class=\"has-background wp-block-paragraph\" style=\"background-color: #cccccc;\"><strong>Annelise de Matos Pires \u2013<\/strong>\u00a0Especializa\u00e7\u00e3o em Neuropsicologia pela Universidade FUMEC (2005). Tem experi\u00eancia na \u00e1rea de Psicologia Cl\u00ednica, com \u00eanfase em Tratamento e Preven\u00e7\u00e3o Psicol\u00f3gica. Membro convidada da equipe cl\u00ednica do Ambulat\u00f3rio de Trauma dos Servi\u00e7os de Psiquiatria do Hospital das Cl\u00ednicas da Universidade Federal de Minas Gerais desde 2014.<\/p>\r\n\r\n\r\n\r\n<p class=\"has-background has-very-light-gray-background-color wp-block-paragraph\"><strong>Juliana Helena Bruno Machado &#8211;<\/strong> Psic\u00f3loga formada pela PUC S\u00e3o Paulo. Mestrado em Neuroci\u00eancia e Cogni\u00e7\u00e3o realizado na Universidade Federal do ABC. Doutorado em Neuroci\u00eancia e Cogni\u00e7\u00e3o na mesma institui\u00e7\u00e3o em andamento. Forma\u00e7\u00e3o em Terapia de Aceita\u00e7\u00e3o e Compromisso (ACT) pelo CESDE e Terapia Comportamental Dial\u00e9tica (DBT) pelo Linehan Institute.<\/p>\r\n\r\n\r\n\r\n<p class=\"has-background has-cyan-bluish-gray-background-color wp-block-paragraph\"><strong>Rute Velasquez \u2013<\/strong>\u00a0Mestre em Psicologia Social (UFMG) com \u00eanfase em cogni\u00e7\u00e3o e sociedade; Doutorado conclu\u00eddo no Programa Sa\u00fade da Crian\u00e7a e do Adolescente pela faculdade de Medicina da UFMG, \u00eanfase em neuropsicologia e cogni\u00e7\u00e3o. Especializa\u00e7\u00e3o em Neuropsicologia reconhecida pelo Conselho Federal de Psicologia.\u00a0Tem experi\u00eancia cl\u00ednica na \u00e1rea de Psicoterapia Cognitiva e em Neuropsicologia. \u00a0Atua principalmente nos seguintes temas: Psicologia Cognitiva, Neuropsicologia; Psicoterapia Cognitiva, Processos Psicol\u00f3gicos B\u00e1sicos; Transtorno de Estresse P\u00f3s-Traum\u00e1tico; Sa\u00fade mental. Docente titular no curso de Psicologia do Centro Universit\u00e1rio Newton Paiva. Coordenou e atuou como pesquisadora no Laborat\u00f3rio de Estudo da Dor (2000-2006), em estudos sobre os temas: psicoterapia cognitiva-comportamental da dor cr\u00f4nica; percep\u00e7\u00e3o de dor; depress\u00e3o e psiconeuroimunologia. Coordenou, em parceria com o professor Dr.Vitor Geraldi Haase, o curso de p\u00f3s-gradua\u00e7\u00e3o Lato Sensu em Neuropsicologia (2001 a 2004) da Newton Paiva. Membro h\u00e1 8 anos do Ambulat\u00f3rio de Trauma dos Servi\u00e7os de Psiquiatria do Hospital das Cl\u00ednicas da UFMG. \u00c9 professora, orientadora, supervisora e membro da Comiss\u00e3o Coordenadora do curso de p\u00f3s-gradua\u00e7\u00e3o Lato Sensu em Psicoterapias Cognitivas do departamento de Sa\u00fade Mental da faculdade de Medicina da UFMG. Professora convidada do CESDE e cursos de p\u00f3s-gradua\u00e7\u00e3o.<\/p>\r\n\r\n\r\n\r\n<p class=\"wp-block-paragraph\"><strong>INVESTIMENTO:\u00a0<\/strong><\/p>\r\n\r\n\r\n\r\n<p class=\"wp-block-paragraph\"><span style=\"text-decoration: underline;\"><em>Matr\u00edcula:<\/em><\/span>\u00a0\u00a0\u00a0 R$150,00<\/p>\r\n\r\n\r\n\r\n<p class=\"wp-block-paragraph\">Mensalidades:\u00a0R$ 320,00 no boleto ou 5% a vista pagamento integral do curso.<\/p>\r\n\r\n\r\n\r\n<p class=\"has-background has-very-light-gray-background-color wp-block-paragraph\" style=\"text-align: center;\"><strong>PR\u00c9 &#8211; INSCRI\u00c7\u00d5ES:\u00a0<a href=\"https:\/\/goo.gl\/forms\/oF95MhkmekdR1xyu1\" target=\"_blank\" rel=\"noreferrer noopener\" aria-label=\"Clique aqui e fa\u00e7a sua Inscri\u00e7\u00e3o (abre em uma nova aba)\">Clique aqui e fa\u00e7a sua Inscri\u00e7\u00e3o<\/a><\/strong><\/p>\r\n\r\n\r\n\r\n<p class=\"has-background has-medium-font-size has-luminous-vivid-amber-background-color wp-block-paragraph\"><strong>Regras do Combo:<\/strong><\/p>\r\n\r\n\r\n\r\n<ul class=\"wp-block-list\">\r\n<li>O(a) aluno(a) ter\u00e1 acesso ao Curso de Cl\u00ednica da Obesidade e Emagrecimento quando o Curso de Forma\u00e7\u00e3o em TCC estiver totalmente conclu\u00eddo e quitado;<\/li>\r\n<li>O Curso de Cl\u00ednica da Obesidade e Emagrecimento ser\u00e1 na modalidade E-learning que n\u00e3o necessita forma\u00e7\u00e3o de turma para iniciar;<\/li>\r\n<li>Ap\u00f3s a quita\u00e7\u00e3o do Curso de Forma\u00e7\u00e3o em TCC o(a) aluno(a) ter\u00e1 um prazo m\u00e1ximo de 6 meses para iniciar o Curso de Cl\u00ednica da Obesidade e Emagrecimento;<\/li>\r\n<li>O Curso de Cl\u00ednica da Obesidade e Emagrecimento na modalidade E-learning ter\u00e1 dura\u00e7\u00e3o de 25 semanas;<\/li>\r\n<li>O Curso de Cl\u00ednica da Obesidade e Emagrecimento \u00e9 INTRANSFER\u00cdVEL.<\/li>\r\n<\/ul>\r\n","protected":false},"excerpt":{"rendered":"<p>Curso de Forma\u00e7\u00e3o em TCC em BH 2019 &#8211; In\u00edcio em Agosto de 2019 &#8211; A Terapia Cognitivo-Comportamental \u00e9 uma das abordagens terap\u00eauticas de maior efici\u00eancia e indicada pelos grandes centros de refer\u00eancia em Sa\u00fade como OMS (Organiza\u00e7\u00e3o Mundial da Sa\u00fade) e a APA (American Psychology Association).O curso ser\u00e1 ministrado pelos mais importantes professores com [&hellip;]<\/p>\n","protected":false},"author":1,"featured_media":0,"comment_status":"open","ping_status":"open","sticky":false,"template":"","format":"standard","meta":{"footnotes":""},"categories":[4,284,7],"tags":[25,16,28,27,21,22,23,20,24,15],"class_list":["post-32","post","type-post","status-publish","format-standard","hentry","category-cursos","category-presencial","category-saude-mental","tag-belo-horizonte","tag-cognitiva","tag-cognitivo","tag-comportamental","tag-curso","tag-formacao","tag-psicologia","tag-psicoterapia","tag-psiquiatria","tag-terapia"],"aioseo_notices":[],"aioseo_head":"\n\t\t<!-- All in One SEO 5.0.0.1 - aioseo.com -->\n\t<meta name=\"description\" content=\"Curso de Forma\u00e7\u00e3o em Terapia Cognitivo Comportamental em 2013. Equipe de professores e certificado do IPq\/HC\/USP\" \/>\n\t<meta name=\"robots\" content=\"max-image-preview:large\" \/>\n\t<meta name=\"author\" content=\"todopoderoso\"\/>\n\t<link rel=\"canonical\" href=\"https:\/\/www.cesde.com.br\/curso\/formacao-em-terapia-cognitiva\/\" \/>\n\t<meta name=\"generator\" content=\"All in One SEO (AIOSEO) 5.0.0.1\" \/>\n\t\t<meta property=\"og:locale\" content=\"pt_BR\" \/>\n\t\t<meta property=\"og:site_name\" content=\"CESDE - Centro de Estudos e Desenvolvimento Educacional | Cursos em Psicologia, Sa\u00fade Mental, Educa\u00e7\u00e3o e Tecnologia.\" \/>\n\t\t<meta property=\"og:type\" content=\"activity\" \/>\n\t\t<meta property=\"og:title\" content=\"Forma\u00e7\u00e3o em Terapia Cognitivo-comportamental em BH | CESDE - Centro de Estudos e Desenvolvimento Educacional\" \/>\n\t\t<meta property=\"og:description\" content=\"Curso de Forma\u00e7\u00e3o em Terapia Cognitivo Comportamental em 2013. Equipe de professores e certificado do IPq\/HC\/USP\" \/>\n\t\t<meta property=\"og:url\" content=\"https:\/\/www.cesde.com.br\/curso\/formacao-em-terapia-cognitiva\/\" \/>\n\t\t<meta name=\"twitter:card\" content=\"summary\" \/>\n\t\t<meta name=\"twitter:title\" content=\"Forma\u00e7\u00e3o em Terapia Cognitivo-comportamental em BH | CESDE - Centro de Estudos e Desenvolvimento Educacional\" \/>\n\t\t<meta name=\"twitter:description\" content=\"Curso de Forma\u00e7\u00e3o em Terapia Cognitivo Comportamental em 2013. Equipe de professores e certificado do IPq\/HC\/USP\" \/>\n\t\t<script type=\"application\/ld+json\" class=\"aioseo-schema\">\n\t\t\t{\"@context\":\"https:\\\/\\\/schema.org\",\"@graph\":[{\"@type\":\"Article\",\"@id\":\"https:\\\/\\\/www.cesde.com.br\\\/curso\\\/formacao-em-terapia-cognitiva\\\/#article\",\"name\":\"Forma\\u00e7\\u00e3o em Terapia Cognitivo-comportamental em BH | CESDE - Centro de Estudos e Desenvolvimento Educacional\",\"headline\":\"Forma\\u00e7\\u00e3o em Terapia Cognitivo-comportamental em BH\",\"author\":{\"@id\":\"https:\\\/\\\/www.cesde.com.br\\\/curso\\\/author\\\/todopoderoso\\\/#author\"},\"publisher\":{\"@id\":\"https:\\\/\\\/www.cesde.com.br\\\/curso\\\/#organization\"},\"datePublished\":\"2012-05-01T18:24:32+00:00\",\"dateModified\":\"2020-08-10T18:23:22+00:00\",\"inLanguage\":\"pt-BR\",\"mainEntityOfPage\":{\"@id\":\"https:\\\/\\\/www.cesde.com.br\\\/curso\\\/formacao-em-terapia-cognitiva\\\/#webpage\"},\"isPartOf\":{\"@id\":\"https:\\\/\\\/www.cesde.com.br\\\/curso\\\/formacao-em-terapia-cognitiva\\\/#webpage\"},\"articleSection\":\"Cursos em, Presencial, Sa\\u00fade Mental -, Belo Horizonte, cognitiva, cognitivo, comportamental, curso, forma\\u00e7\\u00e3o, psicologia, psicoterapia, psiquiatria, terapia\"},{\"@type\":\"BreadcrumbList\",\"@id\":\"https:\\\/\\\/www.cesde.com.br\\\/curso\\\/formacao-em-terapia-cognitiva\\\/#breadcrumblist\",\"itemListElement\":[{\"@type\":\"ListItem\",\"@id\":\"https:\\\/\\\/www.cesde.com.br\\\/curso#listItem\",\"position\":1,\"name\":\"In\\u00edcio\",\"item\":\"https:\\\/\\\/www.cesde.com.br\\\/curso\",\"nextItem\":{\"@type\":\"ListItem\",\"@id\":\"https:\\\/\\\/www.cesde.com.br\\\/curso\\\/category\\\/cursos\\\/#listItem\",\"name\":\"Cursos em\"}},{\"@type\":\"ListItem\",\"@id\":\"https:\\\/\\\/www.cesde.com.br\\\/curso\\\/category\\\/cursos\\\/#listItem\",\"position\":2,\"name\":\"Cursos em\",\"item\":\"https:\\\/\\\/www.cesde.com.br\\\/curso\\\/category\\\/cursos\\\/\",\"nextItem\":{\"@type\":\"ListItem\",\"@id\":\"https:\\\/\\\/www.cesde.com.br\\\/curso\\\/category\\\/cursos\\\/saude-mental\\\/#listItem\",\"name\":\"Sa\\u00fade Mental -\"},\"previousItem\":{\"@type\":\"ListItem\",\"@id\":\"https:\\\/\\\/www.cesde.com.br\\\/curso#listItem\",\"name\":\"In\\u00edcio\"}},{\"@type\":\"ListItem\",\"@id\":\"https:\\\/\\\/www.cesde.com.br\\\/curso\\\/category\\\/cursos\\\/saude-mental\\\/#listItem\",\"position\":3,\"name\":\"Sa\\u00fade Mental -\",\"item\":\"https:\\\/\\\/www.cesde.com.br\\\/curso\\\/category\\\/cursos\\\/saude-mental\\\/\",\"nextItem\":{\"@type\":\"ListItem\",\"@id\":\"https:\\\/\\\/www.cesde.com.br\\\/curso\\\/formacao-em-terapia-cognitiva\\\/#listItem\",\"name\":\"Forma\\u00e7\\u00e3o em Terapia Cognitivo-comportamental em BH\"},\"previousItem\":{\"@type\":\"ListItem\",\"@id\":\"https:\\\/\\\/www.cesde.com.br\\\/curso\\\/category\\\/cursos\\\/#listItem\",\"name\":\"Cursos em\"}},{\"@type\":\"ListItem\",\"@id\":\"https:\\\/\\\/www.cesde.com.br\\\/curso\\\/formacao-em-terapia-cognitiva\\\/#listItem\",\"position\":4,\"name\":\"Forma\\u00e7\\u00e3o em Terapia Cognitivo-comportamental em BH\",\"previousItem\":{\"@type\":\"ListItem\",\"@id\":\"https:\\\/\\\/www.cesde.com.br\\\/curso\\\/category\\\/cursos\\\/saude-mental\\\/#listItem\",\"name\":\"Sa\\u00fade Mental -\"}}]},{\"@type\":\"Organization\",\"@id\":\"https:\\\/\\\/www.cesde.com.br\\\/curso\\\/#organization\",\"name\":\"CESDE - Centro de Estudos e Desenvolvimento Educacional\",\"description\":\"Cursos em Psicologia, Sa\\u00fade Mental, Educa\\u00e7\\u00e3o e Tecnologia.\",\"url\":\"https:\\\/\\\/www.cesde.com.br\\\/curso\\\/\"},{\"@type\":\"Person\",\"@id\":\"https:\\\/\\\/www.cesde.com.br\\\/curso\\\/author\\\/todopoderoso\\\/#author\",\"url\":\"https:\\\/\\\/www.cesde.com.br\\\/curso\\\/author\\\/todopoderoso\\\/\",\"name\":\"todopoderoso\"},{\"@type\":\"WebPage\",\"@id\":\"https:\\\/\\\/www.cesde.com.br\\\/curso\\\/formacao-em-terapia-cognitiva\\\/#webpage\",\"url\":\"https:\\\/\\\/www.cesde.com.br\\\/curso\\\/formacao-em-terapia-cognitiva\\\/\",\"name\":\"Forma\\u00e7\\u00e3o em Terapia Cognitivo-comportamental em BH | CESDE - Centro de Estudos e Desenvolvimento Educacional\",\"description\":\"Curso de Forma\\u00e7\\u00e3o em Terapia Cognitivo Comportamental em 2013. Equipe de professores e certificado do IPq\\\/HC\\\/USP\",\"inLanguage\":\"pt-BR\",\"isPartOf\":{\"@id\":\"https:\\\/\\\/www.cesde.com.br\\\/curso\\\/#website\"},\"breadcrumb\":{\"@id\":\"https:\\\/\\\/www.cesde.com.br\\\/curso\\\/formacao-em-terapia-cognitiva\\\/#breadcrumblist\"},\"author\":{\"@id\":\"https:\\\/\\\/www.cesde.com.br\\\/curso\\\/author\\\/todopoderoso\\\/#author\"},\"creator\":{\"@id\":\"https:\\\/\\\/www.cesde.com.br\\\/curso\\\/author\\\/todopoderoso\\\/#author\"},\"datePublished\":\"2012-05-01T18:24:32+00:00\",\"dateModified\":\"2020-08-10T18:23:22+00:00\"},{\"@type\":\"WebSite\",\"@id\":\"https:\\\/\\\/www.cesde.com.br\\\/curso\\\/#website\",\"url\":\"https:\\\/\\\/www.cesde.com.br\\\/curso\\\/\",\"name\":\"CESDE - Centro de Estudos e Desenvolvimento Educacional\",\"description\":\"Cursos em Psicologia, Sa\\u00fade Mental, Educa\\u00e7\\u00e3o e Tecnologia.\",\"inLanguage\":\"pt-BR\",\"publisher\":{\"@id\":\"https:\\\/\\\/www.cesde.com.br\\\/curso\\\/#organization\"}}]}\n\t\t<\/script>\n\t\t<!-- All in One SEO -->\n\n","aioseo_head_json":{"title":"Forma\u00e7\u00e3o em Terapia Cognitivo-comportamental em BH | CESDE - Centro de Estudos e Desenvolvimento Educacional","description":"Curso de Forma\u00e7\u00e3o em Terapia Cognitivo Comportamental em 2013. Equipe de professores e certificado do IPq\/HC\/USP","canonical_url":"https:\/\/www.cesde.com.br\/curso\/formacao-em-terapia-cognitiva\/","robots":"max-image-preview:large","keywords":"","webmasterTools":{"miscellaneous":""},"schema":{"@context":"https:\/\/schema.org","@graph":[{"@type":"Article","@id":"https:\/\/www.cesde.com.br\/curso\/formacao-em-terapia-cognitiva\/#article","name":"Forma\u00e7\u00e3o em Terapia Cognitivo-comportamental em BH | CESDE - Centro de Estudos e Desenvolvimento Educacional","headline":"Forma\u00e7\u00e3o em Terapia Cognitivo-comportamental em BH","author":{"@id":"https:\/\/www.cesde.com.br\/curso\/author\/todopoderoso\/#author"},"publisher":{"@id":"https:\/\/www.cesde.com.br\/curso\/#organization"},"datePublished":"2012-05-01T18:24:32+00:00","dateModified":"2020-08-10T18:23:22+00:00","inLanguage":"pt-BR","mainEntityOfPage":{"@id":"https:\/\/www.cesde.com.br\/curso\/formacao-em-terapia-cognitiva\/#webpage"},"isPartOf":{"@id":"https:\/\/www.cesde.com.br\/curso\/formacao-em-terapia-cognitiva\/#webpage"},"articleSection":"Cursos em, Presencial, Sa\u00fade Mental -, Belo Horizonte, cognitiva, cognitivo, comportamental, curso, forma\u00e7\u00e3o, psicologia, psicoterapia, psiquiatria, terapia"},{"@type":"BreadcrumbList","@id":"https:\/\/www.cesde.com.br\/curso\/formacao-em-terapia-cognitiva\/#breadcrumblist","itemListElement":[{"@type":"ListItem","@id":"https:\/\/www.cesde.com.br\/curso#listItem","position":1,"name":"In\u00edcio","item":"https:\/\/www.cesde.com.br\/curso","nextItem":{"@type":"ListItem","@id":"https:\/\/www.cesde.com.br\/curso\/category\/cursos\/#listItem","name":"Cursos em"}},{"@type":"ListItem","@id":"https:\/\/www.cesde.com.br\/curso\/category\/cursos\/#listItem","position":2,"name":"Cursos em","item":"https:\/\/www.cesde.com.br\/curso\/category\/cursos\/","nextItem":{"@type":"ListItem","@id":"https:\/\/www.cesde.com.br\/curso\/category\/cursos\/saude-mental\/#listItem","name":"Sa\u00fade Mental -"},"previousItem":{"@type":"ListItem","@id":"https:\/\/www.cesde.com.br\/curso#listItem","name":"In\u00edcio"}},{"@type":"ListItem","@id":"https:\/\/www.cesde.com.br\/curso\/category\/cursos\/saude-mental\/#listItem","position":3,"name":"Sa\u00fade Mental -","item":"https:\/\/www.cesde.com.br\/curso\/category\/cursos\/saude-mental\/","nextItem":{"@type":"ListItem","@id":"https:\/\/www.cesde.com.br\/curso\/formacao-em-terapia-cognitiva\/#listItem","name":"Forma\u00e7\u00e3o em Terapia Cognitivo-comportamental em BH"},"previousItem":{"@type":"ListItem","@id":"https:\/\/www.cesde.com.br\/curso\/category\/cursos\/#listItem","name":"Cursos em"}},{"@type":"ListItem","@id":"https:\/\/www.cesde.com.br\/curso\/formacao-em-terapia-cognitiva\/#listItem","position":4,"name":"Forma\u00e7\u00e3o em Terapia Cognitivo-comportamental em BH","previousItem":{"@type":"ListItem","@id":"https:\/\/www.cesde.com.br\/curso\/category\/cursos\/saude-mental\/#listItem","name":"Sa\u00fade Mental -"}}]},{"@type":"Organization","@id":"https:\/\/www.cesde.com.br\/curso\/#organization","name":"CESDE - Centro de Estudos e Desenvolvimento Educacional","description":"Cursos em Psicologia, Sa\u00fade Mental, Educa\u00e7\u00e3o e Tecnologia.","url":"https:\/\/www.cesde.com.br\/curso\/"},{"@type":"Person","@id":"https:\/\/www.cesde.com.br\/curso\/author\/todopoderoso\/#author","url":"https:\/\/www.cesde.com.br\/curso\/author\/todopoderoso\/","name":"todopoderoso"},{"@type":"WebPage","@id":"https:\/\/www.cesde.com.br\/curso\/formacao-em-terapia-cognitiva\/#webpage","url":"https:\/\/www.cesde.com.br\/curso\/formacao-em-terapia-cognitiva\/","name":"Forma\u00e7\u00e3o em Terapia Cognitivo-comportamental em BH | CESDE - Centro de Estudos e Desenvolvimento Educacional","description":"Curso de Forma\u00e7\u00e3o em Terapia Cognitivo Comportamental em 2013. Equipe de professores e certificado do IPq\/HC\/USP","inLanguage":"pt-BR","isPartOf":{"@id":"https:\/\/www.cesde.com.br\/curso\/#website"},"breadcrumb":{"@id":"https:\/\/www.cesde.com.br\/curso\/formacao-em-terapia-cognitiva\/#breadcrumblist"},"author":{"@id":"https:\/\/www.cesde.com.br\/curso\/author\/todopoderoso\/#author"},"creator":{"@id":"https:\/\/www.cesde.com.br\/curso\/author\/todopoderoso\/#author"},"datePublished":"2012-05-01T18:24:32+00:00","dateModified":"2020-08-10T18:23:22+00:00"},{"@type":"WebSite","@id":"https:\/\/www.cesde.com.br\/curso\/#website","url":"https:\/\/www.cesde.com.br\/curso\/","name":"CESDE - Centro de Estudos e Desenvolvimento Educacional","description":"Cursos em Psicologia, Sa\u00fade Mental, Educa\u00e7\u00e3o e Tecnologia.","inLanguage":"pt-BR","publisher":{"@id":"https:\/\/www.cesde.com.br\/curso\/#organization"}}]},"og:locale":"pt_BR","og:site_name":"CESDE - Centro de Estudos e Desenvolvimento Educacional | Cursos em Psicologia, Sa\u00fade Mental, Educa\u00e7\u00e3o e Tecnologia.","og:type":"activity","og:title":"Forma\u00e7\u00e3o em Terapia Cognitivo-comportamental em BH | CESDE - Centro de Estudos e Desenvolvimento Educacional","og:description":"Curso de Forma\u00e7\u00e3o em Terapia Cognitivo Comportamental em 2013. Equipe de professores e certificado do IPq\/HC\/USP","og:url":"https:\/\/www.cesde.com.br\/curso\/formacao-em-terapia-cognitiva\/","twitter:card":"summary","twitter:title":"Forma\u00e7\u00e3o em Terapia Cognitivo-comportamental em BH | CESDE - Centro de Estudos e Desenvolvimento Educacional","twitter:description":"Curso de Forma\u00e7\u00e3o em Terapia Cognitivo Comportamental em 2013. Equipe de professores e certificado do IPq\/HC\/USP"},"aioseo_meta_data":{"post_id":"32","title":"Forma\u00e7\u00e3o em Terapia Cognitivo-comportamental em BH | #site_title","description":"Curso de Forma\u00e7\u00e3o em Terapia Cognitivo Comportamental em 2013. Equipe de professores e certificado do IPq\/HC\/USP","keywords":[{"label":"TCC","value":"TCC"},{"label":"terapia","value":"terapia"},{"label":"cognitiva","value":"cognitiva"},{"label":"cognitivo-comportamental","value":"cognitivo-comportamental"},{"label":"comportamental","value":"comportamental"}],"keyphrases":null,"primary_term":null,"canonical_url":null,"og_title":"","og_description":"","og_object_type":"activity","og_image_type":"default","og_image_url":null,"og_image_width":null,"og_image_height":null,"og_image_custom_url":null,"og_image_custom_fields":null,"og_video":"","og_custom_url":null,"og_article_section":"","og_article_tags":"","twitter_use_og":false,"twitter_card":"summary","twitter_image_type":"default","twitter_image_url":null,"twitter_image_custom_url":null,"twitter_image_custom_fields":null,"twitter_title":null,"twitter_description":null,"schema":{"blockGraphs":[],"customGraphs":[],"default":{"data":{"Article":[],"Course":[],"Dataset":[],"FAQPage":[],"Movie":[],"Person":[],"Product":[],"ProductReview":[],"Car":[],"Recipe":[],"Service":[],"SoftwareApplication":[],"WebPage":[]},"graphName":"Article","isEnabled":true},"graphs":[]},"schema_type":null,"schema_type_options":null,"pillar_content":false,"robots_default":true,"robots_noindex":false,"robots_noarchive":false,"robots_nosnippet":false,"robots_nofollow":false,"robots_noimageindex":false,"robots_noodp":false,"robots_notranslate":false,"robots_max_snippet":null,"robots_max_videopreview":null,"robots_max_imagepreview":"large","priority":null,"frequency":null,"local_seo":null,"breadcrumb_settings":null,"limit_modified_date":false,"ai":null,"created":"2021-05-28 15:11:05","updated":"2023-03-03 18:06:19","focus_keyword":null,"additional_keywords":null,"truseo_locale":null,"seo_analyzer_scan_date":null},"aioseo_breadcrumb":"<div class=\"aioseo-breadcrumbs\"><span class=\"aioseo-breadcrumb\">\n\t\t\t<a href=\"https:\/\/www.cesde.com.br\/curso\" title=\"In\u00edcio\">In\u00edcio<\/a>\n\t\t<\/span><span class=\"aioseo-breadcrumb-separator\">&raquo;<\/span><span class=\"aioseo-breadcrumb\">\n\t\t\t<a href=\"https:\/\/www.cesde.com.br\/curso\/category\/cursos\/\" title=\"Cursos em\">Cursos em<\/a>\n\t\t<\/span><span class=\"aioseo-breadcrumb-separator\">&raquo;<\/span><span class=\"aioseo-breadcrumb\">\n\t\t\t<a href=\"https:\/\/www.cesde.com.br\/curso\/category\/cursos\/saude-mental\/\" title=\"Sa\u00fade Mental -\">Sa\u00fade Mental -<\/a>\n\t\t<\/span><span class=\"aioseo-breadcrumb-separator\">&raquo;<\/span><span class=\"aioseo-breadcrumb\">\n\t\t\tForma\u00e7\u00e3o em Terapia Cognitivo-comportamental em BH\n\t\t<\/span><\/div>","aioseo_breadcrumb_json":[{"label":"In\u00edcio","link":"https:\/\/www.cesde.com.br\/curso"},{"label":"Cursos em","link":"https:\/\/www.cesde.com.br\/curso\/category\/cursos\/"},{"label":"Sa\u00fade Mental -","link":"https:\/\/www.cesde.com.br\/curso\/category\/cursos\/saude-mental\/"},{"label":"Forma\u00e7\u00e3o em Terapia Cognitivo-comportamental em BH","link":"https:\/\/www.cesde.com.br\/curso\/formacao-em-terapia-cognitiva\/"}],"_links":{"self":[{"href":"https:\/\/www.cesde.com.br\/curso\/wp-json\/wp\/v2\/posts\/32","targetHints":{"allow":["GET"]}}],"collection":[{"href":"https:\/\/www.cesde.com.br\/curso\/wp-json\/wp\/v2\/posts"}],"about":[{"href":"https:\/\/www.cesde.com.br\/curso\/wp-json\/wp\/v2\/types\/post"}],"author":[{"embeddable":true,"href":"https:\/\/www.cesde.com.br\/curso\/wp-json\/wp\/v2\/users\/1"}],"replies":[{"embeddable":true,"href":"https:\/\/www.cesde.com.br\/curso\/wp-json\/wp\/v2\/comments?post=32"}],"version-history":[{"count":94,"href":"https:\/\/www.cesde.com.br\/curso\/wp-json\/wp\/v2\/posts\/32\/revisions"}],"predecessor-version":[{"id":3524,"href":"https:\/\/www.cesde.com.br\/curso\/wp-json\/wp\/v2\/posts\/32\/revisions\/3524"}],"wp:attachment":[{"href":"https:\/\/www.cesde.com.br\/curso\/wp-json\/wp\/v2\/media?parent=32"}],"wp:term":[{"taxonomy":"category","embeddable":true,"href":"https:\/\/www.cesde.com.br\/curso\/wp-json\/wp\/v2\/categories?post=32"},{"taxonomy":"post_tag","embeddable":true,"href":"https:\/\/www.cesde.com.br\/curso\/wp-json\/wp\/v2\/tags?post=32"}],"curies":[{"name":"wp","href":"https:\/\/api.w.org\/{rel}","templated":true}]}}