{"id":3197,"date":"2019-06-19T17:55:54","date_gmt":"2019-06-19T17:55:54","guid":{"rendered":"http:\/\/www.cesde.com.br\/curso\/?p=3197"},"modified":"2025-02-22T17:31:52","modified_gmt":"2025-02-22T17:31:52","slug":"3197-2","status":"publish","type":"post","link":"https:\/\/www.cesde.com.br\/curso\/3197-2\/","title":{"rendered":"Neuroci\u00eancia e Psicologia da Espiritualidade (EaD)"},"content":{"rendered":"\r\n<h2 class=\"wp-block-heading\" style=\"text-align: center;\">Curso de Forma\u00e7\u00e3o em Neuroci\u00eancia e Psicologia da Espiritualidade: Implica\u00e7\u00f5es na Pr\u00e1tica Cl\u00ednica(EaD)<\/h2>\r\n\r\n<p>&nbsp;<\/p>\r\n<h3 style=\"text-align: center;\"><span style=\"color: #3366ff;\"><strong><b>In\u00edcio em 20 de MAR\u00c7O<\/b><\/strong><strong><b> de 2024!!!<\/b><\/strong><\/span><\/h3>\r\n<p style=\"text-align: center;\">\u00a0<\/p>\r\n<p align=\"center\"><a class=\"btn-az\" href=\"https:\/\/forms.gle\/RwpU1BwcyZ8x52449\" target=\"_blank\" rel=\"nofollow noopener\">Fa\u00e7a sua PR\u00c9 Inscri\u00e7\u00e3o aqui!<\/a><\/p>\r\n<p>&nbsp;<\/p>\r\n<p><strong>OBJETIVO GERAL: <\/strong>Fornecer conhecimentos sobre as rela\u00e7\u00f5es entre espiritualidade, religiosidade e sa\u00fade, capacitando profissionais a atuarem diante de quest\u00f5es nesse dom\u00ednio e para compreenderem sua import\u00e2ncia para os pacientes\/clientes; e esclarecendo religiosos e interessados em geral sobre o modo como diversas ci\u00eancias abordam o tema.<\/p>\r\n<!-- \/wp:post-content -->\r\n\r\n<!-- wp:paragraph {\"align\":\"left\"} -->\r\n<p style=\"text-align: left;\"><strong>OBJETIVOS ESPEC\u00cdFICOS:<\/strong><\/p>\r\n<!-- \/wp:paragraph -->\r\n\r\n<!-- wp:list -->\r\n<ul>\r\n<li>Fornecer no\u00e7\u00f5es introdut\u00f3rias, intermedi\u00e1rias e avan\u00e7adas sobre sa\u00fade, espiritualidade, religiosidade e sa\u00fade;<\/li>\r\n<li>Rever o desenvolvimento hist\u00f3rico do estudo cient\u00edfico das rela\u00e7\u00f5es entre espiritualidade, religiosidade e sa\u00fade;<\/li>\r\n<li>Apresentar os principais temas e autores do estudo e da pr\u00e1tica cl\u00ednica na \u00e1rea de sa\u00fade e espiritualidade\/religiosidade;<\/li>\r\n<li>Desenvolver o senso cr\u00edtico dos alunos em rela\u00e7\u00e3o \u00e0s nuances do tema, incluindo sua cientificidade e os perigos de se desviar, inadvertidamente, para no\u00e7\u00f5es e pr\u00e1ticas n\u00e3o cient\u00edficas;<\/li>\r\n<li>Fornecer supervis\u00e3o cl\u00ednica a profissionais de sa\u00fade para quest\u00f5es ligadas a sa\u00fade e espiritualidade\/religiosidade.<\/li>\r\n<\/ul>\r\n<!-- \/wp:list -->\r\n\r\n<!-- wp:paragraph -->\r\n<p><strong>P\u00daBLICO ALVO:\u00a0<\/strong>Profissionais de Sa\u00fade em Geral, Educa\u00e7\u00e3o e Religiosos.<\/p>\r\n<p><strong>CARGA HOR\u00c1RIA:<\/strong> 240 hs\/aula<\/p>\r\n<p><!-- \/wp:paragraph -->\r\n\r\n<!-- wp:paragraph --><\/p>\r\n<p><strong>CERTIFICA\u00c7\u00c3O:<\/strong>\u00a0Forma\u00e7\u00e3o em Sa\u00fade e Espiritualidade<\/p>\r\n<p><!-- \/wp:paragraph --><\/p>\r\n<p><strong>LOCAL DO CURSO:<\/strong> Campus Virtual do CESDE\u00a0<\/p>\r\n<p><!-- \/wp:paragraph -->\r\n\r\n<!-- wp:paragraph --><\/p>\r\n<p><strong>COORDENA\u00c7\u00c3O:<\/strong>\u00a0 Leonardo B. Martins\u00a0&amp; Prof. Admar Cardoso (CRP: 04\/16.661)<\/p>\r\n<p><strong>INVESTIMENTO:<\/strong><\/p>\r\n<ul>\r\n<li>Mensalidades =&gt; 12 mensalidades de R$250,00 <strong>(BOLETO ou PIX<\/strong>);<\/li>\r\n<li><strong>N\u00c3O<\/strong>\u00a0cobramos matr\u00edcula;<\/li>\r\n<li>1\u00aa<strong>\u00a0MENSALIDADE<\/strong>\u00a0vence 30 dias ap\u00f3s o in\u00edcio do curso;<\/li>\r\n<li><strong>Pagamentos feitos por\u00a0<\/strong><strong>BOLETO ou PIX<\/strong>;<\/li>\r\n<li>N\u00e3o cobramos multa por cancelamento de curso.<\/li>\r\n<\/ul>\r\n<p>&nbsp;<\/p>\r\n<!-- \/wp:paragraph -->\r\n\r\n<!-- wp:paragraph -->\r\n<p><strong>FUNCIONAMENTO do CURSO:<\/strong><\/p>\r\n<!-- \/wp:paragraph -->\r\n\r\n<!-- wp:list -->\r\n<ul>\r\n<li>Aulas\u00a0 gravas em est\u00fadio por professores altamente gabaritados (veja curr\u00edculos abaixo);<\/li>\r\n<li>A cada semana uma nova aula ser\u00e1 disponibilizada;<\/li>\r\n<li>Voc\u00ea pode optar por participar ativamente do curso assistindo as aulas e fazendo todas as atividades avaliativas ou apenas assistir \u00e0s aulas e receber um certificado diferenciado;<\/li>\r\n<li>Cada v\u00eddeo aula ficar\u00e1 no ar at\u00e9 30 dias ap\u00f3s o t\u00e9rmino do curso, j\u00e1 as unidades de avalia\u00e7\u00e3o (f\u00f3runs e atividades) ficar\u00e3o por 14 dias;<\/li>\r\n<li>Al\u00e9m das v\u00eddeo aulas voc\u00ea contar\u00e1 ainda com F\u00f3runs, Material em PDF, Atividades Did\u00e1ticas como Quiz entre outros;<\/li>\r\n<li>Esse curso \u00e9 realizado numa modalidade de EaD chamada de \u201cEstar junto virtual\u201d; ou seja, formamos uma turma e vamos em conjunto aprendendo sobre o assunto.<\/li>\r\n<\/ul>\r\n<p>&nbsp;<\/p>\r\n<p style=\"text-align: center;\"><em><strong>Neste v\u00eddeo o Coordenador explica como o curso funciona.<\/strong><\/em><\/p>\r\n<!-- \/wp:list -->\r\n<p style=\"text-align: center;\"><iframe loading=\"lazy\" src=\"https:\/\/www.youtube.com\/embed\/AvYZV0mhjG4\" width=\"360\" height=\"210\" frameborder=\"0\" allowfullscreen=\"allowfullscreen\"><span data-mce-type=\"bookmark\" style=\"display: inline-block; width: 0px; overflow: hidden; line-height: 0;\" class=\"mce_SELRES_start\">\ufeff<\/span><\/iframe><\/p>\r\n<p>&nbsp;<\/p>\r\n<p style=\"text-align: center;\"><a class=\"btn-az\" href=\"https:\/\/forms.gle\/RwpU1BwcyZ8x52449\" target=\"_blank\" rel=\"nofollow noopener\">Fa\u00e7a sua PR\u00c9 Inscri\u00e7\u00e3o aqui!<\/a><\/p>\r\n<!-- wp:paragraph -->\r\n<p>&nbsp;<\/p>\r\n<!-- \/wp:paragraph -->\r\n\r\n<!-- wp:paragraph -->\r\n<p><strong>PROFESSOR:<\/strong><\/p>\r\n<!-- \/wp:paragraph -->\r\n\r\n<!-- wp:paragraph -->\r\n<p><strong>Leonardo B. Martins<\/strong><\/p>\r\n<!-- \/wp:paragraph -->\r\n\r\n<!-- wp:list -->\r\n<ul>\r\n<li>Doutor e Mestre em psicologia social pela Universidade de S\u00e3o Paulo (USP)<\/li>\r\n<li>P\u00f3s-doutorado finalizado no Laborat\u00f3rio de Psicologia Anomal\u00edstica e Processos Psicossociais (INTER PSI) do Instituto de Psicologia da Universidade de S\u00e3o Paulo<\/li>\r\n<li>Temas e \u00e1reas de pesquisa \u2013 experi\u00eancias an\u00f4malas, processos b\u00e1sicos, sa\u00fade mental, psicologia social e psicologia da religi\u00e3o;<\/li>\r\n<li>Autor de diversas publica\u00e7\u00f5es cient\u00edficas nessas \u00e1reas no Brasil e no exterior.<\/li>\r\n<\/ul>\r\n<!-- \/wp:list -->\r\n\r\n<!-- wp:paragraph -->\r\n<p>\u00a0 <strong>PROGRAMA DO CURSO<\/strong><\/p>\r\n<!-- \/wp:paragraph -->\r\n\r\n<!-- wp:paragraph -->\r\n<p><strong>M\u00d3DULO 1: Introdu\u00e7\u00e3o ao tema:<\/strong><\/p>\r\n<!-- \/wp:paragraph -->\r\n\r\n<!-- wp:list -->\r\n<ul>\r\n<li>Conceitos b\u00e1sicos: do que estamos falando quando abordamos espiritualidade? Por que \u00e9 fundamental estudar sa\u00fade e espiritualidade? Quais as rela\u00e7\u00f5es e diferen\u00e7as entre espiritualidade, religiosidade, misticismo etc.? Quais os tipos de religiosidade e espiritualidade, e como eles afetam a sa\u00fade e o bem-estar subjetivo?<\/li>\r\n<li>\u00c9 poss\u00edvel fazer ci\u00eancia estudando espiritualidade? O que n\u00e3o lhe contam durante a forma\u00e7\u00e3o profissional sobre espiritualidade e sa\u00fade.<\/li>\r\n<li>Principais tipos de experi\u00eancias e cren\u00e7as ligadas \u00e0 espiritualidade.<\/li>\r\n<li>Que defini\u00e7\u00f5es de sa\u00fade estamos usando? O que tem a ver espiritualidade e sa\u00fade?<\/li>\r\n<li>Discuss\u00e3o de casos reais, dos cotidianos\/comuns aos extremos\/ins\u00f3litos.<\/li>\r\n<\/ul>\r\n<!-- \/wp:list -->\r\n\r\n<!-- wp:paragraph -->\r\n<p><strong>M\u00d3DULO 2: Desenvolvimento hist\u00f3rico:<\/strong><\/p>\r\n<!-- \/wp:paragraph -->\r\n\r\n<!-- wp:list -->\r\n<ul>\r\n<li>Quem j\u00e1 estudou isso? O que autores fundamentais como Freud, Jung, Wundt, William James, Viktor Frankl e diversos outros disseram sobre o tema?<\/li>\r\n<li>O lado B da hist\u00f3ria: a psicologia e \u00e1reas afins come\u00e7aram como ci\u00eancia estudando espiritualidade e temas relacionados.<\/li>\r\n<li>O que outras ci\u00eancias (psiquiatria, enfermagem etc.) t\u00eam estudado sobre sa\u00fade e espiritualidade?<\/li>\r\n<li>Quais os principais nomes (especialistas) e n\u00facleos de pesquisa sobre sa\u00fade e espiritualidade no Brasil e no mundo atualmente?<\/li>\r\n<li>Pontos fortes e fracos das principais abordagens psicol\u00f3gicas no trato do tema, incluindo (mas n\u00e3o se limitando a) psican\u00e1lise, behaviorismo, existencialismo\/humanismo\/fenomenologia, cognitivismo, psicologia transpessoal e psicologia positiva.<\/li>\r\n<\/ul>\r\n<!-- \/wp:list -->\r\n\r\n<!-- wp:paragraph -->\r\n<p><strong>M\u00d3DULO 3: Sa\u00fade, bem-estar e espiritualidade\/religiosidade:<\/strong><\/p>\r\n<!-- \/wp:paragraph -->\r\n\r\n<!-- wp:list -->\r\n<ul>\r\n<li>O papel das cren\u00e7as e experi\u00eancias na estrutura\u00e7\u00e3o da subjetividade<\/li>\r\n<li>Espiritualidade, coping, resili\u00eancia e bem-estar subjetivo<\/li>\r\n<li>Espiritualidade e desenvolvimento humano<\/li>\r\n<li>Espiritualidade e personalidade: o Modelo dos 5 Grandes Fatores (Big 5) e o Modelo Psicobiol\u00f3gico de Temperamento e Car\u00e1ter<\/li>\r\n<li>Pr\u00e1ticas alternativas e complementares: pontos fortes e fracos, casos cotidianos e casos extremos.<\/li>\r\n<\/ul>\r\n<!-- \/wp:list -->\r\n\r\n<!-- wp:paragraph -->\r\n<p><strong>M\u00d3DULO 4: Religiosidade\/espiritualidade e transtornos mentais:<\/strong><\/p>\r\n<!-- \/wp:paragraph -->\r\n\r\n<!-- wp:list -->\r\n<ul>\r\n<li>Os tipos mais ex\u00f3ticos de experi\u00eancias e cren\u00e7as<\/li>\r\n<li>Os principais conceitos e temas em sa\u00fade mental relevantes para a quest\u00e3o da espiritualidade\/religiosidade<\/li>\r\n<li>Diagn\u00f3stico diferencial entre experi\u00eancias e cren\u00e7as espirituais e indicadores de transtornos mentais (del\u00edrios, alucina\u00e7\u00f5es etc.)<\/li>\r\n<li>Esquizotipia saud\u00e1vel: quando sintomas psic\u00f3ticos n\u00e3o s\u00e3o um transtorno<\/li>\r\n<li>O papel da personalidade estruturada e do contexto provedor de sentido<\/li>\r\n<li>Emerg\u00eancia espiritual: potencialidades e problemas<\/li>\r\n<\/ul>\r\n<!-- \/wp:list -->\r\n\r\n<!-- wp:paragraph -->\r\n<p><strong>M\u00d3DULO 5: Manejo cl\u00ednico:<\/strong><\/p>\r\n<!-- \/wp:paragraph -->\r\n\r\n<!-- wp:list -->\r\n<ul>\r\n<li>Quest\u00f5es religiosas no consult\u00f3rio, incluindo especificidades do consult\u00f3rio psicol\u00f3gico e do psiqui\u00e1trico.<\/li>\r\n<li>Quando falar e quando n\u00e3o falar de espiritualidade e religiosidade nos atendimentos.<\/li>\r\n<li>O que os conselhos de cada profiss\u00e3o da \u00e1rea de sa\u00fade recomendam? E o que pro\u00edbem?<\/li>\r\n<\/ul>\r\n<!-- \/wp:list -->\r\n\r\n<!-- wp:paragraph -->\r\n<p><strong>M\u00d3DULO 6: Espiritualidade, religiosidade e direitos humanos: sa\u00fade em uma perspectiva cultural e social<\/strong><\/p>\r\n<!-- \/wp:paragraph -->\r\n\r\n<!-- wp:list -->\r\n<ul>\r\n<li>A sa\u00fade como um produto da coletividade: quando a cultura determina sa\u00fade, doen\u00e7a, bem-estar, vida e morte<\/li>\r\n<li>Temas pol\u00eamicos sob a perspectiva da sa\u00fade:<\/li>\r\n<li>Quest\u00f5es de sa\u00fade e os 3 Poderes: bancada evang\u00e9lica, STF, Estado Laico, governo federal\u2026<\/li>\r\n<li>\u201cCura gay\u201d,<\/li>\r\n<li>Diversidade e persegui\u00e7\u00e3o religiosa,<\/li>\r\n<li>O problema do ate\u00edsmo,<\/li>\r\n<li>Comunidades terap\u00eauticas (de base religiosa) para tratamento de depend\u00eancia de drogas,<\/li>\r\n<li>Legaliza\u00e7\u00e3o aborto e quest\u00f5es religiosas relacionadas,<\/li>\r\n<li>Tratamentos m\u00e9dicos e doa\u00e7\u00e3o de sangue versus preceitos religiosos.<\/li>\r\n<\/ul>\r\n<!-- \/wp:list -->\r\n\r\n<!-- wp:paragraph -->\r\n<p><strong>M\u00d3DULO 7: Estudo de Casos<\/strong><\/p>\r\n<p><strong>M\u00d3DULO 8: Supervis\u00e3o cl\u00ednica para quest\u00f5es ligadas \u00e0 sa\u00fade e espiritualidade.<\/strong> SER\u00c1 REALIZADA \u00c0 PARTE E SOB DEMANDA.<\/p>\r\n<!-- \/wp:paragraph -->\r\n\r\n<!-- wp:paragraph {\"backgroundColor\":\"luminous-vivid-orange\"} --><!-- \/wp:paragraph -->\r\n\r\n<!-- wp:paragraph --><!-- \/wp:paragraph -->\r\n\r\n<!-- wp:paragraph -->\r\n<p>&nbsp;<\/p>\r\n<p style=\"text-align: center;\"><a class=\"btn-az\" href=\"https:\/\/forms.gle\/RwpU1BwcyZ8x52449\" target=\"_blank\" rel=\"nofollow noopener\">Fa\u00e7a sua PR\u00c9 Inscri\u00e7\u00e3o aqui!<\/a><\/p>\r\n<p>&nbsp;<\/p>\r\n<!-- wp:paragraph -->\r\n<p style=\"text-align: center;\"><b>Porque estudar Sa\u00fade e Espiritualidade?<\/b><\/p>\r\n<p style=\"text-align: center;\"><iframe loading=\"lazy\" src=\"https:\/\/www.youtube.com\/embed\/Fc9pjclrNSs\" width=\"360\" height=\"210\" frameborder=\"0\" allowfullscreen=\"allowfullscreen\"><span data-mce-type=\"bookmark\" style=\"display: inline-block; width: 0px; overflow: hidden; line-height: 0;\" class=\"mce_SELRES_start\"><span data-mce-type=\"bookmark\" style=\"display: inline-block; width: 0px; overflow: hidden; line-height: 0;\" class=\"mce_SELRES_start\">\ufeff<\/span>\ufeff<\/span><\/iframe><\/p>\r\n<p>&nbsp;<\/p>\r\n<!-- \/wp:paragraph -->\r\n\r\n<!-- wp:paragraph -->\r\n<p>&nbsp;<\/p>\r\n<p>.<\/p>\r\n<!-- \/wp:paragraph -->","protected":false},"excerpt":{"rendered":"<p>Curso de Forma\u00e7\u00e3o em Neuroci\u00eancia e Psicologia da Espiritualidade: Implica\u00e7\u00f5es na Pr\u00e1tica Cl\u00ednica(EaD) &nbsp; In\u00edcio em 20 de MAR\u00c7O de 2024!!! \u00a0 Fa\u00e7a sua PR\u00c9 Inscri\u00e7\u00e3o aqui! &nbsp; OBJETIVO GERAL: Fornecer conhecimentos sobre as rela\u00e7\u00f5es entre espiritualidade, religiosidade e sa\u00fade, capacitando profissionais a atuarem diante de quest\u00f5es nesse dom\u00ednio e para compreenderem sua import\u00e2ncia para [&hellip;]<\/p>\n","protected":false},"author":3,"featured_media":0,"comment_status":"closed","ping_status":"closed","sticky":false,"template":"","format":"standard","meta":{"footnotes":""},"categories":[4,7],"tags":[],"class_list":["post-3197","post","type-post","status-publish","format-standard","hentry","category-cursos","category-saude-mental"],"aioseo_notices":[],"aioseo_head":"\n\t\t<!-- All in One SEO 5.0.0.1 - aioseo.com -->\n\t<meta name=\"robots\" content=\"max-image-preview:large\" \/>\n\t<meta name=\"author\" content=\"Admar Cardoso\"\/>\n\t<link rel=\"canonical\" href=\"https:\/\/www.cesde.com.br\/curso\/3197-2\/\" \/>\n\t<meta name=\"generator\" content=\"All in One SEO (AIOSEO) 5.0.0.1\" \/>\n\t\t<meta property=\"og:locale\" content=\"pt_BR\" \/>\n\t\t<meta property=\"og:site_name\" content=\"CESDE - Centro de Estudos e Desenvolvimento Educacional | Cursos em Psicologia, Sa\u00fade Mental, Educa\u00e7\u00e3o e Tecnologia.\" \/>\n\t\t<meta property=\"og:type\" content=\"activity\" \/>\n\t\t<meta property=\"og:title\" content=\"Neuroci\u00eancia e Psicologia da Espiritualidade (EaD) | CESDE - Centro de Estudos e Desenvolvimento Educacional\" \/>\n\t\t<meta property=\"og:url\" content=\"https:\/\/www.cesde.com.br\/curso\/3197-2\/\" \/>\n\t\t<meta property=\"og:image\" content=\"https:\/\/www.cesde.com.br\/curso\/wp-content\/uploads\/2019\/07\/bn_saude_espiritualidade_ead_bh_fb_instagram-320x320.png\" \/>\n\t\t<meta property=\"og:image:secure_url\" content=\"https:\/\/www.cesde.com.br\/curso\/wp-content\/uploads\/2019\/07\/bn_saude_espiritualidade_ead_bh_fb_instagram-320x320.png\" \/>\n\t\t<meta name=\"twitter:card\" content=\"summary\" \/>\n\t\t<meta name=\"twitter:title\" content=\"Neuroci\u00eancia e Psicologia da Espiritualidade (EaD) | CESDE - Centro de Estudos e Desenvolvimento Educacional\" \/>\n\t\t<meta name=\"twitter:image\" content=\"http:\/\/www.cesde.com.br\/curso\/wp-content\/uploads\/2019\/07\/bn_saude_espiritualidade_ead_bh_fb_instagram-320x320.png\" \/>\n\t\t<script type=\"application\/ld+json\" class=\"aioseo-schema\">\n\t\t\t{\"@context\":\"https:\\\/\\\/schema.org\",\"@graph\":[{\"@type\":\"Article\",\"@id\":\"https:\\\/\\\/www.cesde.com.br\\\/curso\\\/3197-2\\\/#article\",\"name\":\"Neuroci\\u00eancia e Psicologia da Espiritualidade (EaD) | CESDE - Centro de Estudos e Desenvolvimento Educacional\",\"headline\":\"Neuroci\\u00eancia e Psicologia da Espiritualidade (EaD)\",\"author\":{\"@id\":\"https:\\\/\\\/www.cesde.com.br\\\/curso\\\/author\\\/admar-cardoso\\\/#author\"},\"publisher\":{\"@id\":\"https:\\\/\\\/www.cesde.com.br\\\/curso\\\/#organization\"},\"datePublished\":\"2019-06-19T17:55:54+00:00\",\"dateModified\":\"2025-02-22T17:31:52+00:00\",\"inLanguage\":\"pt-BR\",\"mainEntityOfPage\":{\"@id\":\"https:\\\/\\\/www.cesde.com.br\\\/curso\\\/3197-2\\\/#webpage\"},\"isPartOf\":{\"@id\":\"https:\\\/\\\/www.cesde.com.br\\\/curso\\\/3197-2\\\/#webpage\"},\"articleSection\":\"Cursos em, Sa\\u00fade Mental -\"},{\"@type\":\"BreadcrumbList\",\"@id\":\"https:\\\/\\\/www.cesde.com.br\\\/curso\\\/3197-2\\\/#breadcrumblist\",\"itemListElement\":[{\"@type\":\"ListItem\",\"@id\":\"https:\\\/\\\/www.cesde.com.br\\\/curso#listItem\",\"position\":1,\"name\":\"In\\u00edcio\",\"item\":\"https:\\\/\\\/www.cesde.com.br\\\/curso\",\"nextItem\":{\"@type\":\"ListItem\",\"@id\":\"https:\\\/\\\/www.cesde.com.br\\\/curso\\\/category\\\/cursos\\\/#listItem\",\"name\":\"Cursos em\"}},{\"@type\":\"ListItem\",\"@id\":\"https:\\\/\\\/www.cesde.com.br\\\/curso\\\/category\\\/cursos\\\/#listItem\",\"position\":2,\"name\":\"Cursos em\",\"item\":\"https:\\\/\\\/www.cesde.com.br\\\/curso\\\/category\\\/cursos\\\/\",\"nextItem\":{\"@type\":\"ListItem\",\"@id\":\"https:\\\/\\\/www.cesde.com.br\\\/curso\\\/category\\\/cursos\\\/saude-mental\\\/#listItem\",\"name\":\"Sa\\u00fade Mental -\"},\"previousItem\":{\"@type\":\"ListItem\",\"@id\":\"https:\\\/\\\/www.cesde.com.br\\\/curso#listItem\",\"name\":\"In\\u00edcio\"}},{\"@type\":\"ListItem\",\"@id\":\"https:\\\/\\\/www.cesde.com.br\\\/curso\\\/category\\\/cursos\\\/saude-mental\\\/#listItem\",\"position\":3,\"name\":\"Sa\\u00fade Mental -\",\"item\":\"https:\\\/\\\/www.cesde.com.br\\\/curso\\\/category\\\/cursos\\\/saude-mental\\\/\",\"nextItem\":{\"@type\":\"ListItem\",\"@id\":\"https:\\\/\\\/www.cesde.com.br\\\/curso\\\/3197-2\\\/#listItem\",\"name\":\"Neuroci\\u00eancia e Psicologia da Espiritualidade (EaD)\"},\"previousItem\":{\"@type\":\"ListItem\",\"@id\":\"https:\\\/\\\/www.cesde.com.br\\\/curso\\\/category\\\/cursos\\\/#listItem\",\"name\":\"Cursos em\"}},{\"@type\":\"ListItem\",\"@id\":\"https:\\\/\\\/www.cesde.com.br\\\/curso\\\/3197-2\\\/#listItem\",\"position\":4,\"name\":\"Neuroci\\u00eancia e Psicologia da Espiritualidade (EaD)\",\"previousItem\":{\"@type\":\"ListItem\",\"@id\":\"https:\\\/\\\/www.cesde.com.br\\\/curso\\\/category\\\/cursos\\\/saude-mental\\\/#listItem\",\"name\":\"Sa\\u00fade Mental -\"}}]},{\"@type\":\"Organization\",\"@id\":\"https:\\\/\\\/www.cesde.com.br\\\/curso\\\/#organization\",\"name\":\"CESDE - Centro de Estudos e Desenvolvimento Educacional\",\"description\":\"Cursos em Psicologia, Sa\\u00fade Mental, Educa\\u00e7\\u00e3o e Tecnologia.\",\"url\":\"https:\\\/\\\/www.cesde.com.br\\\/curso\\\/\"},{\"@type\":\"Person\",\"@id\":\"https:\\\/\\\/www.cesde.com.br\\\/curso\\\/author\\\/admar-cardoso\\\/#author\",\"url\":\"https:\\\/\\\/www.cesde.com.br\\\/curso\\\/author\\\/admar-cardoso\\\/\",\"name\":\"Admar Cardoso\"},{\"@type\":\"WebPage\",\"@id\":\"https:\\\/\\\/www.cesde.com.br\\\/curso\\\/3197-2\\\/#webpage\",\"url\":\"https:\\\/\\\/www.cesde.com.br\\\/curso\\\/3197-2\\\/\",\"name\":\"Neuroci\\u00eancia e Psicologia da Espiritualidade (EaD) | CESDE - Centro de Estudos e Desenvolvimento Educacional\",\"inLanguage\":\"pt-BR\",\"isPartOf\":{\"@id\":\"https:\\\/\\\/www.cesde.com.br\\\/curso\\\/#website\"},\"breadcrumb\":{\"@id\":\"https:\\\/\\\/www.cesde.com.br\\\/curso\\\/3197-2\\\/#breadcrumblist\"},\"author\":{\"@id\":\"https:\\\/\\\/www.cesde.com.br\\\/curso\\\/author\\\/admar-cardoso\\\/#author\"},\"creator\":{\"@id\":\"https:\\\/\\\/www.cesde.com.br\\\/curso\\\/author\\\/admar-cardoso\\\/#author\"},\"datePublished\":\"2019-06-19T17:55:54+00:00\",\"dateModified\":\"2025-02-22T17:31:52+00:00\"},{\"@type\":\"WebSite\",\"@id\":\"https:\\\/\\\/www.cesde.com.br\\\/curso\\\/#website\",\"url\":\"https:\\\/\\\/www.cesde.com.br\\\/curso\\\/\",\"name\":\"CESDE - Centro de Estudos e Desenvolvimento Educacional\",\"description\":\"Cursos em Psicologia, Sa\\u00fade Mental, Educa\\u00e7\\u00e3o e Tecnologia.\",\"inLanguage\":\"pt-BR\",\"publisher\":{\"@id\":\"https:\\\/\\\/www.cesde.com.br\\\/curso\\\/#organization\"}}]}\n\t\t<\/script>\n\t\t<!-- All in One SEO -->\n\n","aioseo_head_json":{"title":"Neuroci\u00eancia e Psicologia da Espiritualidade (EaD) | CESDE - Centro de Estudos e Desenvolvimento Educacional","description":"","canonical_url":"https:\/\/www.cesde.com.br\/curso\/3197-2\/","robots":"max-image-preview:large","keywords":"","webmasterTools":{"miscellaneous":""},"schema":{"@context":"https:\/\/schema.org","@graph":[{"@type":"Article","@id":"https:\/\/www.cesde.com.br\/curso\/3197-2\/#article","name":"Neuroci\u00eancia e Psicologia da Espiritualidade (EaD) | CESDE - Centro de Estudos e Desenvolvimento Educacional","headline":"Neuroci\u00eancia e Psicologia da Espiritualidade (EaD)","author":{"@id":"https:\/\/www.cesde.com.br\/curso\/author\/admar-cardoso\/#author"},"publisher":{"@id":"https:\/\/www.cesde.com.br\/curso\/#organization"},"datePublished":"2019-06-19T17:55:54+00:00","dateModified":"2025-02-22T17:31:52+00:00","inLanguage":"pt-BR","mainEntityOfPage":{"@id":"https:\/\/www.cesde.com.br\/curso\/3197-2\/#webpage"},"isPartOf":{"@id":"https:\/\/www.cesde.com.br\/curso\/3197-2\/#webpage"},"articleSection":"Cursos em, Sa\u00fade Mental -"},{"@type":"BreadcrumbList","@id":"https:\/\/www.cesde.com.br\/curso\/3197-2\/#breadcrumblist","itemListElement":[{"@type":"ListItem","@id":"https:\/\/www.cesde.com.br\/curso#listItem","position":1,"name":"In\u00edcio","item":"https:\/\/www.cesde.com.br\/curso","nextItem":{"@type":"ListItem","@id":"https:\/\/www.cesde.com.br\/curso\/category\/cursos\/#listItem","name":"Cursos em"}},{"@type":"ListItem","@id":"https:\/\/www.cesde.com.br\/curso\/category\/cursos\/#listItem","position":2,"name":"Cursos em","item":"https:\/\/www.cesde.com.br\/curso\/category\/cursos\/","nextItem":{"@type":"ListItem","@id":"https:\/\/www.cesde.com.br\/curso\/category\/cursos\/saude-mental\/#listItem","name":"Sa\u00fade Mental -"},"previousItem":{"@type":"ListItem","@id":"https:\/\/www.cesde.com.br\/curso#listItem","name":"In\u00edcio"}},{"@type":"ListItem","@id":"https:\/\/www.cesde.com.br\/curso\/category\/cursos\/saude-mental\/#listItem","position":3,"name":"Sa\u00fade Mental -","item":"https:\/\/www.cesde.com.br\/curso\/category\/cursos\/saude-mental\/","nextItem":{"@type":"ListItem","@id":"https:\/\/www.cesde.com.br\/curso\/3197-2\/#listItem","name":"Neuroci\u00eancia e Psicologia da Espiritualidade (EaD)"},"previousItem":{"@type":"ListItem","@id":"https:\/\/www.cesde.com.br\/curso\/category\/cursos\/#listItem","name":"Cursos em"}},{"@type":"ListItem","@id":"https:\/\/www.cesde.com.br\/curso\/3197-2\/#listItem","position":4,"name":"Neuroci\u00eancia e Psicologia da Espiritualidade (EaD)","previousItem":{"@type":"ListItem","@id":"https:\/\/www.cesde.com.br\/curso\/category\/cursos\/saude-mental\/#listItem","name":"Sa\u00fade Mental -"}}]},{"@type":"Organization","@id":"https:\/\/www.cesde.com.br\/curso\/#organization","name":"CESDE - Centro de Estudos e Desenvolvimento Educacional","description":"Cursos em Psicologia, Sa\u00fade Mental, Educa\u00e7\u00e3o e Tecnologia.","url":"https:\/\/www.cesde.com.br\/curso\/"},{"@type":"Person","@id":"https:\/\/www.cesde.com.br\/curso\/author\/admar-cardoso\/#author","url":"https:\/\/www.cesde.com.br\/curso\/author\/admar-cardoso\/","name":"Admar Cardoso"},{"@type":"WebPage","@id":"https:\/\/www.cesde.com.br\/curso\/3197-2\/#webpage","url":"https:\/\/www.cesde.com.br\/curso\/3197-2\/","name":"Neuroci\u00eancia e Psicologia da Espiritualidade (EaD) | CESDE - Centro de Estudos e Desenvolvimento Educacional","inLanguage":"pt-BR","isPartOf":{"@id":"https:\/\/www.cesde.com.br\/curso\/#website"},"breadcrumb":{"@id":"https:\/\/www.cesde.com.br\/curso\/3197-2\/#breadcrumblist"},"author":{"@id":"https:\/\/www.cesde.com.br\/curso\/author\/admar-cardoso\/#author"},"creator":{"@id":"https:\/\/www.cesde.com.br\/curso\/author\/admar-cardoso\/#author"},"datePublished":"2019-06-19T17:55:54+00:00","dateModified":"2025-02-22T17:31:52+00:00"},{"@type":"WebSite","@id":"https:\/\/www.cesde.com.br\/curso\/#website","url":"https:\/\/www.cesde.com.br\/curso\/","name":"CESDE - Centro de Estudos e Desenvolvimento Educacional","description":"Cursos em Psicologia, Sa\u00fade Mental, Educa\u00e7\u00e3o e Tecnologia.","inLanguage":"pt-BR","publisher":{"@id":"https:\/\/www.cesde.com.br\/curso\/#organization"}}]},"og:locale":"pt_BR","og:site_name":"CESDE - Centro de Estudos e Desenvolvimento Educacional | Cursos em Psicologia, Sa\u00fade Mental, Educa\u00e7\u00e3o e Tecnologia.","og:type":"activity","og:title":"Neuroci\u00eancia e Psicologia da Espiritualidade (EaD) | CESDE - Centro de Estudos e Desenvolvimento Educacional","og:url":"https:\/\/www.cesde.com.br\/curso\/3197-2\/","og:image":"https:\/\/www.cesde.com.br\/curso\/wp-content\/uploads\/2019\/07\/bn_saude_espiritualidade_ead_bh_fb_instagram-320x320.png","og:image:secure_url":"https:\/\/www.cesde.com.br\/curso\/wp-content\/uploads\/2019\/07\/bn_saude_espiritualidade_ead_bh_fb_instagram-320x320.png","twitter:card":"summary","twitter:title":"Neuroci\u00eancia e Psicologia da Espiritualidade (EaD) | CESDE - Centro de Estudos e Desenvolvimento Educacional","twitter:image":"http:\/\/www.cesde.com.br\/curso\/wp-content\/uploads\/2019\/07\/bn_saude_espiritualidade_ead_bh_fb_instagram-320x320.png"},"aioseo_meta_data":{"post_id":"3197","title":null,"description":null,"keywords":null,"keyphrases":{"focus":{"keyphrase":"","score":0,"analysis":{"keyphraseInTitle":{"score":0,"maxScore":9,"error":1}}},"additional":[]},"primary_term":null,"canonical_url":null,"og_title":null,"og_description":null,"og_object_type":"activity","og_image_type":"custom_image","og_image_url":"http:\/\/www.cesde.com.br\/curso\/wp-content\/uploads\/2019\/07\/bn_saude_espiritualidade_ead_bh_fb_instagram-320x320.png","og_image_width":"0","og_image_height":"0","og_image_custom_url":"http:\/\/www.cesde.com.br\/curso\/wp-content\/uploads\/2019\/07\/bn_saude_espiritualidade_ead_bh_fb_instagram-320x320.png","og_image_custom_fields":null,"og_video":"","og_custom_url":null,"og_article_section":null,"og_article_tags":null,"twitter_use_og":false,"twitter_card":"summary","twitter_image_type":"default","twitter_image_url":null,"twitter_image_custom_url":null,"twitter_image_custom_fields":null,"twitter_title":null,"twitter_description":null,"schema":{"blockGraphs":[],"customGraphs":[],"default":{"data":{"Article":{"id":"#aioseo-article-6401ff3365982","slug":"article","graphName":"Article","label":"Artigo","properties":{"type":"BlogPosting","name":"#post_title","headline":"#post_title","description":"#post_excerpt","image":"","keywords":"","author":{"name":"#author_name","url":"#author_url"},"dates":{"include":true,"datePublished":"","dateModified":""}}},"Course":[],"Dataset":[],"FAQPage":[],"Movie":[],"Person":[],"Product":[],"ProductReview":[],"Car":[],"Recipe":[],"Service":[],"SoftwareApplication":[],"WebPage":[]},"graphName":"Article","isEnabled":true},"graphs":[]},"schema_type":"default","schema_type_options":"{\"article\":{\"articleType\":\"BlogPosting\"},\"course\":{\"name\":\"\",\"description\":\"\",\"provider\":\"\"},\"faq\":{\"pages\":[]},\"product\":{\"reviews\":[]},\"recipe\":{\"ingredients\":[],\"instructions\":[],\"keywords\":[]},\"software\":{\"reviews\":[],\"operatingSystems\":[]},\"webPage\":{\"webPageType\":\"WebPage\"}}","pillar_content":false,"robots_default":true,"robots_noindex":false,"robots_noarchive":false,"robots_nosnippet":false,"robots_nofollow":false,"robots_noimageindex":false,"robots_noodp":false,"robots_notranslate":false,"robots_max_snippet":"-1","robots_max_videopreview":"-1","robots_max_imagepreview":"large","priority":null,"frequency":"default","local_seo":null,"breadcrumb_settings":null,"limit_modified_date":false,"ai":null,"created":"2021-05-28 14:56:37","updated":"2025-02-22 17:31:52","focus_keyword":null,"additional_keywords":null,"truseo_locale":null,"seo_analyzer_scan_date":null},"aioseo_breadcrumb":"<div class=\"aioseo-breadcrumbs\"><span class=\"aioseo-breadcrumb\">\n\t\t\t<a href=\"https:\/\/www.cesde.com.br\/curso\" title=\"In\u00edcio\">In\u00edcio<\/a>\n\t\t<\/span><span class=\"aioseo-breadcrumb-separator\">&raquo;<\/span><span class=\"aioseo-breadcrumb\">\n\t\t\t<a href=\"https:\/\/www.cesde.com.br\/curso\/category\/cursos\/\" title=\"Cursos em\">Cursos em<\/a>\n\t\t<\/span><span class=\"aioseo-breadcrumb-separator\">&raquo;<\/span><span class=\"aioseo-breadcrumb\">\n\t\t\t<a href=\"https:\/\/www.cesde.com.br\/curso\/category\/cursos\/saude-mental\/\" title=\"Sa\u00fade Mental -\">Sa\u00fade Mental -<\/a>\n\t\t<\/span><span class=\"aioseo-breadcrumb-separator\">&raquo;<\/span><span class=\"aioseo-breadcrumb\">\n\t\t\tNeuroci\u00eancia e Psicologia da Espiritualidade (EaD)\n\t\t<\/span><\/div>","aioseo_breadcrumb_json":[{"label":"In\u00edcio","link":"https:\/\/www.cesde.com.br\/curso"},{"label":"Cursos em","link":"https:\/\/www.cesde.com.br\/curso\/category\/cursos\/"},{"label":"Sa\u00fade Mental -","link":"https:\/\/www.cesde.com.br\/curso\/category\/cursos\/saude-mental\/"},{"label":"Neuroci\u00eancia e Psicologia da Espiritualidade (EaD)","link":"https:\/\/www.cesde.com.br\/curso\/3197-2\/"}],"_links":{"self":[{"href":"https:\/\/www.cesde.com.br\/curso\/wp-json\/wp\/v2\/posts\/3197","targetHints":{"allow":["GET"]}}],"collection":[{"href":"https:\/\/www.cesde.com.br\/curso\/wp-json\/wp\/v2\/posts"}],"about":[{"href":"https:\/\/www.cesde.com.br\/curso\/wp-json\/wp\/v2\/types\/post"}],"author":[{"embeddable":true,"href":"https:\/\/www.cesde.com.br\/curso\/wp-json\/wp\/v2\/users\/3"}],"replies":[{"embeddable":true,"href":"https:\/\/www.cesde.com.br\/curso\/wp-json\/wp\/v2\/comments?post=3197"}],"version-history":[{"count":47,"href":"https:\/\/www.cesde.com.br\/curso\/wp-json\/wp\/v2\/posts\/3197\/revisions"}],"predecessor-version":[{"id":13854,"href":"https:\/\/www.cesde.com.br\/curso\/wp-json\/wp\/v2\/posts\/3197\/revisions\/13854"}],"wp:attachment":[{"href":"https:\/\/www.cesde.com.br\/curso\/wp-json\/wp\/v2\/media?parent=3197"}],"wp:term":[{"taxonomy":"category","embeddable":true,"href":"https:\/\/www.cesde.com.br\/curso\/wp-json\/wp\/v2\/categories?post=3197"},{"taxonomy":"post_tag","embeddable":true,"href":"https:\/\/www.cesde.com.br\/curso\/wp-json\/wp\/v2\/tags?post=3197"}],"curies":[{"name":"wp","href":"https:\/\/api.w.org\/{rel}","templated":true}]}}