{"id":3090,"date":"2019-03-21T15:17:09","date_gmt":"2019-03-21T15:17:09","guid":{"rendered":"http:\/\/www.cesde.com.br\/curso\/?p=3090"},"modified":"2019-03-22T20:02:30","modified_gmt":"2019-03-22T20:02:30","slug":"2019-comecou-que-tal-investir-em-seu-futuro-profissional","status":"publish","type":"post","link":"https:\/\/www.cesde.com.br\/curso\/2019-comecou-que-tal-investir-em-seu-futuro-profissional\/","title":{"rendered":"2019 come\u00e7ou: que tal investir em seu futuro profissional?!"},"content":{"rendered":"\n<h2 class=\"wp-block-heading\">Psic\u00f3logos e demais profissionais de sa\u00fade mental: investimento em cursos de forma\u00e7\u00e3o.<\/h2>\n\n\n\n<p class=\"wp-block-paragraph\">Dizem que no Brasil o ano s\u00f3 come\u00e7a depois do carnaval.  e neste ano come\u00e7amos mais tarde com o carnaval em mar\u00e7o. Mas o importante \u00e9 que j\u00e1 come\u00e7ou e devemos ent\u00e3o arrega\u00e7ar as mangas e trabalharmos!<\/p>\n\n\n\n<p class=\"wp-block-paragraph\">Muitas pessoas sempre que me perguntam sobre algum curso costuma perguntar: &#8220;Com esse curso eu vou aprender tudo o que preciso saber?&#8221; E eu sempre respondo: &#8220;Sim e n\u00e3o.&#8221;<\/p>\n\n\n\n<p class=\"wp-block-paragraph\">Sim, porque seria il\u00f3gico para mim, n\u00e3o para outros coordenadores de cursos, que um curso deve capacitar o profissional com o m\u00ednimo de conhecimento para iniciar sua pr\u00e1tica profissional. Note: um m\u00ednimo. Por mais que estudemos nunca saberemos tudo pois a ci\u00eancia est\u00e1 sempre em evolu\u00e7\u00e3o.<\/p>\n\n\n\n<p class=\"wp-block-paragraph\">N\u00e3o, porque o profissional dever\u00e1 estudar a vida toda se aperfei\u00e7oando. E isso n\u00e3o s\u00f3 atrav\u00e9s de cursos mas tamb\u00e9m de artigos cient\u00edficos, livros, grupos de estudos com colegas, Supervis\u00e3o, Intervis\u00e3o (que \u00e9 a discuss\u00e3o de casos com colegas), cursos etc&#8230; Toda fonte de informa\u00e7\u00e3o e oportunidade de conversar sobre \u00e9 importante. Hoje \u00e9 comum falarmos em Educa\u00e7\u00e3o Continuada ou Educa\u00e7\u00e3o para a vida toda. E \u00e9 isso mesmo: para a vida toda!<\/p>\n\n\n\n<p class=\"wp-block-paragraph\">Nosso papel do CESDE \u00e9 o de procurar qualificar os colegas profissionais de sa\u00fade mental qualifica\u00e7\u00e3o com a maior qualidade poss\u00edvel. Tamb\u00e9m n\u00e3o somos infal\u00edveis e estamos tamb\u00e9m aprendendo. E se voc\u00ea deseja fazer alguma qualifica\u00e7\u00e3o ou aperfei\u00e7oamento em 2019 temos oportunidades interessantes abaixo.<\/p>\n\n\n\n<p style=\"text-align:center\" class=\"has-text-color has-background has-medium-font-size has-very-dark-gray-color has-luminous-vivid-amber-background-color wp-block-paragraph\"><strong>Educa\u00e7\u00e3o a Distancia<\/strong><\/p>\n\n\n\n<ul class=\"wp-block-list\"><li><a href=\"http:\/\/www.cesde.com.br\/curso\/curso-online-de-formacao-em-terapia-da-aceitacao-e-compromisso-act\/\">Terapia da Aceita\u00e7\u00e3o e Compromisso;<\/a><\/li><li><a href=\"http:\/\/www.cesde.com.br\/curso\/curso-online-de-formacao-em-terapia-da-aceitacao-e-compromisso-act\/\">Cl\u00ednica da Obesidade e Emagrecimento.<\/a><\/li><\/ul>\n\n\n\n<p style=\"text-align:center\" class=\"has-text-color has-background has-medium-font-size has-very-dark-gray-color has-pale-cyan-blue-background-color wp-block-paragraph\"><strong>Presencial&nbsp;em&nbsp;BH<\/strong><\/p>\n\n\n\n<ul class=\"wp-block-list\"><li><a href=\"http:\/\/www.cesde.com.br\/curso\/formacao-em-terapia-cognitiva\/\">Terapia Cognitivo-comportamental (Adulto);<\/a><\/li><li><a href=\"http:\/\/www.cesde.com.br\/curso\/formacao-em-terapia-cognitiva\/\">Terapia Cognitivo-comportamental da Crian\u00e7a e do Adolescente;<\/a><\/li><li><a href=\"http:\/\/www.cesde.com.br\/curso\/curso-sexologia-clinica-bh\/\">Sexologia Cl\u00ednica com \u00eanfase em Terapia Sexual;<\/a><\/li><li><a href=\"http:\/\/www.cesde.com.br\/curso\/curso-de-capacitacao-em-orientacao-profissional-clinica-e-institucional\/\">Orienta\u00e7\u00e3o Profissional;<\/a><\/li><li><a href=\"http:\/\/www.cesde.com.br\/curso\/curso-de-terapia-focada-no-esquema-em-bh\/\">Terapia do Esquema;<\/a><\/li><li><a href=\"http:\/\/www.cesde.com.br\/curso\/treinamento-de-habilidades-em-dbt-para-profissionais-em-bh\/\">Treinamento em Habilidades da DBT para Profissionais de Sa\u00fade Mental.<\/a><\/li><\/ul>\n","protected":false},"excerpt":{"rendered":"<p>Psic\u00f3logos e demais profissionais de sa\u00fade mental: investimento em cursos de forma\u00e7\u00e3o. Dizem que no Brasil o ano s\u00f3 come\u00e7a depois do carnaval. e neste ano come\u00e7amos mais tarde com o carnaval em mar\u00e7o. Mas o importante \u00e9 que j\u00e1 come\u00e7ou e devemos ent\u00e3o arrega\u00e7ar as mangas e trabalharmos! Muitas pessoas sempre que me perguntam [&hellip;]<\/p>\n","protected":false},"author":3,"featured_media":0,"comment_status":"closed","ping_status":"closed","sticky":false,"template":"","format":"standard","meta":{"footnotes":""},"categories":[5],"tags":[],"class_list":["post-3090","post","type-post","status-publish","format-standard","hentry","category-noticias"],"aioseo_notices":[],"aioseo_head":"\n\t\t<!-- All in One SEO 5.0.0.1 - aioseo.com -->\n\t<meta name=\"robots\" content=\"max-image-preview:large\" \/>\n\t<meta name=\"author\" content=\"Admar Cardoso\"\/>\n\t<link rel=\"canonical\" href=\"https:\/\/www.cesde.com.br\/curso\/2019-comecou-que-tal-investir-em-seu-futuro-profissional\/\" \/>\n\t<meta name=\"generator\" content=\"All in One SEO (AIOSEO) 5.0.0.1\" \/>\n\t\t<meta property=\"og:locale\" content=\"pt_BR\" \/>\n\t\t<meta property=\"og:site_name\" content=\"CESDE - Centro de Estudos e Desenvolvimento Educacional | Cursos em Psicologia, Sa\u00fade Mental, Educa\u00e7\u00e3o e Tecnologia.\" \/>\n\t\t<meta property=\"og:type\" content=\"article\" \/>\n\t\t<meta property=\"og:title\" content=\"2019 come\u00e7ou: que tal investir em seu futuro profissional?! | CESDE - Centro de Estudos e Desenvolvimento Educacional\" \/>\n\t\t<meta property=\"og:url\" content=\"https:\/\/www.cesde.com.br\/curso\/2019-comecou-que-tal-investir-em-seu-futuro-profissional\/\" \/>\n\t\t<meta property=\"article:published_time\" content=\"2019-03-21T15:17:09+00:00\" \/>\n\t\t<meta property=\"article:modified_time\" content=\"2019-03-22T20:02:30+00:00\" \/>\n\t\t<meta name=\"twitter:card\" content=\"summary\" \/>\n\t\t<meta name=\"twitter:title\" content=\"2019 come\u00e7ou: que tal investir em seu futuro profissional?! | CESDE - Centro de Estudos e Desenvolvimento Educacional\" \/>\n\t\t<script type=\"application\/ld+json\" class=\"aioseo-schema\">\n\t\t\t{\"@context\":\"https:\\\/\\\/schema.org\",\"@graph\":[{\"@type\":\"Article\",\"@id\":\"https:\\\/\\\/www.cesde.com.br\\\/curso\\\/2019-comecou-que-tal-investir-em-seu-futuro-profissional\\\/#article\",\"name\":\"2019 come\\u00e7ou: que tal investir em seu futuro profissional?! | CESDE - Centro de Estudos e Desenvolvimento Educacional\",\"headline\":\"2019 come\\u00e7ou: que tal investir em seu futuro profissional?!\",\"author\":{\"@id\":\"https:\\\/\\\/www.cesde.com.br\\\/curso\\\/author\\\/admar-cardoso\\\/#author\"},\"publisher\":{\"@id\":\"https:\\\/\\\/www.cesde.com.br\\\/curso\\\/#organization\"},\"datePublished\":\"2019-03-21T15:17:09+00:00\",\"dateModified\":\"2019-03-22T20:02:30+00:00\",\"inLanguage\":\"pt-BR\",\"mainEntityOfPage\":{\"@id\":\"https:\\\/\\\/www.cesde.com.br\\\/curso\\\/2019-comecou-que-tal-investir-em-seu-futuro-profissional\\\/#webpage\"},\"isPartOf\":{\"@id\":\"https:\\\/\\\/www.cesde.com.br\\\/curso\\\/2019-comecou-que-tal-investir-em-seu-futuro-profissional\\\/#webpage\"},\"articleSection\":\"Blog\"},{\"@type\":\"BreadcrumbList\",\"@id\":\"https:\\\/\\\/www.cesde.com.br\\\/curso\\\/2019-comecou-que-tal-investir-em-seu-futuro-profissional\\\/#breadcrumblist\",\"itemListElement\":[{\"@type\":\"ListItem\",\"@id\":\"https:\\\/\\\/www.cesde.com.br\\\/curso#listItem\",\"position\":1,\"name\":\"In\\u00edcio\",\"item\":\"https:\\\/\\\/www.cesde.com.br\\\/curso\",\"nextItem\":{\"@type\":\"ListItem\",\"@id\":\"https:\\\/\\\/www.cesde.com.br\\\/curso\\\/category\\\/noticias\\\/#listItem\",\"name\":\"Blog\"}},{\"@type\":\"ListItem\",\"@id\":\"https:\\\/\\\/www.cesde.com.br\\\/curso\\\/category\\\/noticias\\\/#listItem\",\"position\":2,\"name\":\"Blog\",\"item\":\"https:\\\/\\\/www.cesde.com.br\\\/curso\\\/category\\\/noticias\\\/\",\"nextItem\":{\"@type\":\"ListItem\",\"@id\":\"https:\\\/\\\/www.cesde.com.br\\\/curso\\\/2019-comecou-que-tal-investir-em-seu-futuro-profissional\\\/#listItem\",\"name\":\"2019 come\\u00e7ou: que tal investir em seu futuro profissional?!\"},\"previousItem\":{\"@type\":\"ListItem\",\"@id\":\"https:\\\/\\\/www.cesde.com.br\\\/curso#listItem\",\"name\":\"In\\u00edcio\"}},{\"@type\":\"ListItem\",\"@id\":\"https:\\\/\\\/www.cesde.com.br\\\/curso\\\/2019-comecou-que-tal-investir-em-seu-futuro-profissional\\\/#listItem\",\"position\":3,\"name\":\"2019 come\\u00e7ou: que tal investir em seu futuro profissional?!\",\"previousItem\":{\"@type\":\"ListItem\",\"@id\":\"https:\\\/\\\/www.cesde.com.br\\\/curso\\\/category\\\/noticias\\\/#listItem\",\"name\":\"Blog\"}}]},{\"@type\":\"Organization\",\"@id\":\"https:\\\/\\\/www.cesde.com.br\\\/curso\\\/#organization\",\"name\":\"CESDE - Centro de Estudos e Desenvolvimento Educacional\",\"description\":\"Cursos em Psicologia, Sa\\u00fade Mental, Educa\\u00e7\\u00e3o e Tecnologia.\",\"url\":\"https:\\\/\\\/www.cesde.com.br\\\/curso\\\/\"},{\"@type\":\"Person\",\"@id\":\"https:\\\/\\\/www.cesde.com.br\\\/curso\\\/author\\\/admar-cardoso\\\/#author\",\"url\":\"https:\\\/\\\/www.cesde.com.br\\\/curso\\\/author\\\/admar-cardoso\\\/\",\"name\":\"Admar Cardoso\"},{\"@type\":\"WebPage\",\"@id\":\"https:\\\/\\\/www.cesde.com.br\\\/curso\\\/2019-comecou-que-tal-investir-em-seu-futuro-profissional\\\/#webpage\",\"url\":\"https:\\\/\\\/www.cesde.com.br\\\/curso\\\/2019-comecou-que-tal-investir-em-seu-futuro-profissional\\\/\",\"name\":\"2019 come\\u00e7ou: que tal investir em seu futuro profissional?! | CESDE - Centro de Estudos e Desenvolvimento Educacional\",\"inLanguage\":\"pt-BR\",\"isPartOf\":{\"@id\":\"https:\\\/\\\/www.cesde.com.br\\\/curso\\\/#website\"},\"breadcrumb\":{\"@id\":\"https:\\\/\\\/www.cesde.com.br\\\/curso\\\/2019-comecou-que-tal-investir-em-seu-futuro-profissional\\\/#breadcrumblist\"},\"author\":{\"@id\":\"https:\\\/\\\/www.cesde.com.br\\\/curso\\\/author\\\/admar-cardoso\\\/#author\"},\"creator\":{\"@id\":\"https:\\\/\\\/www.cesde.com.br\\\/curso\\\/author\\\/admar-cardoso\\\/#author\"},\"datePublished\":\"2019-03-21T15:17:09+00:00\",\"dateModified\":\"2019-03-22T20:02:30+00:00\"},{\"@type\":\"WebSite\",\"@id\":\"https:\\\/\\\/www.cesde.com.br\\\/curso\\\/#website\",\"url\":\"https:\\\/\\\/www.cesde.com.br\\\/curso\\\/\",\"name\":\"CESDE - Centro de Estudos e Desenvolvimento Educacional\",\"description\":\"Cursos em Psicologia, Sa\\u00fade Mental, Educa\\u00e7\\u00e3o e Tecnologia.\",\"inLanguage\":\"pt-BR\",\"publisher\":{\"@id\":\"https:\\\/\\\/www.cesde.com.br\\\/curso\\\/#organization\"}}]}\n\t\t<\/script>\n\t\t<!-- All in One SEO -->\n\n","aioseo_head_json":{"title":"2019 come\u00e7ou: que tal investir em seu futuro profissional?! | CESDE - Centro de Estudos e Desenvolvimento Educacional","description":"","canonical_url":"https:\/\/www.cesde.com.br\/curso\/2019-comecou-que-tal-investir-em-seu-futuro-profissional\/","robots":"max-image-preview:large","keywords":"","webmasterTools":{"miscellaneous":""},"schema":{"@context":"https:\/\/schema.org","@graph":[{"@type":"Article","@id":"https:\/\/www.cesde.com.br\/curso\/2019-comecou-que-tal-investir-em-seu-futuro-profissional\/#article","name":"2019 come\u00e7ou: que tal investir em seu futuro profissional?! | CESDE - Centro de Estudos e Desenvolvimento Educacional","headline":"2019 come\u00e7ou: que tal investir em seu futuro profissional?!","author":{"@id":"https:\/\/www.cesde.com.br\/curso\/author\/admar-cardoso\/#author"},"publisher":{"@id":"https:\/\/www.cesde.com.br\/curso\/#organization"},"datePublished":"2019-03-21T15:17:09+00:00","dateModified":"2019-03-22T20:02:30+00:00","inLanguage":"pt-BR","mainEntityOfPage":{"@id":"https:\/\/www.cesde.com.br\/curso\/2019-comecou-que-tal-investir-em-seu-futuro-profissional\/#webpage"},"isPartOf":{"@id":"https:\/\/www.cesde.com.br\/curso\/2019-comecou-que-tal-investir-em-seu-futuro-profissional\/#webpage"},"articleSection":"Blog"},{"@type":"BreadcrumbList","@id":"https:\/\/www.cesde.com.br\/curso\/2019-comecou-que-tal-investir-em-seu-futuro-profissional\/#breadcrumblist","itemListElement":[{"@type":"ListItem","@id":"https:\/\/www.cesde.com.br\/curso#listItem","position":1,"name":"In\u00edcio","item":"https:\/\/www.cesde.com.br\/curso","nextItem":{"@type":"ListItem","@id":"https:\/\/www.cesde.com.br\/curso\/category\/noticias\/#listItem","name":"Blog"}},{"@type":"ListItem","@id":"https:\/\/www.cesde.com.br\/curso\/category\/noticias\/#listItem","position":2,"name":"Blog","item":"https:\/\/www.cesde.com.br\/curso\/category\/noticias\/","nextItem":{"@type":"ListItem","@id":"https:\/\/www.cesde.com.br\/curso\/2019-comecou-que-tal-investir-em-seu-futuro-profissional\/#listItem","name":"2019 come\u00e7ou: que tal investir em seu futuro profissional?!"},"previousItem":{"@type":"ListItem","@id":"https:\/\/www.cesde.com.br\/curso#listItem","name":"In\u00edcio"}},{"@type":"ListItem","@id":"https:\/\/www.cesde.com.br\/curso\/2019-comecou-que-tal-investir-em-seu-futuro-profissional\/#listItem","position":3,"name":"2019 come\u00e7ou: que tal investir em seu futuro profissional?!","previousItem":{"@type":"ListItem","@id":"https:\/\/www.cesde.com.br\/curso\/category\/noticias\/#listItem","name":"Blog"}}]},{"@type":"Organization","@id":"https:\/\/www.cesde.com.br\/curso\/#organization","name":"CESDE - Centro de Estudos e Desenvolvimento Educacional","description":"Cursos em Psicologia, Sa\u00fade Mental, Educa\u00e7\u00e3o e Tecnologia.","url":"https:\/\/www.cesde.com.br\/curso\/"},{"@type":"Person","@id":"https:\/\/www.cesde.com.br\/curso\/author\/admar-cardoso\/#author","url":"https:\/\/www.cesde.com.br\/curso\/author\/admar-cardoso\/","name":"Admar Cardoso"},{"@type":"WebPage","@id":"https:\/\/www.cesde.com.br\/curso\/2019-comecou-que-tal-investir-em-seu-futuro-profissional\/#webpage","url":"https:\/\/www.cesde.com.br\/curso\/2019-comecou-que-tal-investir-em-seu-futuro-profissional\/","name":"2019 come\u00e7ou: que tal investir em seu futuro profissional?! | CESDE - Centro de Estudos e Desenvolvimento Educacional","inLanguage":"pt-BR","isPartOf":{"@id":"https:\/\/www.cesde.com.br\/curso\/#website"},"breadcrumb":{"@id":"https:\/\/www.cesde.com.br\/curso\/2019-comecou-que-tal-investir-em-seu-futuro-profissional\/#breadcrumblist"},"author":{"@id":"https:\/\/www.cesde.com.br\/curso\/author\/admar-cardoso\/#author"},"creator":{"@id":"https:\/\/www.cesde.com.br\/curso\/author\/admar-cardoso\/#author"},"datePublished":"2019-03-21T15:17:09+00:00","dateModified":"2019-03-22T20:02:30+00:00"},{"@type":"WebSite","@id":"https:\/\/www.cesde.com.br\/curso\/#website","url":"https:\/\/www.cesde.com.br\/curso\/","name":"CESDE - Centro de Estudos e Desenvolvimento Educacional","description":"Cursos em Psicologia, Sa\u00fade Mental, Educa\u00e7\u00e3o e Tecnologia.","inLanguage":"pt-BR","publisher":{"@id":"https:\/\/www.cesde.com.br\/curso\/#organization"}}]},"og:locale":"pt_BR","og:site_name":"CESDE - Centro de Estudos e Desenvolvimento Educacional | Cursos em Psicologia, Sa\u00fade Mental, Educa\u00e7\u00e3o e Tecnologia.","og:type":"article","og:title":"2019 come\u00e7ou: que tal investir em seu futuro profissional?! | CESDE - Centro de Estudos e Desenvolvimento Educacional","og:url":"https:\/\/www.cesde.com.br\/curso\/2019-comecou-que-tal-investir-em-seu-futuro-profissional\/","article:published_time":"2019-03-21T15:17:09+00:00","article:modified_time":"2019-03-22T20:02:30+00:00","twitter:card":"summary","twitter:title":"2019 come\u00e7ou: que tal investir em seu futuro profissional?! | CESDE - Centro de Estudos e Desenvolvimento Educacional"},"aioseo_meta_data":{"post_id":"3090","title":null,"description":null,"keywords":null,"keyphrases":null,"primary_term":null,"canonical_url":null,"og_title":null,"og_description":null,"og_object_type":"default","og_image_type":"default","og_image_url":null,"og_image_width":null,"og_image_height":null,"og_image_custom_url":null,"og_image_custom_fields":null,"og_video":null,"og_custom_url":null,"og_article_section":null,"og_article_tags":null,"twitter_use_og":false,"twitter_card":"default","twitter_image_type":"default","twitter_image_url":null,"twitter_image_custom_url":null,"twitter_image_custom_fields":null,"twitter_title":null,"twitter_description":null,"schema":{"blockGraphs":[],"customGraphs":[],"default":{"data":{"Article":[],"Course":[],"Dataset":[],"FAQPage":[],"Movie":[],"Person":[],"Product":[],"ProductReview":[],"Car":[],"Recipe":[],"Service":[],"SoftwareApplication":[],"WebPage":[]},"graphName":"Article","isEnabled":true},"graphs":[]},"schema_type":null,"schema_type_options":null,"pillar_content":false,"robots_default":true,"robots_noindex":false,"robots_noarchive":false,"robots_nosnippet":false,"robots_nofollow":false,"robots_noimageindex":false,"robots_noodp":false,"robots_notranslate":false,"robots_max_snippet":null,"robots_max_videopreview":null,"robots_max_imagepreview":"large","priority":null,"frequency":null,"local_seo":null,"breadcrumb_settings":null,"limit_modified_date":false,"ai":null,"created":"2021-05-28 14:56:37","updated":"2023-04-14 12:27:30","focus_keyword":null,"additional_keywords":null,"truseo_locale":null,"seo_analyzer_scan_date":null},"aioseo_breadcrumb":"<div class=\"aioseo-breadcrumbs\"><span class=\"aioseo-breadcrumb\">\n\t\t\t<a href=\"https:\/\/www.cesde.com.br\/curso\" title=\"In\u00edcio\">In\u00edcio<\/a>\n\t\t<\/span><span class=\"aioseo-breadcrumb-separator\">&raquo;<\/span><span class=\"aioseo-breadcrumb\">\n\t\t\t<a href=\"https:\/\/www.cesde.com.br\/curso\/category\/noticias\/\" title=\"Blog\">Blog<\/a>\n\t\t<\/span><span class=\"aioseo-breadcrumb-separator\">&raquo;<\/span><span class=\"aioseo-breadcrumb\">\n\t\t\t2019 come\u00e7ou: que tal investir em seu futuro profissional?!\n\t\t<\/span><\/div>","aioseo_breadcrumb_json":[{"label":"In\u00edcio","link":"https:\/\/www.cesde.com.br\/curso"},{"label":"Blog","link":"https:\/\/www.cesde.com.br\/curso\/category\/noticias\/"},{"label":"2019 come\u00e7ou: que tal investir em seu futuro profissional?!","link":"https:\/\/www.cesde.com.br\/curso\/2019-comecou-que-tal-investir-em-seu-futuro-profissional\/"}],"_links":{"self":[{"href":"https:\/\/www.cesde.com.br\/curso\/wp-json\/wp\/v2\/posts\/3090","targetHints":{"allow":["GET"]}}],"collection":[{"href":"https:\/\/www.cesde.com.br\/curso\/wp-json\/wp\/v2\/posts"}],"about":[{"href":"https:\/\/www.cesde.com.br\/curso\/wp-json\/wp\/v2\/types\/post"}],"author":[{"embeddable":true,"href":"https:\/\/www.cesde.com.br\/curso\/wp-json\/wp\/v2\/users\/3"}],"replies":[{"embeddable":true,"href":"https:\/\/www.cesde.com.br\/curso\/wp-json\/wp\/v2\/comments?post=3090"}],"version-history":[{"count":3,"href":"https:\/\/www.cesde.com.br\/curso\/wp-json\/wp\/v2\/posts\/3090\/revisions"}],"predecessor-version":[{"id":3105,"href":"https:\/\/www.cesde.com.br\/curso\/wp-json\/wp\/v2\/posts\/3090\/revisions\/3105"}],"wp:attachment":[{"href":"https:\/\/www.cesde.com.br\/curso\/wp-json\/wp\/v2\/media?parent=3090"}],"wp:term":[{"taxonomy":"category","embeddable":true,"href":"https:\/\/www.cesde.com.br\/curso\/wp-json\/wp\/v2\/categories?post=3090"},{"taxonomy":"post_tag","embeddable":true,"href":"https:\/\/www.cesde.com.br\/curso\/wp-json\/wp\/v2\/tags?post=3090"}],"curies":[{"name":"wp","href":"https:\/\/api.w.org\/{rel}","templated":true}]}}