{"id":246,"date":"2012-07-13T19:54:36","date_gmt":"2012-07-13T19:54:36","guid":{"rendered":"http:\/\/www.cesde.com.br\/curso\/?p=246"},"modified":"2021-10-04T17:09:43","modified_gmt":"2021-10-04T17:09:43","slug":"curso-de-capacitacao-em-orientacao-profissional-clinica-e-institucional","status":"publish","type":"post","link":"https:\/\/www.cesde.com.br\/curso\/curso-de-capacitacao-em-orientacao-profissional-clinica-e-institucional\/","title":{"rendered":"Curso de Orienta\u00e7\u00e3o Profissional em BH"},"content":{"rendered":"\r\n<h3 class=\"wp-block-heading\"><span style=\"color: #000000;\">Capacita\u00e7\u00e3o em Orienta\u00e7\u00e3o Vocacional e Profissional em BH utilizando Jogos e Din\u00e2micas<br \/><\/span><\/h3>\r\n\r\n\r\n\r\n<p class=\"wp-block-paragraph\">&nbsp;<\/p>\r\n<p style=\"text-align: center;\"><em><strong><span style=\"color: #ff0000;\">Nova turma em 2021!\u00a0<\/span><\/strong><\/em><\/p>\r\n<p style=\"text-align: center;\"><strong>Fa\u00e7a sua pr\u00e9-inscri\u00e7\u00e3o no formul\u00e1rio abaixo. <\/strong><\/p>\r\n<p style=\"text-align: center;\"><strong>Assim que tivermos confirma\u00e7\u00e3o de data entraremos em contato!!!<\/strong><\/p>\r\n<p>&nbsp;<\/p>\r\n\r\n\r\n\r\n<p><iframe loading=\"lazy\" src=\"https:\/\/player.vimeo.com\/video\/326674989\" width=\"640\" height=\"480\" frameborder=\"0\" allowfullscreen=\"allowfullscreen\"><\/iframe><\/p>\r\n\r\n\r\n\r\n<p class=\"wp-block-paragraph\"><strong>OBJETIVO:<\/strong><\/p>\r\n\r\n\r\n\r\n<p class=\"wp-block-paragraph\">Preparar profissionais para atuarem em Orienta\u00e7\u00e3o Profissional tanto em situa\u00e7\u00e3o escolar, organizacional (mudan\u00e7a de carreiras) e individual (Coaching e Mentoring) utilizando Jogos e Din\u00e2micas. O grupo de alunos vivenciar\u00e1 todas as etapas da orienta\u00e7\u00e3o profissional. Cada participante aprender\u00e1 a montar seu pr\u00f3prio roteiro de trabalho em Orienta\u00e7\u00e3o Profissional. O curso levar\u00e1 o aluno a vivenciar tanto a fun\u00e7\u00e3o de Orientador Profissional quanto de orientando, trazendo uma completa compreens\u00e3o do processo como um todo.<\/p>\r\n\r\n\r\n\r\n<p class=\"wp-block-paragraph\">O curso CAPACITA introduzindo o profissional para o trabalho em ORIENTA\u00c7\u00c3O PROFISSIONAL com foco em ESCOLAS, EMPRESAS(RH), ou individual.<\/p>\r\n\r\n\r\n\r\n<p class=\"wp-block-paragraph\"><strong><em>O trabalho do prof Eliseu \u00e9 todo fundamentado em Jogos e Din\u00e2micas. No curso <span style=\"color: #ff6600;\">n\u00e3o<\/span> ser\u00e3o utilizados &#8220;Testes Vocacionais ou qualquer outra t\u00e9cnica de uso exclusivo de Psic\u00f3logos.&#8221;.<\/em><\/strong><\/p>\r\n\r\n\r\n\r\n<p class=\"wp-block-paragraph\"><strong>LOCAL: <\/strong>Av Francisco Sales 329 (Sal\u00e3o de Eventos &#8211; 2\u00ba andar).<\/p>\r\n\r\n\r\n\r\n<p class=\"wp-block-paragraph\"><strong>P\u00daBLICO ALVO:<\/strong><\/p>\r\n\r\n\r\n\r\n<p class=\"wp-block-paragraph\">Destinado a Psic\u00f3logos, Pedagogos, Psicopedagogos, Profissionais de RH e demais profissionais da Educa\u00e7\u00e3o que tenham interesse em trabalhar nas \u00e1reas de Desenvolvimento Profissional e Orienta\u00e7\u00e3o Profissional \/ Vocacional.<\/p>\r\n\r\n\r\n\r\n<p class=\"wp-block-paragraph\"><strong>DATA:<\/strong>\u00a0<span style=\"color: #ff0000;\"><strong><span style=\"text-decoration: underline; color: #ff00ff;\"><span style=\"text-decoration: underline;\">\u00a0<em>a fixar &#8211; Fa\u00e7a sua pr\u00e9 inscri\u00e7\u00e3o no formul\u00e1rio do curso e assim que tivermos uma data estabelecida enviaremos informa\u00e7\u00e3o<\/em><\/span><\/span><br \/><\/strong><\/span><\/p>\r\n\r\n\r\n\r\n<p class=\"wp-block-paragraph\"><strong>CARGA HOR\u00c1RIA:<\/strong>\u00a0 20hs\/aula<\/p>\r\n\r\n\r\n\r\n<p class=\"wp-block-paragraph\"><strong>CERTIFICA\u00c7\u00c3O:<\/strong>\u00a0 O Certificado do curso ser\u00e1 expedido pelo Grupo Orientando em parceria com o CESDE.<\/p>\r\n\r\n\r\n\r\n<p class=\"wp-block-paragraph\"><strong>Formul\u00e1rio de inscri\u00e7\u00f5es<\/strong> &#8211; <a href=\"https:\/\/goo.gl\/forms\/v10Lenga6ZxKypoO2\" target=\"_blank\" rel=\"noreferrer noopener\">Clique aqui!<\/a><\/p>\r\n\r\n\r\n\r\n<p class=\"wp-block-paragraph\"><strong>PROFESSOR:<\/strong><\/p>\r\n\r\n\r\n\r\n<p class=\"wp-block-paragraph\"><span style=\"color: #ff0000;\"><strong>Eliseu de Oliveira Neto<\/strong><\/span><\/p>\r\n\r\n\r\n\r\n<p class=\"wp-block-paragraph\">Psic\u00f3logo, Psicanalista, Psicopedagogo, Orientador Profissional e diretor do Grupo de Pesquisa e Pr\u00e1tica Cl\u00ednica Orientando.<\/p>\r\n\r\n\r\n\r\n<p class=\"wp-block-paragraph\">Co-autor do Livro POPI &#8211; Programa de Orienta\u00e7\u00e3o Profissional Intensivo (Editora Vetor).<\/p>\r\n\r\n\r\n\r\n<p class=\"wp-block-paragraph\"><strong>PROGRAMA DO CURSO:<\/strong><\/p>\r\n\r\n\r\n\r\n<p class=\"wp-block-paragraph\"><strong>1) Orienta\u00e7\u00e3o profissional:<\/strong><\/p>\r\n\r\n\r\n\r\n<blockquote>\r\n<ul>\r\n<li>Defini\u00e7\u00e3o;<\/li>\r\n<li>Situa\u00e7\u00e3o Hist\u00f3rica.<\/li>\r\n<\/ul>\r\n<\/blockquote>\r\n\r\n\r\n\r\n<p class=\"wp-block-paragraph\"><strong>2) Orienta\u00e7\u00e3o profissional institucional:<\/strong><\/p>\r\n\r\n\r\n\r\n<blockquote>\r\n<ul>\r\n<li>O que \u00e9 GRUPO;<\/li>\r\n<li>Como trabalhar grupos em Orienta\u00e7\u00e3o Profissional;<\/li>\r\n<\/ul>\r\n<\/blockquote>\r\n\r\n\r\n\r\n<p class=\"wp-block-paragraph\"><strong>3) T\u00e9cnicas em orienta\u00e7\u00e3o profissional \/ vocacional:<\/strong><\/p>\r\n\r\n\r\n\r\n<blockquote>\r\n<ul>\r\n<li>T\u00e9cnicas para fins espec\u00edficos na Orienta\u00e7\u00e3o Profissional:\r\n<ul>\r\n<li>T\u00e9cnicas de Aquecimento;<\/li>\r\n<li>T\u00e9cnicas de Apresenta\u00e7\u00e3o;<\/li>\r\n<li>T\u00e9cnicas de Autoconhecimento;<\/li>\r\n<li>T\u00e9cnicas de Realidade Social;<\/li>\r\n<li>T\u00e9cnicas de Influ\u00eancia Familiar;<\/li>\r\n<li>T\u00e9cnicas de Informa\u00e7\u00e3o Profissional;<\/li>\r\n<li>Rela\u00e7\u00f5es Ocupacionais;<\/li>\r\n<li>Ancoras de Carreira.<\/li>\r\n<\/ul>\r\n<\/li>\r\n<\/ul>\r\n<\/blockquote>\r\n\r\n\r\n\r\n<p class=\"wp-block-paragraph\"><strong>4)Jogos na orienta\u00e7\u00e3o profissional:<\/strong><\/p>\r\n\r\n\r\n\r\n<blockquote>\r\n<ul>\r\n<li>Jogos e Simula\u00e7\u00f5es no contexto da Orienta\u00e7\u00e3o Profissional;\r\n<ul>\r\n<li>Profissiogame;<\/li>\r\n<li>Caminhos Profissionais;<\/li>\r\n<li>Baralho das Profiss\u00f5es;<\/li>\r\n<li>Rolle-playng.<\/li>\r\n<\/ul>\r\n<\/li>\r\n<\/ul>\r\n<\/blockquote>\r\n\r\n\r\n\r\n<div class=\"wp-block-image\">\r\n<figure class=\"alignleft\"><a href=\"http:\/\/www.cesde.com.br\/curso\/wp-content\/uploads\/2013\/08\/profissiogame1.jpg\"><img loading=\"lazy\" decoding=\"async\" width=\"352\" height=\"236\" class=\"wp-image-1567\" src=\"http:\/\/www.cesde.com.br\/curso\/wp-content\/uploads\/2013\/08\/profissiogame1.jpg\" alt=\"\" srcset=\"https:\/\/www.cesde.com.br\/curso\/wp-content\/uploads\/2013\/08\/profissiogame1.jpg 352w, https:\/\/www.cesde.com.br\/curso\/wp-content\/uploads\/2013\/08\/profissiogame1-298x200.jpg 298w\" sizes=\"auto, (max-width: 352px) 100vw, 352px\" \/><\/a><\/figure>\r\n<\/div>\r\n\r\n\r\n\r\n<div class=\"wp-block-image\">\r\n<figure class=\"aligncenter\"><a href=\"http:\/\/www.cesde.com.br\/curso\/wp-content\/uploads\/2013\/08\/jogos1.jpg\"><img loading=\"lazy\" decoding=\"async\" width=\"393\" height=\"298\" class=\"wp-image-1566\" src=\"http:\/\/www.cesde.com.br\/curso\/wp-content\/uploads\/2013\/08\/jogos1.jpg\" alt=\"\" srcset=\"https:\/\/www.cesde.com.br\/curso\/wp-content\/uploads\/2013\/08\/jogos1.jpg 393w, https:\/\/www.cesde.com.br\/curso\/wp-content\/uploads\/2013\/08\/jogos1-263x200.jpg 263w\" sizes=\"auto, (max-width: 393px) 100vw, 393px\" \/><\/a><\/figure>\r\n<\/div>\r\n\r\n\r\n\r\n<p class=\"wp-block-paragraph\"><strong>5) Concluindo a orienta\u00e7\u00e3o:<\/strong><\/p>\r\n\r\n\r\n\r\n<blockquote>\r\n<ul>\r\n<li>Estabelecendo uma devolutiva ao Cliente;<\/li>\r\n<li>Fechamento.<\/li>\r\n<\/ul>\r\n<\/blockquote>\r\n\r\n\r\n\r\n<p class=\"wp-block-paragraph\"><strong>FUNCIONAMENTO DO CURSO:<\/strong><\/p>\r\n\r\n\r\n\r\n<p class=\"wp-block-paragraph\">\u00a0S\u00e1bado e Domingo de 8:30 \u00e0s 18hs.<\/p>\r\n\r\n\r\n\r\n<p class=\"wp-block-paragraph\"><strong>INVESTIMENTO:<\/strong>\u00a0 \u00a0a fixar<\/p>\r\n\r\n\r\n\r\n<p class=\"wp-block-paragraph\"><strong>INSCRI\u00c7\u00d5ES:<\/strong><\/p>\r\n\r\n\r\n\r\n<p class=\"wp-block-paragraph\">Formul\u00e1rio de inscri\u00e7\u00f5es &#8211; <a href=\"https:\/\/goo.gl\/forms\/v10Lenga6ZxKypoO2\" target=\"_blank\" rel=\"noreferrer noopener\" aria-label=\"Clique aqui! (abre em uma nova aba)\">Clique aqui!<\/a><\/p>\r\n\r\n\r\n\r\n<p class=\"wp-block-paragraph\"><strong>ATEN\u00c7\u00c3O!\u00a0<\/strong> Se voc\u00ea est\u00e1 procurando pelo <a title=\"Orienta\u00e7\u00e3o Vocacional e Profissional\" href=\"http:\/\/www.cesde.com.br\/curso\/vitrine\/orientacao-vocacional-e-profissional\/\">servi\u00e7o de Orienta\u00e7\u00e3o Profissional Clique AQUI!<\/a><\/p>\r\n\r\n\r\n\r\n<p class=\"wp-block-paragraph\">.<\/p>\r\n","protected":false},"excerpt":{"rendered":"<p>Capacita\u00e7\u00e3o em Orienta\u00e7\u00e3o Vocacional e Profissional em BH utilizando Jogos e Din\u00e2micas &nbsp; Nova turma em 2021!\u00a0 Fa\u00e7a sua pr\u00e9-inscri\u00e7\u00e3o no formul\u00e1rio abaixo. Assim que tivermos confirma\u00e7\u00e3o de data entraremos em contato!!! &nbsp; OBJETIVO: Preparar profissionais para atuarem em Orienta\u00e7\u00e3o Profissional tanto em situa\u00e7\u00e3o escolar, organizacional (mudan\u00e7a de carreiras) e individual (Coaching e Mentoring) utilizando [&hellip;]<\/p>\n","protected":false},"author":3,"featured_media":0,"comment_status":"closed","ping_status":"closed","sticky":false,"template":"","format":"standard","meta":{"footnotes":""},"categories":[4,35,284],"tags":[41,21,38,39,40],"class_list":["post-246","post","type-post","status-publish","format-standard","hentry","category-cursos","category-orientacao-profissional-cursos","category-presencial","tag-carreira","tag-curso","tag-orientacao","tag-profissional","tag-vocacional"],"aioseo_notices":[],"aioseo_head":"\n\t\t<!-- All in One SEO 5.0.0.1 - aioseo.com -->\n\t<meta name=\"robots\" content=\"max-image-preview:large\" \/>\n\t<meta name=\"author\" content=\"Admar Cardoso\"\/>\n\t<link rel=\"canonical\" href=\"https:\/\/www.cesde.com.br\/curso\/curso-de-capacitacao-em-orientacao-profissional-clinica-e-institucional\/\" \/>\n\t<meta name=\"generator\" content=\"All in One SEO (AIOSEO) 5.0.0.1\" \/>\n\t\t<meta property=\"og:locale\" content=\"pt_BR\" \/>\n\t\t<meta property=\"og:site_name\" content=\"CESDE - Centro de Estudos e Desenvolvimento Educacional | Cursos em Psicologia, Sa\u00fade Mental, Educa\u00e7\u00e3o e Tecnologia.\" \/>\n\t\t<meta property=\"og:type\" content=\"article\" \/>\n\t\t<meta property=\"og:title\" content=\"Curso de Orienta\u00e7\u00e3o Profissional em BH | CESDE - Centro de Estudos e Desenvolvimento Educacional\" \/>\n\t\t<meta property=\"og:url\" content=\"https:\/\/www.cesde.com.br\/curso\/curso-de-capacitacao-em-orientacao-profissional-clinica-e-institucional\/\" \/>\n\t\t<meta property=\"article:published_time\" content=\"2012-07-13T19:54:36+00:00\" \/>\n\t\t<meta property=\"article:modified_time\" content=\"2021-10-04T17:09:43+00:00\" \/>\n\t\t<meta name=\"twitter:card\" content=\"summary\" \/>\n\t\t<meta name=\"twitter:title\" content=\"Curso de Orienta\u00e7\u00e3o Profissional em BH | CESDE - Centro de Estudos e Desenvolvimento Educacional\" \/>\n\t\t<script type=\"application\/ld+json\" class=\"aioseo-schema\">\n\t\t\t{\"@context\":\"https:\\\/\\\/schema.org\",\"@graph\":[{\"@type\":\"Article\",\"@id\":\"https:\\\/\\\/www.cesde.com.br\\\/curso\\\/curso-de-capacitacao-em-orientacao-profissional-clinica-e-institucional\\\/#article\",\"name\":\"Curso de Orienta\\u00e7\\u00e3o Profissional em BH | CESDE - Centro de Estudos e Desenvolvimento Educacional\",\"headline\":\"Curso de Orienta\\u00e7\\u00e3o Profissional em BH\",\"author\":{\"@id\":\"https:\\\/\\\/www.cesde.com.br\\\/curso\\\/author\\\/admar-cardoso\\\/#author\"},\"publisher\":{\"@id\":\"https:\\\/\\\/www.cesde.com.br\\\/curso\\\/#organization\"},\"image\":{\"@type\":\"ImageObject\",\"url\":\"https:\\\/\\\/www.cesde.com.br\\\/curso\\\/wp-content\\\/uploads\\\/2013\\\/08\\\/profissiogame1.jpg\",\"@id\":\"https:\\\/\\\/www.cesde.com.br\\\/curso\\\/curso-de-capacitacao-em-orientacao-profissional-clinica-e-institucional\\\/#articleImage\",\"width\":352,\"height\":236},\"datePublished\":\"2012-07-13T19:54:36+00:00\",\"dateModified\":\"2021-10-04T17:09:43+00:00\",\"inLanguage\":\"pt-BR\",\"mainEntityOfPage\":{\"@id\":\"https:\\\/\\\/www.cesde.com.br\\\/curso\\\/curso-de-capacitacao-em-orientacao-profissional-clinica-e-institucional\\\/#webpage\"},\"isPartOf\":{\"@id\":\"https:\\\/\\\/www.cesde.com.br\\\/curso\\\/curso-de-capacitacao-em-orientacao-profissional-clinica-e-institucional\\\/#webpage\"},\"articleSection\":\"Cursos em, Orienta\\u00e7\\u00e3o Profissional -, Presencial, carreira, curso, orienta\\u00e7\\u00e3o, profissional, vocacional\"},{\"@type\":\"BreadcrumbList\",\"@id\":\"https:\\\/\\\/www.cesde.com.br\\\/curso\\\/curso-de-capacitacao-em-orientacao-profissional-clinica-e-institucional\\\/#breadcrumblist\",\"itemListElement\":[{\"@type\":\"ListItem\",\"@id\":\"https:\\\/\\\/www.cesde.com.br\\\/curso#listItem\",\"position\":1,\"name\":\"In\\u00edcio\",\"item\":\"https:\\\/\\\/www.cesde.com.br\\\/curso\",\"nextItem\":{\"@type\":\"ListItem\",\"@id\":\"https:\\\/\\\/www.cesde.com.br\\\/curso\\\/category\\\/cursos\\\/#listItem\",\"name\":\"Cursos em\"}},{\"@type\":\"ListItem\",\"@id\":\"https:\\\/\\\/www.cesde.com.br\\\/curso\\\/category\\\/cursos\\\/#listItem\",\"position\":2,\"name\":\"Cursos em\",\"item\":\"https:\\\/\\\/www.cesde.com.br\\\/curso\\\/category\\\/cursos\\\/\",\"nextItem\":{\"@type\":\"ListItem\",\"@id\":\"https:\\\/\\\/www.cesde.com.br\\\/curso\\\/category\\\/cursos\\\/orientacao-profissional-cursos\\\/#listItem\",\"name\":\"Orienta\\u00e7\\u00e3o Profissional -\"},\"previousItem\":{\"@type\":\"ListItem\",\"@id\":\"https:\\\/\\\/www.cesde.com.br\\\/curso#listItem\",\"name\":\"In\\u00edcio\"}},{\"@type\":\"ListItem\",\"@id\":\"https:\\\/\\\/www.cesde.com.br\\\/curso\\\/category\\\/cursos\\\/orientacao-profissional-cursos\\\/#listItem\",\"position\":3,\"name\":\"Orienta\\u00e7\\u00e3o Profissional -\",\"item\":\"https:\\\/\\\/www.cesde.com.br\\\/curso\\\/category\\\/cursos\\\/orientacao-profissional-cursos\\\/\",\"nextItem\":{\"@type\":\"ListItem\",\"@id\":\"https:\\\/\\\/www.cesde.com.br\\\/curso\\\/curso-de-capacitacao-em-orientacao-profissional-clinica-e-institucional\\\/#listItem\",\"name\":\"Curso de Orienta\\u00e7\\u00e3o Profissional em BH\"},\"previousItem\":{\"@type\":\"ListItem\",\"@id\":\"https:\\\/\\\/www.cesde.com.br\\\/curso\\\/category\\\/cursos\\\/#listItem\",\"name\":\"Cursos em\"}},{\"@type\":\"ListItem\",\"@id\":\"https:\\\/\\\/www.cesde.com.br\\\/curso\\\/curso-de-capacitacao-em-orientacao-profissional-clinica-e-institucional\\\/#listItem\",\"position\":4,\"name\":\"Curso de Orienta\\u00e7\\u00e3o Profissional em BH\",\"previousItem\":{\"@type\":\"ListItem\",\"@id\":\"https:\\\/\\\/www.cesde.com.br\\\/curso\\\/category\\\/cursos\\\/orientacao-profissional-cursos\\\/#listItem\",\"name\":\"Orienta\\u00e7\\u00e3o Profissional -\"}}]},{\"@type\":\"Organization\",\"@id\":\"https:\\\/\\\/www.cesde.com.br\\\/curso\\\/#organization\",\"name\":\"CESDE - Centro de Estudos e Desenvolvimento Educacional\",\"description\":\"Cursos em Psicologia, Sa\\u00fade Mental, Educa\\u00e7\\u00e3o e Tecnologia.\",\"url\":\"https:\\\/\\\/www.cesde.com.br\\\/curso\\\/\"},{\"@type\":\"Person\",\"@id\":\"https:\\\/\\\/www.cesde.com.br\\\/curso\\\/author\\\/admar-cardoso\\\/#author\",\"url\":\"https:\\\/\\\/www.cesde.com.br\\\/curso\\\/author\\\/admar-cardoso\\\/\",\"name\":\"Admar Cardoso\"},{\"@type\":\"WebPage\",\"@id\":\"https:\\\/\\\/www.cesde.com.br\\\/curso\\\/curso-de-capacitacao-em-orientacao-profissional-clinica-e-institucional\\\/#webpage\",\"url\":\"https:\\\/\\\/www.cesde.com.br\\\/curso\\\/curso-de-capacitacao-em-orientacao-profissional-clinica-e-institucional\\\/\",\"name\":\"Curso de Orienta\\u00e7\\u00e3o Profissional em BH | CESDE - Centro de Estudos e Desenvolvimento Educacional\",\"inLanguage\":\"pt-BR\",\"isPartOf\":{\"@id\":\"https:\\\/\\\/www.cesde.com.br\\\/curso\\\/#website\"},\"breadcrumb\":{\"@id\":\"https:\\\/\\\/www.cesde.com.br\\\/curso\\\/curso-de-capacitacao-em-orientacao-profissional-clinica-e-institucional\\\/#breadcrumblist\"},\"author\":{\"@id\":\"https:\\\/\\\/www.cesde.com.br\\\/curso\\\/author\\\/admar-cardoso\\\/#author\"},\"creator\":{\"@id\":\"https:\\\/\\\/www.cesde.com.br\\\/curso\\\/author\\\/admar-cardoso\\\/#author\"},\"datePublished\":\"2012-07-13T19:54:36+00:00\",\"dateModified\":\"2021-10-04T17:09:43+00:00\"},{\"@type\":\"WebSite\",\"@id\":\"https:\\\/\\\/www.cesde.com.br\\\/curso\\\/#website\",\"url\":\"https:\\\/\\\/www.cesde.com.br\\\/curso\\\/\",\"name\":\"CESDE - Centro de Estudos e Desenvolvimento Educacional\",\"description\":\"Cursos em Psicologia, Sa\\u00fade Mental, Educa\\u00e7\\u00e3o e Tecnologia.\",\"inLanguage\":\"pt-BR\",\"publisher\":{\"@id\":\"https:\\\/\\\/www.cesde.com.br\\\/curso\\\/#organization\"}}]}\n\t\t<\/script>\n\t\t<!-- All in One SEO -->\n\n","aioseo_head_json":{"title":"Curso de Orienta\u00e7\u00e3o Profissional em BH | CESDE - Centro de Estudos e Desenvolvimento Educacional","description":"","canonical_url":"https:\/\/www.cesde.com.br\/curso\/curso-de-capacitacao-em-orientacao-profissional-clinica-e-institucional\/","robots":"max-image-preview:large","keywords":"","webmasterTools":{"miscellaneous":""},"schema":{"@context":"https:\/\/schema.org","@graph":[{"@type":"Article","@id":"https:\/\/www.cesde.com.br\/curso\/curso-de-capacitacao-em-orientacao-profissional-clinica-e-institucional\/#article","name":"Curso de Orienta\u00e7\u00e3o Profissional em BH | CESDE - Centro de Estudos e Desenvolvimento Educacional","headline":"Curso de Orienta\u00e7\u00e3o Profissional em BH","author":{"@id":"https:\/\/www.cesde.com.br\/curso\/author\/admar-cardoso\/#author"},"publisher":{"@id":"https:\/\/www.cesde.com.br\/curso\/#organization"},"image":{"@type":"ImageObject","url":"https:\/\/www.cesde.com.br\/curso\/wp-content\/uploads\/2013\/08\/profissiogame1.jpg","@id":"https:\/\/www.cesde.com.br\/curso\/curso-de-capacitacao-em-orientacao-profissional-clinica-e-institucional\/#articleImage","width":352,"height":236},"datePublished":"2012-07-13T19:54:36+00:00","dateModified":"2021-10-04T17:09:43+00:00","inLanguage":"pt-BR","mainEntityOfPage":{"@id":"https:\/\/www.cesde.com.br\/curso\/curso-de-capacitacao-em-orientacao-profissional-clinica-e-institucional\/#webpage"},"isPartOf":{"@id":"https:\/\/www.cesde.com.br\/curso\/curso-de-capacitacao-em-orientacao-profissional-clinica-e-institucional\/#webpage"},"articleSection":"Cursos em, Orienta\u00e7\u00e3o Profissional -, Presencial, carreira, curso, orienta\u00e7\u00e3o, profissional, vocacional"},{"@type":"BreadcrumbList","@id":"https:\/\/www.cesde.com.br\/curso\/curso-de-capacitacao-em-orientacao-profissional-clinica-e-institucional\/#breadcrumblist","itemListElement":[{"@type":"ListItem","@id":"https:\/\/www.cesde.com.br\/curso#listItem","position":1,"name":"In\u00edcio","item":"https:\/\/www.cesde.com.br\/curso","nextItem":{"@type":"ListItem","@id":"https:\/\/www.cesde.com.br\/curso\/category\/cursos\/#listItem","name":"Cursos em"}},{"@type":"ListItem","@id":"https:\/\/www.cesde.com.br\/curso\/category\/cursos\/#listItem","position":2,"name":"Cursos em","item":"https:\/\/www.cesde.com.br\/curso\/category\/cursos\/","nextItem":{"@type":"ListItem","@id":"https:\/\/www.cesde.com.br\/curso\/category\/cursos\/orientacao-profissional-cursos\/#listItem","name":"Orienta\u00e7\u00e3o Profissional -"},"previousItem":{"@type":"ListItem","@id":"https:\/\/www.cesde.com.br\/curso#listItem","name":"In\u00edcio"}},{"@type":"ListItem","@id":"https:\/\/www.cesde.com.br\/curso\/category\/cursos\/orientacao-profissional-cursos\/#listItem","position":3,"name":"Orienta\u00e7\u00e3o Profissional -","item":"https:\/\/www.cesde.com.br\/curso\/category\/cursos\/orientacao-profissional-cursos\/","nextItem":{"@type":"ListItem","@id":"https:\/\/www.cesde.com.br\/curso\/curso-de-capacitacao-em-orientacao-profissional-clinica-e-institucional\/#listItem","name":"Curso de Orienta\u00e7\u00e3o Profissional em BH"},"previousItem":{"@type":"ListItem","@id":"https:\/\/www.cesde.com.br\/curso\/category\/cursos\/#listItem","name":"Cursos em"}},{"@type":"ListItem","@id":"https:\/\/www.cesde.com.br\/curso\/curso-de-capacitacao-em-orientacao-profissional-clinica-e-institucional\/#listItem","position":4,"name":"Curso de Orienta\u00e7\u00e3o Profissional em BH","previousItem":{"@type":"ListItem","@id":"https:\/\/www.cesde.com.br\/curso\/category\/cursos\/orientacao-profissional-cursos\/#listItem","name":"Orienta\u00e7\u00e3o Profissional -"}}]},{"@type":"Organization","@id":"https:\/\/www.cesde.com.br\/curso\/#organization","name":"CESDE - Centro de Estudos e Desenvolvimento Educacional","description":"Cursos em Psicologia, Sa\u00fade Mental, Educa\u00e7\u00e3o e Tecnologia.","url":"https:\/\/www.cesde.com.br\/curso\/"},{"@type":"Person","@id":"https:\/\/www.cesde.com.br\/curso\/author\/admar-cardoso\/#author","url":"https:\/\/www.cesde.com.br\/curso\/author\/admar-cardoso\/","name":"Admar Cardoso"},{"@type":"WebPage","@id":"https:\/\/www.cesde.com.br\/curso\/curso-de-capacitacao-em-orientacao-profissional-clinica-e-institucional\/#webpage","url":"https:\/\/www.cesde.com.br\/curso\/curso-de-capacitacao-em-orientacao-profissional-clinica-e-institucional\/","name":"Curso de Orienta\u00e7\u00e3o Profissional em BH | CESDE - Centro de Estudos e Desenvolvimento Educacional","inLanguage":"pt-BR","isPartOf":{"@id":"https:\/\/www.cesde.com.br\/curso\/#website"},"breadcrumb":{"@id":"https:\/\/www.cesde.com.br\/curso\/curso-de-capacitacao-em-orientacao-profissional-clinica-e-institucional\/#breadcrumblist"},"author":{"@id":"https:\/\/www.cesde.com.br\/curso\/author\/admar-cardoso\/#author"},"creator":{"@id":"https:\/\/www.cesde.com.br\/curso\/author\/admar-cardoso\/#author"},"datePublished":"2012-07-13T19:54:36+00:00","dateModified":"2021-10-04T17:09:43+00:00"},{"@type":"WebSite","@id":"https:\/\/www.cesde.com.br\/curso\/#website","url":"https:\/\/www.cesde.com.br\/curso\/","name":"CESDE - Centro de Estudos e Desenvolvimento Educacional","description":"Cursos em Psicologia, Sa\u00fade Mental, Educa\u00e7\u00e3o e Tecnologia.","inLanguage":"pt-BR","publisher":{"@id":"https:\/\/www.cesde.com.br\/curso\/#organization"}}]},"og:locale":"pt_BR","og:site_name":"CESDE - Centro de Estudos e Desenvolvimento Educacional | Cursos em Psicologia, Sa\u00fade Mental, Educa\u00e7\u00e3o e Tecnologia.","og:type":"article","og:title":"Curso de Orienta\u00e7\u00e3o Profissional em BH | CESDE - Centro de Estudos e Desenvolvimento Educacional","og:url":"https:\/\/www.cesde.com.br\/curso\/curso-de-capacitacao-em-orientacao-profissional-clinica-e-institucional\/","article:published_time":"2012-07-13T19:54:36+00:00","article:modified_time":"2021-10-04T17:09:43+00:00","twitter:card":"summary","twitter:title":"Curso de Orienta\u00e7\u00e3o Profissional em BH | CESDE - Centro de Estudos e Desenvolvimento Educacional"},"aioseo_meta_data":{"post_id":"246","title":null,"description":null,"keywords":[],"keyphrases":{"focus":[],"additional":[]},"primary_term":null,"canonical_url":null,"og_title":null,"og_description":null,"og_object_type":"default","og_image_type":"default","og_image_url":null,"og_image_width":null,"og_image_height":null,"og_image_custom_url":null,"og_image_custom_fields":null,"og_video":"","og_custom_url":null,"og_article_section":null,"og_article_tags":[],"twitter_use_og":false,"twitter_card":"default","twitter_image_type":"default","twitter_image_url":null,"twitter_image_custom_url":null,"twitter_image_custom_fields":null,"twitter_title":null,"twitter_description":null,"schema":{"blockGraphs":[],"customGraphs":[],"default":{"data":{"Article":[],"Course":[],"Dataset":[],"FAQPage":[],"Movie":[],"Person":[],"Product":[],"ProductReview":[],"Car":[],"Recipe":[],"Service":[],"SoftwareApplication":[],"WebPage":[]},"graphName":"Article","isEnabled":true},"graphs":[]},"schema_type":"none","schema_type_options":"{\"article\":{\"articleType\":\"BlogPosting\"},\"course\":{\"name\":\"\",\"description\":\"\",\"provider\":\"\"},\"faq\":{\"pages\":[]},\"product\":{\"reviews\":[]},\"recipe\":{\"ingredients\":[],\"instructions\":[],\"keywords\":[]},\"software\":{\"reviews\":[],\"operatingSystems\":[]},\"webPage\":{\"webPageType\":\"WebPage\"}}","pillar_content":false,"robots_default":true,"robots_noindex":false,"robots_noarchive":false,"robots_nosnippet":false,"robots_nofollow":false,"robots_noimageindex":false,"robots_noodp":false,"robots_notranslate":false,"robots_max_snippet":"0","robots_max_videopreview":"0","robots_max_imagepreview":"none","priority":null,"frequency":"default","local_seo":{"locations":{"business":{"name":"","businessType":"","image":"","areaServed":"","urls":{"website":"","aboutPage":"","contactPage":""},"address":{"streetLine1":"","streetLine2":"","zipCode":"","city":"","state":"","country":"","addressFormat":"#streetLineOne\n#streetLineTwo\n#city, #state #zipCode"},"contact":{"email":"","phone":"","phoneFormatted":"","fax":"","faxFormatted":""},"ids":{"vat":"","tax":"","chamberOfCommerce":""},"payment":{"priceRange":"","currenciesAccepted":"","methods":""}}},"openingHours":{"useDefaults":true,"show":true,"alwaysOpen":false,"use24hFormat":false,"timezone":"","labels":{"closed":"","alwaysOpen":""},"days":{"monday":{"open24h":false,"closed":false,"openTime":"09:00","closeTime":"17:00"},"tuesday":{"open24h":false,"closed":false,"openTime":"09:00","closeTime":"17:00"},"wednesday":{"open24h":false,"closed":false,"openTime":"09:00","closeTime":"17:00"},"thursday":{"open24h":false,"closed":false,"openTime":"09:00","closeTime":"17:00"},"friday":{"open24h":false,"closed":false,"openTime":"09:00","closeTime":"17:00"},"saturday":{"open24h":false,"closed":false,"openTime":"09:00","closeTime":"17:00"},"sunday":{"open24h":false,"closed":false,"openTime":"09:00","closeTime":"17:00"}}}},"breadcrumb_settings":null,"limit_modified_date":false,"ai":null,"created":"2021-05-28 15:11:05","updated":"2023-03-10 01:53:09","focus_keyword":null,"additional_keywords":null,"truseo_locale":null,"seo_analyzer_scan_date":null},"aioseo_breadcrumb":"<div class=\"aioseo-breadcrumbs\"><span class=\"aioseo-breadcrumb\">\n\t\t\t<a href=\"https:\/\/www.cesde.com.br\/curso\" title=\"In\u00edcio\">In\u00edcio<\/a>\n\t\t<\/span><span class=\"aioseo-breadcrumb-separator\">&raquo;<\/span><span class=\"aioseo-breadcrumb\">\n\t\t\t<a href=\"https:\/\/www.cesde.com.br\/curso\/category\/cursos\/\" title=\"Cursos em\">Cursos em<\/a>\n\t\t<\/span><span class=\"aioseo-breadcrumb-separator\">&raquo;<\/span><span class=\"aioseo-breadcrumb\">\n\t\t\t<a href=\"https:\/\/www.cesde.com.br\/curso\/category\/cursos\/orientacao-profissional-cursos\/\" title=\"Orienta\u00e7\u00e3o Profissional -\">Orienta\u00e7\u00e3o Profissional -<\/a>\n\t\t<\/span><span class=\"aioseo-breadcrumb-separator\">&raquo;<\/span><span class=\"aioseo-breadcrumb\">\n\t\t\tCurso de Orienta\u00e7\u00e3o Profissional em BH\n\t\t<\/span><\/div>","aioseo_breadcrumb_json":[{"label":"In\u00edcio","link":"https:\/\/www.cesde.com.br\/curso"},{"label":"Cursos em","link":"https:\/\/www.cesde.com.br\/curso\/category\/cursos\/"},{"label":"Orienta\u00e7\u00e3o Profissional -","link":"https:\/\/www.cesde.com.br\/curso\/category\/cursos\/orientacao-profissional-cursos\/"},{"label":"Curso de Orienta\u00e7\u00e3o Profissional em BH","link":"https:\/\/www.cesde.com.br\/curso\/curso-de-capacitacao-em-orientacao-profissional-clinica-e-institucional\/"}],"_links":{"self":[{"href":"https:\/\/www.cesde.com.br\/curso\/wp-json\/wp\/v2\/posts\/246","targetHints":{"allow":["GET"]}}],"collection":[{"href":"https:\/\/www.cesde.com.br\/curso\/wp-json\/wp\/v2\/posts"}],"about":[{"href":"https:\/\/www.cesde.com.br\/curso\/wp-json\/wp\/v2\/types\/post"}],"author":[{"embeddable":true,"href":"https:\/\/www.cesde.com.br\/curso\/wp-json\/wp\/v2\/users\/3"}],"replies":[{"embeddable":true,"href":"https:\/\/www.cesde.com.br\/curso\/wp-json\/wp\/v2\/comments?post=246"}],"version-history":[{"count":102,"href":"https:\/\/www.cesde.com.br\/curso\/wp-json\/wp\/v2\/posts\/246\/revisions"}],"predecessor-version":[{"id":3539,"href":"https:\/\/www.cesde.com.br\/curso\/wp-json\/wp\/v2\/posts\/246\/revisions\/3539"}],"wp:attachment":[{"href":"https:\/\/www.cesde.com.br\/curso\/wp-json\/wp\/v2\/media?parent=246"}],"wp:term":[{"taxonomy":"category","embeddable":true,"href":"https:\/\/www.cesde.com.br\/curso\/wp-json\/wp\/v2\/categories?post=246"},{"taxonomy":"post_tag","embeddable":true,"href":"https:\/\/www.cesde.com.br\/curso\/wp-json\/wp\/v2\/tags?post=246"}],"curies":[{"name":"wp","href":"https:\/\/api.w.org\/{rel}","templated":true}]}}