{"id":2448,"date":"2017-05-16T21:29:53","date_gmt":"2017-05-16T21:29:53","guid":{"rendered":"http:\/\/www.cesde.com.br\/curso\/?p=2448"},"modified":"2026-01-20T21:01:22","modified_gmt":"2026-01-20T21:01:22","slug":"curso-online-de-formacao-em-terapia-da-aceitacao-e-compromisso-act","status":"publish","type":"post","link":"https:\/\/www.cesde.com.br\/curso\/curso-online-de-formacao-em-terapia-da-aceitacao-e-compromisso-act\/","title":{"rendered":"Forma\u00e7\u00e3o em Terapia da Aceita\u00e7\u00e3o e Compromisso"},"content":{"rendered":"\r\n<h2 class=\"wp-block-heading\" style=\"text-align: center;\">Seja um profissional mais completo: aprofunde sua pr\u00e1tica com a ACT<\/h2>\r\n\r\n\r\n\r\n<p>&nbsp;<\/p>\r\n<p style=\"text-align: center;\"><strong><span style=\"color: #993300;\">Pronto para transformar sua pr\u00e1tica cl\u00ednica? Comece fazendo sua forma\u00e7\u00e3o no CESDE!<\/span><\/strong><\/p>\r\n<p>&nbsp;<\/p>\r\n\r\n<p class=\"wp-block-paragraph\">A <strong>Terapia de Aceita\u00e7\u00e3o e Compromisso (ACT)<\/strong> \u00e9 a abordagem da &#8220;Terceira Onda&#8221; da Terapia Comportamental que est\u00e1 revolucionando o atendimento cl\u00ednico. Diferente de abordagens que focam apenas na elimina\u00e7\u00e3o de sintomas, a ACT atua na forma como a linguagem e a mente humana criam sofrimento, capacitando os pacientes a viverem uma vida plena e com significado, mesmo diante de desafios.<\/p>\r\n<p>Este curso \u00e9 a sua porta de entrada para dominar os fundamentos da ACT e aplic\u00e1-los com seguran\u00e7a no seu consult\u00f3rio.<\/p>\r\n<h3><strong>Por que escolher este curso?<\/strong><\/h3>\r\n<ul>\r\n<li><strong>Conte\u00fado Completo:<\/strong> Nosso curso cobre todo o conte\u00fado essencial para se tornar um excelente Psicoterapeuta ACT.<\/li>\r\n<li><strong>Aprendizado Flex\u00edvel:<\/strong> Voc\u00ea tem 1 ano de acesso \u00e0 plataforma para fazer o curso no seu pr\u00f3prio ritmo, de qualquer lugar.<\/li>\r\n<li><strong>Professores de Refer\u00eancia:<\/strong> Aprenda com uma equipe de especialistas, mestres e doutores com ampla experi\u00eancia cl\u00ednica em ACT, garantindo um ensino de alta qualidade e alinhado \u00e0s pr\u00e1ticas mais atuais.<\/li>\r\n<li><strong>Carga Hor\u00e1ria e Certifica\u00e7\u00e3o:<\/strong> Conclua o curso em <strong>50 horas<\/strong> e receba um certificado que adiciona um diferencial valioso ao seu curr\u00edculo.<\/li>\r\n<\/ul>\r\n<h3><strong>Para quem \u00e9 este curso?<\/strong><\/h3>\r\n<p>Este curso \u00e9 ideal para <strong>Psic\u00f3logos, M\u00e9dicos (preferencialmente Psiquiatras)<\/strong> e <strong>estudantes dos dois \u00faltimos anos de gradua\u00e7\u00e3o<\/strong> que desejam:<\/p>\r\n<ul>\r\n<li>Ampliar seus conhecimentos em terapias contextuais.<\/li>\r\n<li>Oferecer um atendimento mais aprofundado e eficaz aos seus pacientes.<\/li>\r\n<li>Atualizar sua pr\u00e1tica cl\u00ednica com uma das abordagens mais promissoras da atualidade.<\/li>\r\n<\/ul>\r\n\r\n\r\n\r\n\r\n\r\n\r\n\r\n<ul>\r\n<li style=\"list-style-type: none;\">\u00a0<\/li>\r\n<\/ul>\r\n\r\n\r\n\r\n<h3><strong>Programa Completo do Curso<\/strong><\/h3>\r\n<p class=\"wp-block-paragraph\">Nosso programa foi cuidadosamente elaborado para fornecer uma base s\u00f3lida em Terapia de Aceita\u00e7\u00e3o e Compromisso, com aulas que cobrem desde os conceitos fundamentais at\u00e9 a aplica\u00e7\u00e3o cl\u00ednica pr\u00e1tica.<\/p>\r\n\r\n\r\n\r\n<ul class=\"wp-block-list\">\r\n<li>Desenvolvimento Hist\u00f3rico e RFT;<\/li>\r\n<li>Bases Conceituais da ACT;<\/li>\r\n<li>Consci\u00eancia do Momento Presente;<\/li>\r\n<li>Processos Cl\u00ednicos em ACT;<\/li>\r\n<li>Teoria das Molduras Relacionais;<\/li>\r\n<li>Modelo de Sofrimento Humano;<\/li>\r\n<li>Modelo de Psicopatologia;<\/li>\r\n<li>Formula\u00e7\u00e3o de caso na ACT;<\/li>\r\n<li>T\u00e9cnicas em ACT;<\/li>\r\n<li>Rela\u00e7\u00e3o terap\u00eautica na ACT;<\/li>\r\n<li>Mindfulness e Momento Presente;<\/li>\r\n<li>Self como contexto;<\/li>\r\n<li>Defus\u00e3o cognitiva;<\/li>\r\n<li>Aceita\u00e7\u00e3o;<\/li>\r\n<li>Valores;<\/li>\r\n<li>A\u00e7\u00e3o comprometida;<\/li>\r\n<li>Avalia\u00e7\u00e3o em ACT.<\/li>\r\n<\/ul>\r\n\r\n\r\n\r\n<p class=\"wp-block-paragraph\" style=\"text-align: left;\"><strong>INVESTIMENTO: <\/strong><\/p>\r\n<ul>\r\n<li style=\"list-style-type: none;\">\r\n<ul>\r\n<li><u>\u00c0 vista<\/u>: R$799,00 no cart\u00e3o de cr\u00e9dito ou PIX;<\/li>\r\n<li>3 vezes sem juros (Exclusivamente no Cart\u00e3o de Cr\u00e9dito);<\/li>\r\n<li>Ou em at\u00e9 18 vezes no Cart\u00e3o de Cr\u00e9dito (dependendo da bandeira do seu cart\u00e3o).<\/li>\r\n<\/ul>\r\n<\/li>\r\n<\/ul>\r\n<p>&nbsp;<\/p>\r\n<p style=\"text-align: center;\"><a class=\"btn-az\" href=\"https:\/\/goo.gl\/forms\/OvjErYWJ9c726L332\" target=\"_blank\" rel=\"nofollow noopener\">Fa\u00e7a sua PRE-inscri\u00e7\u00e3o aqui!<\/a><\/p>\r\n\r\n\r\n\r\n<p class=\"wp-block-paragraph\">.<\/p>\r\n<h3>EQUIPE de PROFESSORES:<\/h3>\r\n<p>RODRIGO FERNANDO PEREIRA<\/p>\r\n<ul>\r\n<li>Psic\u00f3logo graduado pela Universidade Presbiteriana Mackenzie, com mestrado, doutorado e p\u00f3s-doutorado no Departamento de Psicologia Cl\u00ednica do Instituto de Psicologia da USP. Atuou em pesquisas de tratamento da enurese noturna, tendo organizado livro sobre o assunto publicado em 2012. Atualmente \u00e9 psic\u00f3logo cl\u00ednico no N\u00facleo Interface de Psicologia, em S\u00e3o Paulo, onde atua com terapias comportamentais de terceira onda, em especial a Terapia de Aceita\u00e7\u00e3o e Compromisso. \u00c9 autor de artigos e cap\u00edtulos de livro em obras de refer\u00eancia em terapia cognitivo-comportamental e professor em cursos de p\u00f3s-gradua\u00e7\u00e3o da mesma \u00e1rea.<\/li>\r\n<li><a href=\"http:\/\/lattes.cnpq.br\/4717050878310382\" target=\"_blank\" rel=\"nofollow noopener\">Link para o Curr\u00edculo Lattes<\/a><\/li>\r\n<\/ul>\r\n<p>DANIELLE ROOS<\/p>\r\n<ul>\r\n<li>Psic\u00f3loga cl\u00ednica h\u00e1 11 anos com experi\u00eancia em atendimento de adolescentes, adultos, fam\u00edlias e grupos. Treinadora de habilidades em DBT para adolescentes, adultos, familiares e profissionais; Especialista em Terapias Contextuais (MICPSY\/Espanha); Especialista em Terapia Cognitivo Comportamental (INTCC\/RS); Treinamento em DBT (Behavioral Tech\/EUA); Forma\u00e7\u00e3o em ACT (CESDE); Forma\u00e7\u00e3o em Psicoterapia e Interven\u00e7\u00f5es Familiares (ELO\/RS) &#8211; t\u00e9rmino 9\/2021; Mestrado em Sa\u00fade e Desenvolvimento Humano (UnilaSalle\/RS) &#8211; t\u00e9rmino em 12\/2021.<\/li>\r\n<li><a href=\"http:\/\/lattes.cnpq.br\/8781453638916740\" target=\"_blank\" rel=\"nofollow noopener\">Link para o Curr\u00edculo Lattes<\/a><\/li>\r\n<\/ul>\r\n<p>FELIPE ALCKMIN-CARVALHO<\/p>\r\n<ul>\r\n<li>Psic\u00f3logo pela Universidade Presbiteriana Mackenzie e discente do curso de Medicina da faculdade UniRedentor (RJ). Mestre e Doutor em Ci\u00eancias pelo Programa de Psicologia Cl\u00ednica do Instituto de Psicologia da Universidade de S\u00e3o Paulo (IP-USP). Atualmente cursa est\u00e1gio de P\u00f3s-Doutorado no Departamento de Enfermagem em Sa\u00fade Coletiva da Escola de Enfermagem da Universidade de S\u00e3o Paulo (EE-USP)<\/li>\r\n<li><a href=\"http:\/\/buscatextual.cnpq.br\/buscatextual\/visualizacv.do;jsessionid=AE8756EC97EE61A4F246733438780C6C.buscatextual_0\" target=\"_blank\" rel=\"nofollow noopener\">Link para o Curr\u00edculo Lattes<\/a><\/li>\r\n<\/ul>\r\n<p>&nbsp;<\/p>\r\n<p style=\"text-align: left;\"><strong>COORDENA\u00c7\u00c3O:<\/strong> Prof Dr. Rodrigo Pereira &amp; Admar M Cardoso Jr (CRP: 04\/16.661)<\/p>\r\n<p>&nbsp;<\/p>\r\n<p style=\"text-align: center;\"><a class=\"btn-az\" href=\"https:\/\/goo.gl\/forms\/OvjErYWJ9c726L332\" target=\"_blank\" rel=\"nofollow noopener\">Fa\u00e7a sua Inscri\u00e7\u00e3o aqui!<\/a><\/p>\r\n\r\n<p>&nbsp;<\/p>\r\n<p style=\"text-align: center;\">D\u00favidas? Fa\u00e7a contato conosco!atrav\u00e9s do bot\u00e3o Whatsapp \u00e0 direita da tela!<\/p>\r\n<!-- \/wp:post-content -->","protected":false},"excerpt":{"rendered":"<p>Seja um profissional mais completo: aprofunde sua pr\u00e1tica com a ACT &nbsp; Pronto para transformar sua pr\u00e1tica cl\u00ednica? Comece fazendo sua forma\u00e7\u00e3o no CESDE! &nbsp; A Terapia de Aceita\u00e7\u00e3o e Compromisso (ACT) \u00e9 a abordagem da &#8220;Terceira Onda&#8221; da Terapia Comportamental que est\u00e1 revolucionando o atendimento cl\u00ednico. Diferente de abordagens que focam apenas na elimina\u00e7\u00e3o [&hellip;]<\/p>\n","protected":false},"author":3,"featured_media":3533,"comment_status":"closed","ping_status":"closed","sticky":false,"template":"","format":"standard","meta":{"footnotes":""},"categories":[4,285,7,53],"tags":[182,51,183,21,63,22,269,20,15,247],"class_list":["post-2448","post","type-post","status-publish","format-standard","has-post-thumbnail","hentry","category-cursos","category-online","category-saude-mental","category-vitrine","tag-aceitacao","tag-act","tag-compromisso","tag-curso","tag-ead","tag-formacao","tag-online","tag-psicoterapia","tag-terapia","tag-terceira-onda"],"aioseo_notices":[],"aioseo_head":"\n\t\t<!-- All in One SEO 5.0.0.1 - aioseo.com -->\n\t<meta name=\"robots\" content=\"max-image-preview:large\" \/>\n\t<meta name=\"author\" content=\"Admar Cardoso\"\/>\n\t<link rel=\"canonical\" href=\"https:\/\/www.cesde.com.br\/curso\/curso-online-de-formacao-em-terapia-da-aceitacao-e-compromisso-act\/\" \/>\n\t<meta name=\"generator\" content=\"All in One SEO (AIOSEO) 5.0.0.1\" \/>\n\t\t<meta property=\"og:locale\" content=\"pt_BR\" \/>\n\t\t<meta property=\"og:site_name\" content=\"CESDE - Centro de Estudos e Desenvolvimento Educacional | Cursos em Psicologia, Sa\u00fade Mental, Educa\u00e7\u00e3o e Tecnologia.\" \/>\n\t\t<meta property=\"og:type\" content=\"article\" \/>\n\t\t<meta property=\"og:title\" content=\"Forma\u00e7\u00e3o em Terapia da Aceita\u00e7\u00e3o e Compromisso | CESDE - Centro de Estudos e Desenvolvimento Educacional\" \/>\n\t\t<meta property=\"og:url\" content=\"https:\/\/www.cesde.com.br\/curso\/curso-online-de-formacao-em-terapia-da-aceitacao-e-compromisso-act\/\" \/>\n\t\t<meta property=\"article:published_time\" content=\"2017-05-16T21:29:53+00:00\" \/>\n\t\t<meta property=\"article:modified_time\" content=\"2026-01-20T21:01:22+00:00\" \/>\n\t\t<meta name=\"twitter:card\" content=\"summary\" \/>\n\t\t<meta name=\"twitter:title\" content=\"Forma\u00e7\u00e3o em Terapia da Aceita\u00e7\u00e3o e Compromisso | CESDE - Centro de Estudos e Desenvolvimento Educacional\" \/>\n\t\t<script type=\"application\/ld+json\" class=\"aioseo-schema\">\n\t\t\t{\"@context\":\"https:\\\/\\\/schema.org\",\"@graph\":[{\"@type\":\"Article\",\"@id\":\"https:\\\/\\\/www.cesde.com.br\\\/curso\\\/curso-online-de-formacao-em-terapia-da-aceitacao-e-compromisso-act\\\/#article\",\"name\":\"Forma\\u00e7\\u00e3o em Terapia da Aceita\\u00e7\\u00e3o e Compromisso | CESDE - Centro de Estudos e Desenvolvimento Educacional\",\"headline\":\"Forma\\u00e7\\u00e3o em Terapia da Aceita\\u00e7\\u00e3o e Compromisso\",\"author\":{\"@id\":\"https:\\\/\\\/www.cesde.com.br\\\/curso\\\/author\\\/admar-cardoso\\\/#author\"},\"publisher\":{\"@id\":\"https:\\\/\\\/www.cesde.com.br\\\/curso\\\/#organization\"},\"image\":{\"@type\":\"ImageObject\",\"url\":\"https:\\\/\\\/www.cesde.com.br\\\/curso\\\/wp-content\\\/uploads\\\/2020\\\/08\\\/Slide4.png\",\"width\":945,\"height\":945},\"datePublished\":\"2017-05-16T21:29:53+00:00\",\"dateModified\":\"2026-01-20T21:01:22+00:00\",\"inLanguage\":\"pt-BR\",\"mainEntityOfPage\":{\"@id\":\"https:\\\/\\\/www.cesde.com.br\\\/curso\\\/curso-online-de-formacao-em-terapia-da-aceitacao-e-compromisso-act\\\/#webpage\"},\"isPartOf\":{\"@id\":\"https:\\\/\\\/www.cesde.com.br\\\/curso\\\/curso-online-de-formacao-em-terapia-da-aceitacao-e-compromisso-act\\\/#webpage\"},\"articleSection\":\"Cursos em, Online, Sa\\u00fade Mental -, Vitrine, Aceita\\u00e7\\u00e3o, ACT, Compromisso, curso, EaD, forma\\u00e7\\u00e3o, Online, psicoterapia, terapia, Terceira Onda\"},{\"@type\":\"BreadcrumbList\",\"@id\":\"https:\\\/\\\/www.cesde.com.br\\\/curso\\\/curso-online-de-formacao-em-terapia-da-aceitacao-e-compromisso-act\\\/#breadcrumblist\",\"itemListElement\":[{\"@type\":\"ListItem\",\"@id\":\"https:\\\/\\\/www.cesde.com.br\\\/curso#listItem\",\"position\":1,\"name\":\"In\\u00edcio\",\"item\":\"https:\\\/\\\/www.cesde.com.br\\\/curso\",\"nextItem\":{\"@type\":\"ListItem\",\"@id\":\"https:\\\/\\\/www.cesde.com.br\\\/curso\\\/category\\\/cursos\\\/#listItem\",\"name\":\"Cursos em\"}},{\"@type\":\"ListItem\",\"@id\":\"https:\\\/\\\/www.cesde.com.br\\\/curso\\\/category\\\/cursos\\\/#listItem\",\"position\":2,\"name\":\"Cursos em\",\"item\":\"https:\\\/\\\/www.cesde.com.br\\\/curso\\\/category\\\/cursos\\\/\",\"nextItem\":{\"@type\":\"ListItem\",\"@id\":\"https:\\\/\\\/www.cesde.com.br\\\/curso\\\/category\\\/cursos\\\/saude-mental\\\/#listItem\",\"name\":\"Sa\\u00fade Mental -\"},\"previousItem\":{\"@type\":\"ListItem\",\"@id\":\"https:\\\/\\\/www.cesde.com.br\\\/curso#listItem\",\"name\":\"In\\u00edcio\"}},{\"@type\":\"ListItem\",\"@id\":\"https:\\\/\\\/www.cesde.com.br\\\/curso\\\/category\\\/cursos\\\/saude-mental\\\/#listItem\",\"position\":3,\"name\":\"Sa\\u00fade Mental -\",\"item\":\"https:\\\/\\\/www.cesde.com.br\\\/curso\\\/category\\\/cursos\\\/saude-mental\\\/\",\"nextItem\":{\"@type\":\"ListItem\",\"@id\":\"https:\\\/\\\/www.cesde.com.br\\\/curso\\\/curso-online-de-formacao-em-terapia-da-aceitacao-e-compromisso-act\\\/#listItem\",\"name\":\"Forma\\u00e7\\u00e3o em Terapia da Aceita\\u00e7\\u00e3o e Compromisso\"},\"previousItem\":{\"@type\":\"ListItem\",\"@id\":\"https:\\\/\\\/www.cesde.com.br\\\/curso\\\/category\\\/cursos\\\/#listItem\",\"name\":\"Cursos em\"}},{\"@type\":\"ListItem\",\"@id\":\"https:\\\/\\\/www.cesde.com.br\\\/curso\\\/curso-online-de-formacao-em-terapia-da-aceitacao-e-compromisso-act\\\/#listItem\",\"position\":4,\"name\":\"Forma\\u00e7\\u00e3o em Terapia da Aceita\\u00e7\\u00e3o e Compromisso\",\"previousItem\":{\"@type\":\"ListItem\",\"@id\":\"https:\\\/\\\/www.cesde.com.br\\\/curso\\\/category\\\/cursos\\\/saude-mental\\\/#listItem\",\"name\":\"Sa\\u00fade Mental -\"}}]},{\"@type\":\"Organization\",\"@id\":\"https:\\\/\\\/www.cesde.com.br\\\/curso\\\/#organization\",\"name\":\"CESDE - Centro de Estudos e Desenvolvimento Educacional\",\"description\":\"Cursos em Psicologia, Sa\\u00fade Mental, Educa\\u00e7\\u00e3o e Tecnologia.\",\"url\":\"https:\\\/\\\/www.cesde.com.br\\\/curso\\\/\"},{\"@type\":\"Person\",\"@id\":\"https:\\\/\\\/www.cesde.com.br\\\/curso\\\/author\\\/admar-cardoso\\\/#author\",\"url\":\"https:\\\/\\\/www.cesde.com.br\\\/curso\\\/author\\\/admar-cardoso\\\/\",\"name\":\"Admar Cardoso\"},{\"@type\":\"WebPage\",\"@id\":\"https:\\\/\\\/www.cesde.com.br\\\/curso\\\/curso-online-de-formacao-em-terapia-da-aceitacao-e-compromisso-act\\\/#webpage\",\"url\":\"https:\\\/\\\/www.cesde.com.br\\\/curso\\\/curso-online-de-formacao-em-terapia-da-aceitacao-e-compromisso-act\\\/\",\"name\":\"Forma\\u00e7\\u00e3o em Terapia da Aceita\\u00e7\\u00e3o e Compromisso | CESDE - Centro de Estudos e Desenvolvimento Educacional\",\"inLanguage\":\"pt-BR\",\"isPartOf\":{\"@id\":\"https:\\\/\\\/www.cesde.com.br\\\/curso\\\/#website\"},\"breadcrumb\":{\"@id\":\"https:\\\/\\\/www.cesde.com.br\\\/curso\\\/curso-online-de-formacao-em-terapia-da-aceitacao-e-compromisso-act\\\/#breadcrumblist\"},\"author\":{\"@id\":\"https:\\\/\\\/www.cesde.com.br\\\/curso\\\/author\\\/admar-cardoso\\\/#author\"},\"creator\":{\"@id\":\"https:\\\/\\\/www.cesde.com.br\\\/curso\\\/author\\\/admar-cardoso\\\/#author\"},\"image\":{\"@type\":\"ImageObject\",\"url\":\"https:\\\/\\\/www.cesde.com.br\\\/curso\\\/wp-content\\\/uploads\\\/2020\\\/08\\\/Slide4.png\",\"@id\":\"https:\\\/\\\/www.cesde.com.br\\\/curso\\\/curso-online-de-formacao-em-terapia-da-aceitacao-e-compromisso-act\\\/#mainImage\",\"width\":945,\"height\":945},\"primaryImageOfPage\":{\"@id\":\"https:\\\/\\\/www.cesde.com.br\\\/curso\\\/curso-online-de-formacao-em-terapia-da-aceitacao-e-compromisso-act\\\/#mainImage\"},\"datePublished\":\"2017-05-16T21:29:53+00:00\",\"dateModified\":\"2026-01-20T21:01:22+00:00\"},{\"@type\":\"WebSite\",\"@id\":\"https:\\\/\\\/www.cesde.com.br\\\/curso\\\/#website\",\"url\":\"https:\\\/\\\/www.cesde.com.br\\\/curso\\\/\",\"name\":\"CESDE - Centro de Estudos e Desenvolvimento Educacional\",\"description\":\"Cursos em Psicologia, Sa\\u00fade Mental, Educa\\u00e7\\u00e3o e Tecnologia.\",\"inLanguage\":\"pt-BR\",\"publisher\":{\"@id\":\"https:\\\/\\\/www.cesde.com.br\\\/curso\\\/#organization\"}}]}\n\t\t<\/script>\n\t\t<!-- All in One SEO -->\n\n","aioseo_head_json":{"title":"Forma\u00e7\u00e3o em Terapia da Aceita\u00e7\u00e3o e Compromisso | CESDE - Centro de Estudos e Desenvolvimento Educacional","description":"","canonical_url":"https:\/\/www.cesde.com.br\/curso\/curso-online-de-formacao-em-terapia-da-aceitacao-e-compromisso-act\/","robots":"max-image-preview:large","keywords":"","webmasterTools":{"miscellaneous":""},"schema":{"@context":"https:\/\/schema.org","@graph":[{"@type":"Article","@id":"https:\/\/www.cesde.com.br\/curso\/curso-online-de-formacao-em-terapia-da-aceitacao-e-compromisso-act\/#article","name":"Forma\u00e7\u00e3o em Terapia da Aceita\u00e7\u00e3o e Compromisso | CESDE - Centro de Estudos e Desenvolvimento Educacional","headline":"Forma\u00e7\u00e3o em Terapia da Aceita\u00e7\u00e3o e Compromisso","author":{"@id":"https:\/\/www.cesde.com.br\/curso\/author\/admar-cardoso\/#author"},"publisher":{"@id":"https:\/\/www.cesde.com.br\/curso\/#organization"},"image":{"@type":"ImageObject","url":"https:\/\/www.cesde.com.br\/curso\/wp-content\/uploads\/2020\/08\/Slide4.png","width":945,"height":945},"datePublished":"2017-05-16T21:29:53+00:00","dateModified":"2026-01-20T21:01:22+00:00","inLanguage":"pt-BR","mainEntityOfPage":{"@id":"https:\/\/www.cesde.com.br\/curso\/curso-online-de-formacao-em-terapia-da-aceitacao-e-compromisso-act\/#webpage"},"isPartOf":{"@id":"https:\/\/www.cesde.com.br\/curso\/curso-online-de-formacao-em-terapia-da-aceitacao-e-compromisso-act\/#webpage"},"articleSection":"Cursos em, Online, Sa\u00fade Mental -, Vitrine, Aceita\u00e7\u00e3o, ACT, Compromisso, curso, EaD, forma\u00e7\u00e3o, Online, psicoterapia, terapia, Terceira Onda"},{"@type":"BreadcrumbList","@id":"https:\/\/www.cesde.com.br\/curso\/curso-online-de-formacao-em-terapia-da-aceitacao-e-compromisso-act\/#breadcrumblist","itemListElement":[{"@type":"ListItem","@id":"https:\/\/www.cesde.com.br\/curso#listItem","position":1,"name":"In\u00edcio","item":"https:\/\/www.cesde.com.br\/curso","nextItem":{"@type":"ListItem","@id":"https:\/\/www.cesde.com.br\/curso\/category\/cursos\/#listItem","name":"Cursos em"}},{"@type":"ListItem","@id":"https:\/\/www.cesde.com.br\/curso\/category\/cursos\/#listItem","position":2,"name":"Cursos em","item":"https:\/\/www.cesde.com.br\/curso\/category\/cursos\/","nextItem":{"@type":"ListItem","@id":"https:\/\/www.cesde.com.br\/curso\/category\/cursos\/saude-mental\/#listItem","name":"Sa\u00fade Mental -"},"previousItem":{"@type":"ListItem","@id":"https:\/\/www.cesde.com.br\/curso#listItem","name":"In\u00edcio"}},{"@type":"ListItem","@id":"https:\/\/www.cesde.com.br\/curso\/category\/cursos\/saude-mental\/#listItem","position":3,"name":"Sa\u00fade Mental -","item":"https:\/\/www.cesde.com.br\/curso\/category\/cursos\/saude-mental\/","nextItem":{"@type":"ListItem","@id":"https:\/\/www.cesde.com.br\/curso\/curso-online-de-formacao-em-terapia-da-aceitacao-e-compromisso-act\/#listItem","name":"Forma\u00e7\u00e3o em Terapia da Aceita\u00e7\u00e3o e Compromisso"},"previousItem":{"@type":"ListItem","@id":"https:\/\/www.cesde.com.br\/curso\/category\/cursos\/#listItem","name":"Cursos em"}},{"@type":"ListItem","@id":"https:\/\/www.cesde.com.br\/curso\/curso-online-de-formacao-em-terapia-da-aceitacao-e-compromisso-act\/#listItem","position":4,"name":"Forma\u00e7\u00e3o em Terapia da Aceita\u00e7\u00e3o e Compromisso","previousItem":{"@type":"ListItem","@id":"https:\/\/www.cesde.com.br\/curso\/category\/cursos\/saude-mental\/#listItem","name":"Sa\u00fade Mental -"}}]},{"@type":"Organization","@id":"https:\/\/www.cesde.com.br\/curso\/#organization","name":"CESDE - Centro de Estudos e Desenvolvimento Educacional","description":"Cursos em Psicologia, Sa\u00fade Mental, Educa\u00e7\u00e3o e Tecnologia.","url":"https:\/\/www.cesde.com.br\/curso\/"},{"@type":"Person","@id":"https:\/\/www.cesde.com.br\/curso\/author\/admar-cardoso\/#author","url":"https:\/\/www.cesde.com.br\/curso\/author\/admar-cardoso\/","name":"Admar Cardoso"},{"@type":"WebPage","@id":"https:\/\/www.cesde.com.br\/curso\/curso-online-de-formacao-em-terapia-da-aceitacao-e-compromisso-act\/#webpage","url":"https:\/\/www.cesde.com.br\/curso\/curso-online-de-formacao-em-terapia-da-aceitacao-e-compromisso-act\/","name":"Forma\u00e7\u00e3o em Terapia da Aceita\u00e7\u00e3o e Compromisso | CESDE - Centro de Estudos e Desenvolvimento Educacional","inLanguage":"pt-BR","isPartOf":{"@id":"https:\/\/www.cesde.com.br\/curso\/#website"},"breadcrumb":{"@id":"https:\/\/www.cesde.com.br\/curso\/curso-online-de-formacao-em-terapia-da-aceitacao-e-compromisso-act\/#breadcrumblist"},"author":{"@id":"https:\/\/www.cesde.com.br\/curso\/author\/admar-cardoso\/#author"},"creator":{"@id":"https:\/\/www.cesde.com.br\/curso\/author\/admar-cardoso\/#author"},"image":{"@type":"ImageObject","url":"https:\/\/www.cesde.com.br\/curso\/wp-content\/uploads\/2020\/08\/Slide4.png","@id":"https:\/\/www.cesde.com.br\/curso\/curso-online-de-formacao-em-terapia-da-aceitacao-e-compromisso-act\/#mainImage","width":945,"height":945},"primaryImageOfPage":{"@id":"https:\/\/www.cesde.com.br\/curso\/curso-online-de-formacao-em-terapia-da-aceitacao-e-compromisso-act\/#mainImage"},"datePublished":"2017-05-16T21:29:53+00:00","dateModified":"2026-01-20T21:01:22+00:00"},{"@type":"WebSite","@id":"https:\/\/www.cesde.com.br\/curso\/#website","url":"https:\/\/www.cesde.com.br\/curso\/","name":"CESDE - Centro de Estudos e Desenvolvimento Educacional","description":"Cursos em Psicologia, Sa\u00fade Mental, Educa\u00e7\u00e3o e Tecnologia.","inLanguage":"pt-BR","publisher":{"@id":"https:\/\/www.cesde.com.br\/curso\/#organization"}}]},"og:locale":"pt_BR","og:site_name":"CESDE - Centro de Estudos e Desenvolvimento Educacional | Cursos em Psicologia, Sa\u00fade Mental, Educa\u00e7\u00e3o e Tecnologia.","og:type":"article","og:title":"Forma\u00e7\u00e3o em Terapia da Aceita\u00e7\u00e3o e Compromisso | CESDE - Centro de Estudos e Desenvolvimento Educacional","og:url":"https:\/\/www.cesde.com.br\/curso\/curso-online-de-formacao-em-terapia-da-aceitacao-e-compromisso-act\/","article:published_time":"2017-05-16T21:29:53+00:00","article:modified_time":"2026-01-20T21:01:22+00:00","twitter:card":"summary","twitter:title":"Forma\u00e7\u00e3o em Terapia da Aceita\u00e7\u00e3o e Compromisso | CESDE - Centro de Estudos e Desenvolvimento Educacional"},"aioseo_meta_data":{"post_id":"2448","title":null,"description":null,"keywords":null,"keyphrases":{"focus":[],"additional":[]},"primary_term":null,"canonical_url":null,"og_title":null,"og_description":null,"og_object_type":"default","og_image_type":"default","og_image_url":null,"og_image_width":null,"og_image_height":null,"og_image_custom_url":null,"og_image_custom_fields":null,"og_video":"","og_custom_url":null,"og_article_section":null,"og_article_tags":null,"twitter_use_og":false,"twitter_card":"default","twitter_image_type":"default","twitter_image_url":null,"twitter_image_custom_url":null,"twitter_image_custom_fields":null,"twitter_title":null,"twitter_description":null,"schema":{"blockGraphs":[],"customGraphs":[],"default":{"data":{"Article":[],"Course":[],"Dataset":[],"FAQPage":[],"Movie":[],"Person":[],"Product":[],"ProductReview":[],"Car":[],"Recipe":[],"Service":[],"SoftwareApplication":[],"WebPage":[]},"graphName":"Article","isEnabled":true},"graphs":[]},"schema_type":"none","schema_type_options":"{\"article\":{\"articleType\":\"BlogPosting\"},\"course\":{\"name\":\"\",\"description\":\"\",\"provider\":\"\"},\"faq\":{\"pages\":[]},\"product\":{\"reviews\":[]},\"recipe\":{\"ingredients\":[],\"instructions\":[],\"keywords\":[]},\"software\":{\"reviews\":[],\"operatingSystems\":[]},\"webPage\":{\"webPageType\":\"WebPage\"}}","pillar_content":false,"robots_default":true,"robots_noindex":false,"robots_noarchive":false,"robots_nosnippet":false,"robots_nofollow":false,"robots_noimageindex":false,"robots_noodp":false,"robots_notranslate":false,"robots_max_snippet":"-1","robots_max_videopreview":"-1","robots_max_imagepreview":"none","priority":null,"frequency":"default","local_seo":null,"breadcrumb_settings":null,"limit_modified_date":false,"ai":{"faqs":[],"keyPoints":[],"titles":[],"descriptions":[],"socialPosts":{"email":[],"linkedin":[],"twitter":[],"facebook":[],"instagram":[]}},"created":"2021-05-28 14:58:27","updated":"2026-08-25 11:41:00","focus_keyword":null,"additional_keywords":null,"truseo_locale":null,"seo_analyzer_scan_date":null},"aioseo_breadcrumb":"<div class=\"aioseo-breadcrumbs\"><span class=\"aioseo-breadcrumb\">\n\t\t\t<a href=\"https:\/\/www.cesde.com.br\/curso\" title=\"In\u00edcio\">In\u00edcio<\/a>\n\t\t<\/span><span class=\"aioseo-breadcrumb-separator\">&raquo;<\/span><span class=\"aioseo-breadcrumb\">\n\t\t\t<a href=\"https:\/\/www.cesde.com.br\/curso\/category\/cursos\/\" title=\"Cursos em\">Cursos em<\/a>\n\t\t<\/span><span class=\"aioseo-breadcrumb-separator\">&raquo;<\/span><span class=\"aioseo-breadcrumb\">\n\t\t\t<a href=\"https:\/\/www.cesde.com.br\/curso\/category\/cursos\/saude-mental\/\" title=\"Sa\u00fade Mental -\">Sa\u00fade Mental -<\/a>\n\t\t<\/span><span class=\"aioseo-breadcrumb-separator\">&raquo;<\/span><span class=\"aioseo-breadcrumb\">\n\t\t\tForma\u00e7\u00e3o em Terapia da Aceita\u00e7\u00e3o e Compromisso\n\t\t<\/span><\/div>","aioseo_breadcrumb_json":[{"label":"In\u00edcio","link":"https:\/\/www.cesde.com.br\/curso"},{"label":"Cursos em","link":"https:\/\/www.cesde.com.br\/curso\/category\/cursos\/"},{"label":"Sa\u00fade Mental -","link":"https:\/\/www.cesde.com.br\/curso\/category\/cursos\/saude-mental\/"},{"label":"Forma\u00e7\u00e3o em Terapia da Aceita\u00e7\u00e3o e Compromisso","link":"https:\/\/www.cesde.com.br\/curso\/curso-online-de-formacao-em-terapia-da-aceitacao-e-compromisso-act\/"}],"_links":{"self":[{"href":"https:\/\/www.cesde.com.br\/curso\/wp-json\/wp\/v2\/posts\/2448","targetHints":{"allow":["GET"]}}],"collection":[{"href":"https:\/\/www.cesde.com.br\/curso\/wp-json\/wp\/v2\/posts"}],"about":[{"href":"https:\/\/www.cesde.com.br\/curso\/wp-json\/wp\/v2\/types\/post"}],"author":[{"embeddable":true,"href":"https:\/\/www.cesde.com.br\/curso\/wp-json\/wp\/v2\/users\/3"}],"replies":[{"embeddable":true,"href":"https:\/\/www.cesde.com.br\/curso\/wp-json\/wp\/v2\/comments?post=2448"}],"version-history":[{"count":125,"href":"https:\/\/www.cesde.com.br\/curso\/wp-json\/wp\/v2\/posts\/2448\/revisions"}],"predecessor-version":[{"id":16952,"href":"https:\/\/www.cesde.com.br\/curso\/wp-json\/wp\/v2\/posts\/2448\/revisions\/16952"}],"wp:featuredmedia":[{"embeddable":true,"href":"https:\/\/www.cesde.com.br\/curso\/wp-json\/wp\/v2\/media\/3533"}],"wp:attachment":[{"href":"https:\/\/www.cesde.com.br\/curso\/wp-json\/wp\/v2\/media?parent=2448"}],"wp:term":[{"taxonomy":"category","embeddable":true,"href":"https:\/\/www.cesde.com.br\/curso\/wp-json\/wp\/v2\/categories?post=2448"},{"taxonomy":"post_tag","embeddable":true,"href":"https:\/\/www.cesde.com.br\/curso\/wp-json\/wp\/v2\/tags?post=2448"}],"curies":[{"name":"wp","href":"https:\/\/api.w.org\/{rel}","templated":true}]}}