{"id":1976,"date":"2015-06-08T18:06:51","date_gmt":"2015-06-08T18:06:51","guid":{"rendered":"http:\/\/www.cesde.com.br\/curso\/?p=1976"},"modified":"2017-08-25T16:58:16","modified_gmt":"2017-08-25T16:58:16","slug":"curso-de-formacao-em-psicologia-do-emagrecimento-e-obesidade","status":"publish","type":"post","link":"https:\/\/www.cesde.com.br\/curso\/curso-de-formacao-em-psicologia-do-emagrecimento-e-obesidade\/","title":{"rendered":"A Cl\u00ednica Psicol\u00f3gica da Obesidade e do Emagrecimento"},"content":{"rendered":"<h2 style=\"text-align: center;\">Curso de Forma\u00e7\u00e3o em &#8220;A Cl\u00ednica Psicol\u00f3gica da Obesidade e do Emagrecimento&#8221; &#8211; Belo Horizonte<\/h2>\n<p>&nbsp;<\/p>\n<p>&nbsp;<\/p>\n<p><strong>INTRODU\u00c7\u00c3O<\/strong><\/p>\n<p>Na atualidade o sobrepeso e a obesidade s\u00e3o um dos problemas mais importantes que a sa\u00fade p\u00fablica do Brasil e de outros pa\u00edses v\u00eam sofrendo. A Organiza\u00e7\u00e3o Mundial de Sa\u00fade considera que estes sejam os principais problemas de sa\u00fade a se enfrentar em pa\u00edses desenvolvidos e em desenvolvimento.<br \/>\nEstima-se que a cada 5 crian\u00e7as com sobrepeso, 4 se tornar\u00e3o adultos obesos e os \u00edndices n\u00e3o param: a preval\u00eancia da obesidade em adultos seria de 7,0% em homens e de 12,4% em mulheres. Se somarmos indiv\u00edduos com sobrepeso e indiv\u00edduos obesos, a preval\u00eancia seria de 38,5% para homens e de 39,0% para mulheres.<br \/>\nA busca pelo emagrecimento t\u00eam se tornado cada vez mais frequente e se d\u00e1 atrav\u00e9s de m\u00e9todos variados.<br \/>\nDesta maneira, h\u00e1 a necessidade de compreens\u00e3o dos comportamentos que estes indiv\u00edduos mant\u00e9m e de se estabelecer estrat\u00e9gias para a promo\u00e7\u00e3o de sa\u00fade e preven\u00e7\u00e3o \u00e0s demais doen\u00e7as que s\u00e3o ocasionadas pelo aumento de peso.<\/p>\n<p><strong>OBJETIVOS<\/strong><\/p>\n<p>O objetivo deste curso \u00e9 o de possibilitar um espa\u00e7o de aprendizado e desenvolvimento de profissionais possibilitando o manejo de pacientes com dist\u00farbios alimentares \u2013 obesidade em atendimento cl\u00ednico atrav\u00e9s da abordagem Cognitivo-comportamental.<\/p>\n<p>&nbsp;<\/p>\n<p><strong>P\u00daBLICO ALVO:<\/strong><\/p>\n<p>Exclusivamente Psic\u00f3logos e M\u00e9dicos e acad\u00eamicos dos respectivos cursos de gradua\u00e7\u00e3o (2 \u00faltimos per\u00edodos).<\/p>\n<p>&nbsp;<\/p>\n<p><strong>FUNCIONAMENTO DO CURSO: \u00a0<\/strong>As aulas ocorrer\u00e3o 1 s\u00e1bado por m\u00eas de 8:30 \u00e0s 18hs. O curso contar\u00e1 com ambiente virtual de aprendizagem para apoio ao aluno entre as aulas presenciais e disponibiliza\u00e7\u00e3o de material de estudos.<\/p>\n<p>&nbsp;<\/p>\n<p><strong>CARGA HOR\u00c1RIA:\u00a0<\/strong>90 hs\/aula (Aulas presenciais 1 s\u00e1bado por m\u00eas de 8:30 \u00e0s 18hs)<\/p>\n<p>&nbsp;<\/p>\n<p><strong>CERTIFICA\u00c7\u00c3O:\u00a0<\/strong>Forma\u00e7\u00e3o em Terapia do Emagrecimento e Obesidade<\/p>\n<p>&nbsp;<\/p>\n<p><strong>LOCAL DO CURSO:\u00a0<\/strong>Av Francisco Sales 329 2\u00ba andar, Floresta, BH\/MG<\/p>\n<p>&nbsp;<\/p>\n<p><strong>COORDENA\u00c7\u00c3O:<\/strong>\u00a0 Prof. Admar Cardoso (CRP: 04\/16.661).<\/p>\n<p>&nbsp;<\/p>\n<p><strong>PROFESSORES:<\/strong><\/p>\n<p>Equipe em forma\u00e7\u00e3o. Os professores confirmados est\u00e3o citados abaixo.<\/p>\n<p><em><strong>Jo\u00e3o Marcos Almeida Santos de Oliveira<\/strong><\/em> (CRP 06\/113264) \u2013 Psic\u00f3logo Cl\u00ednico e do Ambulat\u00f3rio M\u00e9dico de Especialidades em S\u00e3o Paulo, Especialista em Terapia Comportamental Cognitiva do Hospital das Cl\u00ednicas da Faculdade de Medicina da Universidade de S\u00e3o Paulo.<\/p>\n<p>&nbsp;<\/p>\n<p><strong>PROGRAMA DO CURSO<\/strong><\/p>\n<p><strong>Aula 01 \u2013\u00a0<\/strong><\/p>\n<ul>\n<li>Evolu\u00e7\u00e3o Hist\u00f3rica dos Conceitos de est\u00e9tica \/ beleza;<\/li>\n<li>Defini\u00e7\u00e3o dos Transtornos Alimentares e Obesidade de acordo com DSM5;<\/li>\n<li>Epidemiologia dos Transtornos alimentares e da Obesidade;<\/li>\n<li>Medidas de avalia\u00e7\u00e3o dos transtornos Alimentares.<\/li>\n<\/ul>\n<p>&nbsp;<\/p>\n<p><strong>Aula 02 \u2013\u00a0<\/strong><\/p>\n<ul>\n<li>O Metabolismo Humano;<\/li>\n<li>As Dietas e o alimentar-se corretamente.<\/li>\n<\/ul>\n<p>&nbsp;<\/p>\n<p><strong>Aula 03 \u2013\u00a0<\/strong><\/p>\n<ul>\n<li>A Terapia Cognitivo-comportamental aplicada \u00e0 Obesidade<\/li>\n<\/ul>\n<p>OBS.: As bases da TCC (Beck) e o Modelo Cognitivo dos Transtornos Alimentares e da Obesidade.<\/p>\n<p>&nbsp;<\/p>\n<p><strong>Aula 04 \u2013\u00a0<\/strong><\/p>\n<ul>\n<li>Interven\u00e7\u00f5es Psicol\u00f3gicas na Obesidade 1;\n<ul>\n<li>T\u00e9cnicas Cognitivo-comportamentais;<\/li>\n<li>Individual e em Grupo.<\/li>\n<\/ul>\n<\/li>\n<\/ul>\n<p>&nbsp;<\/p>\n<p><strong>Aula 05 \u2013\u00a0<\/strong><\/p>\n<ul>\n<li>Interven\u00e7\u00f5es Psicol\u00f3gicas na Obesidade 2;\n<ul>\n<li>Entrevista Motivacional;<\/li>\n<li>Preven\u00e7\u00e3o de Reca\u00edda;<\/li>\n<\/ul>\n<\/li>\n<\/ul>\n<p>&nbsp;<\/p>\n<p><strong>Aula 06 \u2013\u00a0<\/strong><\/p>\n<ul>\n<li>Os programas de Interven\u00e7\u00e3o\n<ul>\n<li>Pense Magro;<\/li>\n<li>ABCD;<\/li>\n<li>Learn.<\/li>\n<\/ul>\n<\/li>\n<\/ul>\n<p>&nbsp;<\/p>\n<p><strong>Aula 07 \u2013\u00a0<\/strong><\/p>\n<ul>\n<li>\u00a0Mindfulness na alimenta\u00e7\u00e3o (Mindful eating \u2013 Comendo com Aten\u00e7\u00e3o Plena)\n<ul>\n<li>Hist\u00f3ria e Conceitos do Mindfulness<\/li>\n<li>Alimenta\u00e7\u00e3o consciente: Mindful eating<\/li>\n<li>Mindfulness e transtornos alimentares<\/li>\n<li>Interven\u00e7\u00f5es em Mindful eating e aplica\u00e7\u00f5es cl\u00ednicas<\/li>\n<\/ul>\n<\/li>\n<\/ul>\n<p>&nbsp;<\/p>\n<p><strong>Aula 08 \u2013\u00a0<\/strong><\/p>\n<ul>\n<li>Cirurgia Bari\u00e1trica;\n<ul>\n<li>Legisla\u00e7\u00e3o;<\/li>\n<li>Aspectos M\u00e9dicos;<\/li>\n<li>Elegibilidade;<\/li>\n<li>Tipos.<\/li>\n<\/ul>\n<\/li>\n<li>\u00a0Aspectos Psicol\u00f3gicos da Cirurgia Bari\u00e1trica\n<ul>\n<li>A Mudan\u00e7a da Imagem Corporal.<\/li>\n<\/ul>\n<\/li>\n<\/ul>\n<p><strong>Aula 09 \u2013\u00a0<\/strong><\/p>\n<ul>\n<li>Avalia\u00e7\u00e3o Bari\u00e1trica e o acompanhamento pr\u00e9 e p\u00f3s-cir\u00fargico.\n<ul>\n<li>Instrumentos e Modelos de Avalia\u00e7\u00e3o;<\/li>\n<li>Normatiza\u00e7\u00e3o do CFP para Avalia\u00e7\u00e3o Psicol\u00f3gica e Bari\u00e1trica;<\/li>\n<li>Confec\u00e7\u00e3o do Laudo de acordo com as Normas T\u00e9cnicas do CFP<\/li>\n<\/ul>\n<\/li>\n<\/ul>\n<p>&nbsp;<\/p>\n<p><strong>INVESTIMENTO:<\/strong><\/p>\n<p style=\"padding-left: 30px;\"><em><strong>Matr\u00edcula<\/strong><\/em>:\u00a0\u00a0R$150,00<\/p>\n<p style=\"padding-left: 30px;\"><em><strong>Mensalidades:\u00a0<\/strong>R$330,00 no Boleto (Desconto para pagamento em Cheque pr\u00e9-datado)<\/em><\/p>\n<p style=\"padding-left: 30px;\"><span style=\"color: #ff0000;\"><strong>OBS:<\/strong><\/span> Alunos do CESDE tem condi\u00e7\u00e3o especial. Contate a coordena\u00e7\u00e3o!<\/p>\n<p>&nbsp;<\/p>\n<p><strong>PR\u00c9 \u2013 INSCRI\u00c7\u00d5ES:<\/strong><\/p>\n<p>Preencher Formul\u00e1rio de Inscri\u00e7\u00f5es abaixo;<\/p>\n<p><a title=\"Formul\u00e1rio \u2013 Forma\u00e7\u00e3o em Psicologia do Emagrecimento\" href=\"http:\/\/www.cesde.com.br\/curso\/formularios\/formulario-formacao-em-psicologia-do-emagrecimento\/\">Clique aqui e fa\u00e7a sua Inscri\u00e7\u00e3o<\/a><\/p>\n<p>&nbsp;<\/p>\n<p><strong>ATEN\u00c7\u00c3O:<\/strong>\u00a0Caso o inscrito n\u00e3o preencha as condi\u00e7\u00f5es acima a matr\u00edcula ser\u00e1 cancelada.<\/p>\n<p><iframe loading=\"lazy\" id=\"ei7744065\" src=\"http:\/\/cesde.podomatic.com\/embed\/frame\/posting\/2015-09-14T13_08_48-07_00?json_url=http%3A%2F%2Fcesde.podomatic.com%2Fentry%2Fembed_params%2F2015-09-14T13_08_48-07_00%3Fcolor%3D43bee7%26autoPlay%3Dfalse%26facebook%3Dtrue%26height%3D85%26width%3D440%26minicast%3Dfalse%26objembed%3D0&amp;notb=1\" frameborder=\"0\" marginwidth=\"0\" marginheight=\"0\" scrolling=\"no\" width=\"440\" height=\"85\"><\/iframe><\/p>\n","protected":false},"excerpt":{"rendered":"<p>Curso de Forma\u00e7\u00e3o em &#8220;A Cl\u00ednica Psicol\u00f3gica da Obesidade e do Emagrecimento&#8221; &#8211; Belo Horizonte &nbsp; &nbsp; INTRODU\u00c7\u00c3O Na atualidade o sobrepeso e a obesidade s\u00e3o um dos problemas mais importantes que a sa\u00fade p\u00fablica do Brasil e de outros pa\u00edses v\u00eam sofrendo. A Organiza\u00e7\u00e3o Mundial de Sa\u00fade considera que estes sejam os principais problemas [&hellip;]<\/p>\n","protected":false},"author":3,"featured_media":0,"comment_status":"closed","ping_status":"closed","sticky":false,"template":"","format":"standard","meta":{"footnotes":""},"categories":[4,7],"tags":[73,21,257,259,173,258,23,112],"class_list":["post-1976","post","type-post","status-publish","format-standard","hentry","category-cursos","category-saude-mental","tag-clinica","tag-curso","tag-emagrecimento","tag-manejo-clinico","tag-obesidade","tag-perda-de-peso","tag-psicologia","tag-psicologica"],"aioseo_notices":[],"aioseo_head":"\n\t\t<!-- All in One SEO 5.0.0.1 - aioseo.com -->\n\t<meta name=\"description\" content=\"Este curso possibilitar\u00e1 espa\u00e7o de aprendizado e desenvolvimento de profissionais no o manejo de pacientes com dist\u00farbios alimentares \u2013 obesidade em atendimento cl\u00ednico.\" \/>\n\t<meta name=\"robots\" content=\"max-image-preview:large\" \/>\n\t<meta name=\"author\" content=\"Admar Cardoso\"\/>\n\t<link rel=\"canonical\" href=\"https:\/\/www.cesde.com.br\/curso\/curso-de-formacao-em-psicologia-do-emagrecimento-e-obesidade\/\" \/>\n\t<meta name=\"generator\" content=\"All in One SEO (AIOSEO) 5.0.0.1\" \/>\n\t\t<meta property=\"og:locale\" content=\"pt_BR\" \/>\n\t\t<meta property=\"og:site_name\" content=\"CESDE - Centro de Estudos e Desenvolvimento Educacional | Cursos em Psicologia, Sa\u00fade Mental, Educa\u00e7\u00e3o e Tecnologia.\" \/>\n\t\t<meta property=\"og:type\" content=\"article\" \/>\n\t\t<meta property=\"og:title\" content=\"Curso de Forma\u00e7\u00e3o em Psicologia do Emagrecimento e Obesidade | CESDE - Centro de Estudos e Desenvolvimento Educacional\" \/>\n\t\t<meta property=\"og:description\" content=\"Este curso possibilitar\u00e1 espa\u00e7o de aprendizado e desenvolvimento de profissionais no o manejo de pacientes com dist\u00farbios alimentares \u2013 obesidade em atendimento cl\u00ednico.\" \/>\n\t\t<meta property=\"og:url\" content=\"https:\/\/www.cesde.com.br\/curso\/curso-de-formacao-em-psicologia-do-emagrecimento-e-obesidade\/\" \/>\n\t\t<meta property=\"article:published_time\" content=\"2015-06-08T18:06:51+00:00\" \/>\n\t\t<meta property=\"article:modified_time\" content=\"2017-08-25T16:58:16+00:00\" \/>\n\t\t<meta name=\"twitter:card\" content=\"summary\" \/>\n\t\t<meta name=\"twitter:title\" content=\"Curso de Forma\u00e7\u00e3o em Psicologia do Emagrecimento e Obesidade | CESDE - Centro de Estudos e Desenvolvimento Educacional\" \/>\n\t\t<meta name=\"twitter:description\" content=\"Este curso possibilitar\u00e1 espa\u00e7o de aprendizado e desenvolvimento de profissionais no o manejo de pacientes com dist\u00farbios alimentares \u2013 obesidade em atendimento cl\u00ednico.\" \/>\n\t\t<script type=\"application\/ld+json\" class=\"aioseo-schema\">\n\t\t\t{\"@context\":\"https:\\\/\\\/schema.org\",\"@graph\":[{\"@type\":\"Article\",\"@id\":\"https:\\\/\\\/www.cesde.com.br\\\/curso\\\/curso-de-formacao-em-psicologia-do-emagrecimento-e-obesidade\\\/#article\",\"name\":\"Curso de Forma\\u00e7\\u00e3o em Psicologia do Emagrecimento e Obesidade | CESDE - Centro de Estudos e Desenvolvimento Educacional\",\"headline\":\"A Cl\\u00ednica Psicol\\u00f3gica da Obesidade e do Emagrecimento\",\"author\":{\"@id\":\"https:\\\/\\\/www.cesde.com.br\\\/curso\\\/author\\\/admar-cardoso\\\/#author\"},\"publisher\":{\"@id\":\"https:\\\/\\\/www.cesde.com.br\\\/curso\\\/#organization\"},\"datePublished\":\"2015-06-08T18:06:51+00:00\",\"dateModified\":\"2017-08-25T16:58:16+00:00\",\"inLanguage\":\"pt-BR\",\"mainEntityOfPage\":{\"@id\":\"https:\\\/\\\/www.cesde.com.br\\\/curso\\\/curso-de-formacao-em-psicologia-do-emagrecimento-e-obesidade\\\/#webpage\"},\"isPartOf\":{\"@id\":\"https:\\\/\\\/www.cesde.com.br\\\/curso\\\/curso-de-formacao-em-psicologia-do-emagrecimento-e-obesidade\\\/#webpage\"},\"articleSection\":\"Cursos em, Sa\\u00fade Mental -, Cl\\u00ednica, curso, Emagrecimento, Manejo Cl\\u00ednico, Obesidade, Perda de Peso, psicologia, psicol\\u00f3gica\"},{\"@type\":\"BreadcrumbList\",\"@id\":\"https:\\\/\\\/www.cesde.com.br\\\/curso\\\/curso-de-formacao-em-psicologia-do-emagrecimento-e-obesidade\\\/#breadcrumblist\",\"itemListElement\":[{\"@type\":\"ListItem\",\"@id\":\"https:\\\/\\\/www.cesde.com.br\\\/curso#listItem\",\"position\":1,\"name\":\"In\\u00edcio\",\"item\":\"https:\\\/\\\/www.cesde.com.br\\\/curso\",\"nextItem\":{\"@type\":\"ListItem\",\"@id\":\"https:\\\/\\\/www.cesde.com.br\\\/curso\\\/category\\\/cursos\\\/#listItem\",\"name\":\"Cursos em\"}},{\"@type\":\"ListItem\",\"@id\":\"https:\\\/\\\/www.cesde.com.br\\\/curso\\\/category\\\/cursos\\\/#listItem\",\"position\":2,\"name\":\"Cursos em\",\"item\":\"https:\\\/\\\/www.cesde.com.br\\\/curso\\\/category\\\/cursos\\\/\",\"nextItem\":{\"@type\":\"ListItem\",\"@id\":\"https:\\\/\\\/www.cesde.com.br\\\/curso\\\/category\\\/cursos\\\/saude-mental\\\/#listItem\",\"name\":\"Sa\\u00fade Mental -\"},\"previousItem\":{\"@type\":\"ListItem\",\"@id\":\"https:\\\/\\\/www.cesde.com.br\\\/curso#listItem\",\"name\":\"In\\u00edcio\"}},{\"@type\":\"ListItem\",\"@id\":\"https:\\\/\\\/www.cesde.com.br\\\/curso\\\/category\\\/cursos\\\/saude-mental\\\/#listItem\",\"position\":3,\"name\":\"Sa\\u00fade Mental -\",\"item\":\"https:\\\/\\\/www.cesde.com.br\\\/curso\\\/category\\\/cursos\\\/saude-mental\\\/\",\"nextItem\":{\"@type\":\"ListItem\",\"@id\":\"https:\\\/\\\/www.cesde.com.br\\\/curso\\\/curso-de-formacao-em-psicologia-do-emagrecimento-e-obesidade\\\/#listItem\",\"name\":\"A Cl\\u00ednica Psicol\\u00f3gica da Obesidade e do Emagrecimento\"},\"previousItem\":{\"@type\":\"ListItem\",\"@id\":\"https:\\\/\\\/www.cesde.com.br\\\/curso\\\/category\\\/cursos\\\/#listItem\",\"name\":\"Cursos em\"}},{\"@type\":\"ListItem\",\"@id\":\"https:\\\/\\\/www.cesde.com.br\\\/curso\\\/curso-de-formacao-em-psicologia-do-emagrecimento-e-obesidade\\\/#listItem\",\"position\":4,\"name\":\"A Cl\\u00ednica Psicol\\u00f3gica da Obesidade e do Emagrecimento\",\"previousItem\":{\"@type\":\"ListItem\",\"@id\":\"https:\\\/\\\/www.cesde.com.br\\\/curso\\\/category\\\/cursos\\\/saude-mental\\\/#listItem\",\"name\":\"Sa\\u00fade Mental -\"}}]},{\"@type\":\"Organization\",\"@id\":\"https:\\\/\\\/www.cesde.com.br\\\/curso\\\/#organization\",\"name\":\"CESDE - Centro de Estudos e Desenvolvimento Educacional\",\"description\":\"Cursos em Psicologia, Sa\\u00fade Mental, Educa\\u00e7\\u00e3o e Tecnologia.\",\"url\":\"https:\\\/\\\/www.cesde.com.br\\\/curso\\\/\"},{\"@type\":\"Person\",\"@id\":\"https:\\\/\\\/www.cesde.com.br\\\/curso\\\/author\\\/admar-cardoso\\\/#author\",\"url\":\"https:\\\/\\\/www.cesde.com.br\\\/curso\\\/author\\\/admar-cardoso\\\/\",\"name\":\"Admar Cardoso\"},{\"@type\":\"WebPage\",\"@id\":\"https:\\\/\\\/www.cesde.com.br\\\/curso\\\/curso-de-formacao-em-psicologia-do-emagrecimento-e-obesidade\\\/#webpage\",\"url\":\"https:\\\/\\\/www.cesde.com.br\\\/curso\\\/curso-de-formacao-em-psicologia-do-emagrecimento-e-obesidade\\\/\",\"name\":\"Curso de Forma\\u00e7\\u00e3o em Psicologia do Emagrecimento e Obesidade | CESDE - Centro de Estudos e Desenvolvimento Educacional\",\"description\":\"Este curso possibilitar\\u00e1 espa\\u00e7o de aprendizado e desenvolvimento de profissionais no o manejo de pacientes com dist\\u00farbios alimentares \\u2013 obesidade em atendimento cl\\u00ednico.\",\"inLanguage\":\"pt-BR\",\"isPartOf\":{\"@id\":\"https:\\\/\\\/www.cesde.com.br\\\/curso\\\/#website\"},\"breadcrumb\":{\"@id\":\"https:\\\/\\\/www.cesde.com.br\\\/curso\\\/curso-de-formacao-em-psicologia-do-emagrecimento-e-obesidade\\\/#breadcrumblist\"},\"author\":{\"@id\":\"https:\\\/\\\/www.cesde.com.br\\\/curso\\\/author\\\/admar-cardoso\\\/#author\"},\"creator\":{\"@id\":\"https:\\\/\\\/www.cesde.com.br\\\/curso\\\/author\\\/admar-cardoso\\\/#author\"},\"datePublished\":\"2015-06-08T18:06:51+00:00\",\"dateModified\":\"2017-08-25T16:58:16+00:00\"},{\"@type\":\"WebSite\",\"@id\":\"https:\\\/\\\/www.cesde.com.br\\\/curso\\\/#website\",\"url\":\"https:\\\/\\\/www.cesde.com.br\\\/curso\\\/\",\"name\":\"CESDE - Centro de Estudos e Desenvolvimento Educacional\",\"description\":\"Cursos em Psicologia, Sa\\u00fade Mental, Educa\\u00e7\\u00e3o e Tecnologia.\",\"inLanguage\":\"pt-BR\",\"publisher\":{\"@id\":\"https:\\\/\\\/www.cesde.com.br\\\/curso\\\/#organization\"}}]}\n\t\t<\/script>\n\t\t<!-- All in One SEO -->\n\n","aioseo_head_json":{"title":"Curso de Forma\u00e7\u00e3o em Psicologia do Emagrecimento e Obesidade | CESDE - Centro de Estudos e Desenvolvimento Educacional","description":"Este curso possibilitar\u00e1 espa\u00e7o de aprendizado e desenvolvimento de profissionais no o manejo de pacientes com dist\u00farbios alimentares \u2013 obesidade em atendimento cl\u00ednico.","canonical_url":"https:\/\/www.cesde.com.br\/curso\/curso-de-formacao-em-psicologia-do-emagrecimento-e-obesidade\/","robots":"max-image-preview:large","keywords":"","webmasterTools":{"miscellaneous":""},"schema":{"@context":"https:\/\/schema.org","@graph":[{"@type":"Article","@id":"https:\/\/www.cesde.com.br\/curso\/curso-de-formacao-em-psicologia-do-emagrecimento-e-obesidade\/#article","name":"Curso de Forma\u00e7\u00e3o em Psicologia do Emagrecimento e Obesidade | CESDE - Centro de Estudos e Desenvolvimento Educacional","headline":"A Cl\u00ednica Psicol\u00f3gica da Obesidade e do Emagrecimento","author":{"@id":"https:\/\/www.cesde.com.br\/curso\/author\/admar-cardoso\/#author"},"publisher":{"@id":"https:\/\/www.cesde.com.br\/curso\/#organization"},"datePublished":"2015-06-08T18:06:51+00:00","dateModified":"2017-08-25T16:58:16+00:00","inLanguage":"pt-BR","mainEntityOfPage":{"@id":"https:\/\/www.cesde.com.br\/curso\/curso-de-formacao-em-psicologia-do-emagrecimento-e-obesidade\/#webpage"},"isPartOf":{"@id":"https:\/\/www.cesde.com.br\/curso\/curso-de-formacao-em-psicologia-do-emagrecimento-e-obesidade\/#webpage"},"articleSection":"Cursos em, Sa\u00fade Mental -, Cl\u00ednica, curso, Emagrecimento, Manejo Cl\u00ednico, Obesidade, Perda de Peso, psicologia, psicol\u00f3gica"},{"@type":"BreadcrumbList","@id":"https:\/\/www.cesde.com.br\/curso\/curso-de-formacao-em-psicologia-do-emagrecimento-e-obesidade\/#breadcrumblist","itemListElement":[{"@type":"ListItem","@id":"https:\/\/www.cesde.com.br\/curso#listItem","position":1,"name":"In\u00edcio","item":"https:\/\/www.cesde.com.br\/curso","nextItem":{"@type":"ListItem","@id":"https:\/\/www.cesde.com.br\/curso\/category\/cursos\/#listItem","name":"Cursos em"}},{"@type":"ListItem","@id":"https:\/\/www.cesde.com.br\/curso\/category\/cursos\/#listItem","position":2,"name":"Cursos em","item":"https:\/\/www.cesde.com.br\/curso\/category\/cursos\/","nextItem":{"@type":"ListItem","@id":"https:\/\/www.cesde.com.br\/curso\/category\/cursos\/saude-mental\/#listItem","name":"Sa\u00fade Mental -"},"previousItem":{"@type":"ListItem","@id":"https:\/\/www.cesde.com.br\/curso#listItem","name":"In\u00edcio"}},{"@type":"ListItem","@id":"https:\/\/www.cesde.com.br\/curso\/category\/cursos\/saude-mental\/#listItem","position":3,"name":"Sa\u00fade Mental -","item":"https:\/\/www.cesde.com.br\/curso\/category\/cursos\/saude-mental\/","nextItem":{"@type":"ListItem","@id":"https:\/\/www.cesde.com.br\/curso\/curso-de-formacao-em-psicologia-do-emagrecimento-e-obesidade\/#listItem","name":"A Cl\u00ednica Psicol\u00f3gica da Obesidade e do Emagrecimento"},"previousItem":{"@type":"ListItem","@id":"https:\/\/www.cesde.com.br\/curso\/category\/cursos\/#listItem","name":"Cursos em"}},{"@type":"ListItem","@id":"https:\/\/www.cesde.com.br\/curso\/curso-de-formacao-em-psicologia-do-emagrecimento-e-obesidade\/#listItem","position":4,"name":"A Cl\u00ednica Psicol\u00f3gica da Obesidade e do Emagrecimento","previousItem":{"@type":"ListItem","@id":"https:\/\/www.cesde.com.br\/curso\/category\/cursos\/saude-mental\/#listItem","name":"Sa\u00fade Mental -"}}]},{"@type":"Organization","@id":"https:\/\/www.cesde.com.br\/curso\/#organization","name":"CESDE - Centro de Estudos e Desenvolvimento Educacional","description":"Cursos em Psicologia, Sa\u00fade Mental, Educa\u00e7\u00e3o e Tecnologia.","url":"https:\/\/www.cesde.com.br\/curso\/"},{"@type":"Person","@id":"https:\/\/www.cesde.com.br\/curso\/author\/admar-cardoso\/#author","url":"https:\/\/www.cesde.com.br\/curso\/author\/admar-cardoso\/","name":"Admar Cardoso"},{"@type":"WebPage","@id":"https:\/\/www.cesde.com.br\/curso\/curso-de-formacao-em-psicologia-do-emagrecimento-e-obesidade\/#webpage","url":"https:\/\/www.cesde.com.br\/curso\/curso-de-formacao-em-psicologia-do-emagrecimento-e-obesidade\/","name":"Curso de Forma\u00e7\u00e3o em Psicologia do Emagrecimento e Obesidade | CESDE - Centro de Estudos e Desenvolvimento Educacional","description":"Este curso possibilitar\u00e1 espa\u00e7o de aprendizado e desenvolvimento de profissionais no o manejo de pacientes com dist\u00farbios alimentares \u2013 obesidade em atendimento cl\u00ednico.","inLanguage":"pt-BR","isPartOf":{"@id":"https:\/\/www.cesde.com.br\/curso\/#website"},"breadcrumb":{"@id":"https:\/\/www.cesde.com.br\/curso\/curso-de-formacao-em-psicologia-do-emagrecimento-e-obesidade\/#breadcrumblist"},"author":{"@id":"https:\/\/www.cesde.com.br\/curso\/author\/admar-cardoso\/#author"},"creator":{"@id":"https:\/\/www.cesde.com.br\/curso\/author\/admar-cardoso\/#author"},"datePublished":"2015-06-08T18:06:51+00:00","dateModified":"2017-08-25T16:58:16+00:00"},{"@type":"WebSite","@id":"https:\/\/www.cesde.com.br\/curso\/#website","url":"https:\/\/www.cesde.com.br\/curso\/","name":"CESDE - Centro de Estudos e Desenvolvimento Educacional","description":"Cursos em Psicologia, Sa\u00fade Mental, Educa\u00e7\u00e3o e Tecnologia.","inLanguage":"pt-BR","publisher":{"@id":"https:\/\/www.cesde.com.br\/curso\/#organization"}}]},"og:locale":"pt_BR","og:site_name":"CESDE - Centro de Estudos e Desenvolvimento Educacional | Cursos em Psicologia, Sa\u00fade Mental, Educa\u00e7\u00e3o e Tecnologia.","og:type":"article","og:title":"Curso de Forma\u00e7\u00e3o em Psicologia do Emagrecimento e Obesidade | CESDE - Centro de Estudos e Desenvolvimento Educacional","og:description":"Este curso possibilitar\u00e1 espa\u00e7o de aprendizado e desenvolvimento de profissionais no o manejo de pacientes com dist\u00farbios alimentares \u2013 obesidade em atendimento cl\u00ednico.","og:url":"https:\/\/www.cesde.com.br\/curso\/curso-de-formacao-em-psicologia-do-emagrecimento-e-obesidade\/","article:published_time":"2015-06-08T18:06:51+00:00","article:modified_time":"2017-08-25T16:58:16+00:00","twitter:card":"summary","twitter:title":"Curso de Forma\u00e7\u00e3o em Psicologia do Emagrecimento e Obesidade | CESDE - Centro de Estudos e Desenvolvimento Educacional","twitter:description":"Este curso possibilitar\u00e1 espa\u00e7o de aprendizado e desenvolvimento de profissionais no o manejo de pacientes com dist\u00farbios alimentares \u2013 obesidade em atendimento cl\u00ednico."},"aioseo_meta_data":{"post_id":"1976","title":"Curso de Forma\u00e7\u00e3o em Psicologia do Emagrecimento e Obesidade | #site_title","description":"Este curso possibilitar\u00e1 espa\u00e7o de aprendizado e desenvolvimento de profissionais no o manejo de pacientes com dist\u00farbios alimentares \u2013 obesidade em atendimento cl\u00ednico.","keywords":[{"label":"Curso","value":"Curso"},{"label":"Cl\u00ednica","value":"Cl\u00ednica"},{"label":"Psicol\u00f3gica","value":"Psicol\u00f3gica"},{"label":"Obesidade","value":"Obesidade"},{"label":"Emagrecimento","value":"Emagrecimento"},{"label":"Psicologia","value":"Psicologia"},{"label":"Perda de Peso","value":"Perda de Peso"},{"label":"Manejo Cl\u00ednico","value":"Manejo Cl\u00ednico"},{"label":"","value":""}],"keyphrases":null,"primary_term":null,"canonical_url":null,"og_title":null,"og_description":null,"og_object_type":"default","og_image_type":"default","og_image_url":null,"og_image_width":null,"og_image_height":null,"og_image_custom_url":null,"og_image_custom_fields":null,"og_video":null,"og_custom_url":null,"og_article_section":null,"og_article_tags":null,"twitter_use_og":false,"twitter_card":"default","twitter_image_type":"default","twitter_image_url":null,"twitter_image_custom_url":null,"twitter_image_custom_fields":null,"twitter_title":null,"twitter_description":null,"schema":{"blockGraphs":[],"customGraphs":[],"default":{"data":{"Article":[],"Course":[],"Dataset":[],"FAQPage":[],"Movie":[],"Person":[],"Product":[],"ProductReview":[],"Car":[],"Recipe":[],"Service":[],"SoftwareApplication":[],"WebPage":[]},"graphName":"Article","isEnabled":true},"graphs":[]},"schema_type":null,"schema_type_options":null,"pillar_content":false,"robots_default":true,"robots_noindex":false,"robots_noarchive":false,"robots_nosnippet":false,"robots_nofollow":false,"robots_noimageindex":false,"robots_noodp":false,"robots_notranslate":false,"robots_max_snippet":null,"robots_max_videopreview":null,"robots_max_imagepreview":"large","priority":null,"frequency":null,"local_seo":null,"breadcrumb_settings":null,"limit_modified_date":false,"ai":null,"created":"2021-05-28 15:02:24","updated":"2023-03-18 18:07:53","focus_keyword":null,"additional_keywords":null,"truseo_locale":null,"seo_analyzer_scan_date":null},"aioseo_breadcrumb":"<div class=\"aioseo-breadcrumbs\"><span class=\"aioseo-breadcrumb\">\n\t\t\t<a href=\"https:\/\/www.cesde.com.br\/curso\" title=\"In\u00edcio\">In\u00edcio<\/a>\n\t\t<\/span><span class=\"aioseo-breadcrumb-separator\">&raquo;<\/span><span class=\"aioseo-breadcrumb\">\n\t\t\t<a href=\"https:\/\/www.cesde.com.br\/curso\/category\/cursos\/\" title=\"Cursos em\">Cursos em<\/a>\n\t\t<\/span><span class=\"aioseo-breadcrumb-separator\">&raquo;<\/span><span class=\"aioseo-breadcrumb\">\n\t\t\t<a href=\"https:\/\/www.cesde.com.br\/curso\/category\/cursos\/saude-mental\/\" title=\"Sa\u00fade Mental -\">Sa\u00fade Mental -<\/a>\n\t\t<\/span><span class=\"aioseo-breadcrumb-separator\">&raquo;<\/span><span class=\"aioseo-breadcrumb\">\n\t\t\tA Cl\u00ednica Psicol\u00f3gica da Obesidade e do Emagrecimento\n\t\t<\/span><\/div>","aioseo_breadcrumb_json":[{"label":"In\u00edcio","link":"https:\/\/www.cesde.com.br\/curso"},{"label":"Cursos em","link":"https:\/\/www.cesde.com.br\/curso\/category\/cursos\/"},{"label":"Sa\u00fade Mental -","link":"https:\/\/www.cesde.com.br\/curso\/category\/cursos\/saude-mental\/"},{"label":"A Cl\u00ednica Psicol\u00f3gica da Obesidade e do Emagrecimento","link":"https:\/\/www.cesde.com.br\/curso\/curso-de-formacao-em-psicologia-do-emagrecimento-e-obesidade\/"}],"_links":{"self":[{"href":"https:\/\/www.cesde.com.br\/curso\/wp-json\/wp\/v2\/posts\/1976","targetHints":{"allow":["GET"]}}],"collection":[{"href":"https:\/\/www.cesde.com.br\/curso\/wp-json\/wp\/v2\/posts"}],"about":[{"href":"https:\/\/www.cesde.com.br\/curso\/wp-json\/wp\/v2\/types\/post"}],"author":[{"embeddable":true,"href":"https:\/\/www.cesde.com.br\/curso\/wp-json\/wp\/v2\/users\/3"}],"replies":[{"embeddable":true,"href":"https:\/\/www.cesde.com.br\/curso\/wp-json\/wp\/v2\/comments?post=1976"}],"version-history":[{"count":31,"href":"https:\/\/www.cesde.com.br\/curso\/wp-json\/wp\/v2\/posts\/1976\/revisions"}],"predecessor-version":[{"id":1984,"href":"https:\/\/www.cesde.com.br\/curso\/wp-json\/wp\/v2\/posts\/1976\/revisions\/1984"}],"wp:attachment":[{"href":"https:\/\/www.cesde.com.br\/curso\/wp-json\/wp\/v2\/media?parent=1976"}],"wp:term":[{"taxonomy":"category","embeddable":true,"href":"https:\/\/www.cesde.com.br\/curso\/wp-json\/wp\/v2\/categories?post=1976"},{"taxonomy":"post_tag","embeddable":true,"href":"https:\/\/www.cesde.com.br\/curso\/wp-json\/wp\/v2\/tags?post=1976"}],"curies":[{"name":"wp","href":"https:\/\/api.w.org\/{rel}","templated":true}]}}