{"id":1931,"date":"2015-05-29T18:52:29","date_gmt":"2015-05-29T18:52:29","guid":{"rendered":"http:\/\/www.cesde.com.br\/curso\/?p=1931"},"modified":"2019-03-22T20:05:44","modified_gmt":"2019-03-22T20:05:44","slug":"podcast-no-6-tcc-e-terapias-da-terceira-onda","status":"publish","type":"post","link":"https:\/\/www.cesde.com.br\/curso\/podcast-no-6-tcc-e-terapias-da-terceira-onda\/","title":{"rendered":"Podcast n\u00ba 5 &#8211; TCC e Terapias da Terceira Onda"},"content":{"rendered":"<p>Neste podcast n\u00ba 5 tivemos a oportunidade de conversar com o professor M\u00e1rio C\u00e9sar Resende Andrade sobre as Terapias de Terceira Onda e Terapia cognitiva. Foi uma conversa super interessante e traz informa\u00e7\u00f5es muito preciosas.O Entrevistado \u00e9 professor no nosso curso de forma\u00e7\u00e3o em Terapia Cognitivo-comportamental. <a title=\"Forma\u00e7\u00e3o em Terapia Cognitivo-comportamental em BH\" href=\"http:\/\/www.cesde.com.br\/curso\/cursos\/831\/\">Para maiores informa\u00e7\u00f5es clique aqui!<\/a><\/p>\n<p>.<br \/>\n<iframe loading=\"lazy\" id=\"ei7611225\" src=\"http:\/\/cesde.podomatic.com\/embed\/frame\/posting\/2015-05-29T11_17_57-07_00?json_url=http%3A%2F%2Fcesde.podomatic.com%2Fentry%2Fembed_params%2F2015-05-29T11_17_57-07_00%3FautoPlay%3Dtrue%26facebook%3Dfalse%26height%3D85%26minicast%3Dfalse%26objembed%3D0%26rtmp%3D1%26width%3D580&amp;notb=1\" height=\"85\" width=\"580\" frameborder=\"0\" marginheight=\"0\" marginwidth=\"0\" scrolling=\"no\" allowfullscreen=\"\"><\/iframe><\/p>\n<p>.<\/p>\n","protected":false},"excerpt":{"rendered":"<p>Neste podcast n\u00ba 5 tivemos a oportunidade de conversar com o professor M\u00e1rio C\u00e9sar Resende Andrade sobre as Terapias de Terceira Onda e Terapia cognitiva. Foi uma conversa super interessante e traz informa\u00e7\u00f5es muito preciosas.O Entrevistado \u00e9 professor no nosso curso de forma\u00e7\u00e3o em Terapia Cognitivo-comportamental. Para maiores informa\u00e7\u00f5es clique aqui! . .<\/p>\n","protected":false},"author":3,"featured_media":0,"comment_status":"closed","ping_status":"closed","sticky":false,"template":"","format":"standard","meta":{"footnotes":""},"categories":[5],"tags":[],"class_list":["post-1931","post","type-post","status-publish","format-standard","hentry","category-noticias"],"aioseo_notices":[],"aioseo_head":"\n\t\t<!-- All in One SEO 5.0.0.1 - aioseo.com -->\n\t<meta name=\"robots\" content=\"max-image-preview:large\" \/>\n\t<meta name=\"author\" content=\"Admar Cardoso\"\/>\n\t<link rel=\"canonical\" href=\"https:\/\/www.cesde.com.br\/curso\/podcast-no-6-tcc-e-terapias-da-terceira-onda\/\" \/>\n\t<meta name=\"generator\" content=\"All in One SEO (AIOSEO) 5.0.0.1\" \/>\n\t\t<meta property=\"og:locale\" content=\"pt_BR\" \/>\n\t\t<meta property=\"og:site_name\" content=\"CESDE - Centro de Estudos e Desenvolvimento Educacional | Cursos em Psicologia, Sa\u00fade Mental, Educa\u00e7\u00e3o e Tecnologia.\" \/>\n\t\t<meta property=\"og:type\" content=\"article\" \/>\n\t\t<meta property=\"og:title\" content=\"Podcast n\u00ba 5 \u2013 TCC e Terapias da Terceira Onda | CESDE - Centro de Estudos e Desenvolvimento Educacional\" \/>\n\t\t<meta property=\"og:url\" content=\"https:\/\/www.cesde.com.br\/curso\/podcast-no-6-tcc-e-terapias-da-terceira-onda\/\" \/>\n\t\t<meta property=\"article:published_time\" content=\"2015-05-29T18:52:29+00:00\" \/>\n\t\t<meta property=\"article:modified_time\" content=\"2019-03-22T20:05:44+00:00\" \/>\n\t\t<meta name=\"twitter:card\" content=\"summary\" \/>\n\t\t<meta name=\"twitter:title\" content=\"Podcast n\u00ba 5 \u2013 TCC e Terapias da Terceira Onda | CESDE - Centro de Estudos e Desenvolvimento Educacional\" \/>\n\t\t<script type=\"application\/ld+json\" class=\"aioseo-schema\">\n\t\t\t{\"@context\":\"https:\\\/\\\/schema.org\",\"@graph\":[{\"@type\":\"Article\",\"@id\":\"https:\\\/\\\/www.cesde.com.br\\\/curso\\\/podcast-no-6-tcc-e-terapias-da-terceira-onda\\\/#article\",\"name\":\"Podcast n\\u00ba 5 \\u2013 TCC e Terapias da Terceira Onda | CESDE - Centro de Estudos e Desenvolvimento Educacional\",\"headline\":\"Podcast n\\u00ba 5 &#8211; TCC e Terapias da Terceira Onda\",\"author\":{\"@id\":\"https:\\\/\\\/www.cesde.com.br\\\/curso\\\/author\\\/admar-cardoso\\\/#author\"},\"publisher\":{\"@id\":\"https:\\\/\\\/www.cesde.com.br\\\/curso\\\/#organization\"},\"datePublished\":\"2015-05-29T18:52:29+00:00\",\"dateModified\":\"2019-03-22T20:05:44+00:00\",\"inLanguage\":\"pt-BR\",\"mainEntityOfPage\":{\"@id\":\"https:\\\/\\\/www.cesde.com.br\\\/curso\\\/podcast-no-6-tcc-e-terapias-da-terceira-onda\\\/#webpage\"},\"isPartOf\":{\"@id\":\"https:\\\/\\\/www.cesde.com.br\\\/curso\\\/podcast-no-6-tcc-e-terapias-da-terceira-onda\\\/#webpage\"},\"articleSection\":\"Blog\"},{\"@type\":\"BreadcrumbList\",\"@id\":\"https:\\\/\\\/www.cesde.com.br\\\/curso\\\/podcast-no-6-tcc-e-terapias-da-terceira-onda\\\/#breadcrumblist\",\"itemListElement\":[{\"@type\":\"ListItem\",\"@id\":\"https:\\\/\\\/www.cesde.com.br\\\/curso#listItem\",\"position\":1,\"name\":\"In\\u00edcio\",\"item\":\"https:\\\/\\\/www.cesde.com.br\\\/curso\",\"nextItem\":{\"@type\":\"ListItem\",\"@id\":\"https:\\\/\\\/www.cesde.com.br\\\/curso\\\/category\\\/noticias\\\/#listItem\",\"name\":\"Blog\"}},{\"@type\":\"ListItem\",\"@id\":\"https:\\\/\\\/www.cesde.com.br\\\/curso\\\/category\\\/noticias\\\/#listItem\",\"position\":2,\"name\":\"Blog\",\"item\":\"https:\\\/\\\/www.cesde.com.br\\\/curso\\\/category\\\/noticias\\\/\",\"nextItem\":{\"@type\":\"ListItem\",\"@id\":\"https:\\\/\\\/www.cesde.com.br\\\/curso\\\/podcast-no-6-tcc-e-terapias-da-terceira-onda\\\/#listItem\",\"name\":\"Podcast n\\u00ba 5 &#8211; TCC e Terapias da Terceira Onda\"},\"previousItem\":{\"@type\":\"ListItem\",\"@id\":\"https:\\\/\\\/www.cesde.com.br\\\/curso#listItem\",\"name\":\"In\\u00edcio\"}},{\"@type\":\"ListItem\",\"@id\":\"https:\\\/\\\/www.cesde.com.br\\\/curso\\\/podcast-no-6-tcc-e-terapias-da-terceira-onda\\\/#listItem\",\"position\":3,\"name\":\"Podcast n\\u00ba 5 &#8211; TCC e Terapias da Terceira Onda\",\"previousItem\":{\"@type\":\"ListItem\",\"@id\":\"https:\\\/\\\/www.cesde.com.br\\\/curso\\\/category\\\/noticias\\\/#listItem\",\"name\":\"Blog\"}}]},{\"@type\":\"Organization\",\"@id\":\"https:\\\/\\\/www.cesde.com.br\\\/curso\\\/#organization\",\"name\":\"CESDE - Centro de Estudos e Desenvolvimento Educacional\",\"description\":\"Cursos em Psicologia, Sa\\u00fade Mental, Educa\\u00e7\\u00e3o e Tecnologia.\",\"url\":\"https:\\\/\\\/www.cesde.com.br\\\/curso\\\/\"},{\"@type\":\"Person\",\"@id\":\"https:\\\/\\\/www.cesde.com.br\\\/curso\\\/author\\\/admar-cardoso\\\/#author\",\"url\":\"https:\\\/\\\/www.cesde.com.br\\\/curso\\\/author\\\/admar-cardoso\\\/\",\"name\":\"Admar Cardoso\"},{\"@type\":\"WebPage\",\"@id\":\"https:\\\/\\\/www.cesde.com.br\\\/curso\\\/podcast-no-6-tcc-e-terapias-da-terceira-onda\\\/#webpage\",\"url\":\"https:\\\/\\\/www.cesde.com.br\\\/curso\\\/podcast-no-6-tcc-e-terapias-da-terceira-onda\\\/\",\"name\":\"Podcast n\\u00ba 5 \\u2013 TCC e Terapias da Terceira Onda | CESDE - Centro de Estudos e Desenvolvimento Educacional\",\"inLanguage\":\"pt-BR\",\"isPartOf\":{\"@id\":\"https:\\\/\\\/www.cesde.com.br\\\/curso\\\/#website\"},\"breadcrumb\":{\"@id\":\"https:\\\/\\\/www.cesde.com.br\\\/curso\\\/podcast-no-6-tcc-e-terapias-da-terceira-onda\\\/#breadcrumblist\"},\"author\":{\"@id\":\"https:\\\/\\\/www.cesde.com.br\\\/curso\\\/author\\\/admar-cardoso\\\/#author\"},\"creator\":{\"@id\":\"https:\\\/\\\/www.cesde.com.br\\\/curso\\\/author\\\/admar-cardoso\\\/#author\"},\"datePublished\":\"2015-05-29T18:52:29+00:00\",\"dateModified\":\"2019-03-22T20:05:44+00:00\"},{\"@type\":\"WebSite\",\"@id\":\"https:\\\/\\\/www.cesde.com.br\\\/curso\\\/#website\",\"url\":\"https:\\\/\\\/www.cesde.com.br\\\/curso\\\/\",\"name\":\"CESDE - Centro de Estudos e Desenvolvimento Educacional\",\"description\":\"Cursos em Psicologia, Sa\\u00fade Mental, Educa\\u00e7\\u00e3o e Tecnologia.\",\"inLanguage\":\"pt-BR\",\"publisher\":{\"@id\":\"https:\\\/\\\/www.cesde.com.br\\\/curso\\\/#organization\"}}]}\n\t\t<\/script>\n\t\t<!-- All in One SEO -->\n\n","aioseo_head_json":{"title":"Podcast n\u00ba 5 \u2013 TCC e Terapias da Terceira Onda | CESDE - Centro de Estudos e Desenvolvimento Educacional","description":"","canonical_url":"https:\/\/www.cesde.com.br\/curso\/podcast-no-6-tcc-e-terapias-da-terceira-onda\/","robots":"max-image-preview:large","keywords":"","webmasterTools":{"miscellaneous":""},"schema":{"@context":"https:\/\/schema.org","@graph":[{"@type":"Article","@id":"https:\/\/www.cesde.com.br\/curso\/podcast-no-6-tcc-e-terapias-da-terceira-onda\/#article","name":"Podcast n\u00ba 5 \u2013 TCC e Terapias da Terceira Onda | CESDE - Centro de Estudos e Desenvolvimento Educacional","headline":"Podcast n\u00ba 5 &#8211; TCC e Terapias da Terceira Onda","author":{"@id":"https:\/\/www.cesde.com.br\/curso\/author\/admar-cardoso\/#author"},"publisher":{"@id":"https:\/\/www.cesde.com.br\/curso\/#organization"},"datePublished":"2015-05-29T18:52:29+00:00","dateModified":"2019-03-22T20:05:44+00:00","inLanguage":"pt-BR","mainEntityOfPage":{"@id":"https:\/\/www.cesde.com.br\/curso\/podcast-no-6-tcc-e-terapias-da-terceira-onda\/#webpage"},"isPartOf":{"@id":"https:\/\/www.cesde.com.br\/curso\/podcast-no-6-tcc-e-terapias-da-terceira-onda\/#webpage"},"articleSection":"Blog"},{"@type":"BreadcrumbList","@id":"https:\/\/www.cesde.com.br\/curso\/podcast-no-6-tcc-e-terapias-da-terceira-onda\/#breadcrumblist","itemListElement":[{"@type":"ListItem","@id":"https:\/\/www.cesde.com.br\/curso#listItem","position":1,"name":"In\u00edcio","item":"https:\/\/www.cesde.com.br\/curso","nextItem":{"@type":"ListItem","@id":"https:\/\/www.cesde.com.br\/curso\/category\/noticias\/#listItem","name":"Blog"}},{"@type":"ListItem","@id":"https:\/\/www.cesde.com.br\/curso\/category\/noticias\/#listItem","position":2,"name":"Blog","item":"https:\/\/www.cesde.com.br\/curso\/category\/noticias\/","nextItem":{"@type":"ListItem","@id":"https:\/\/www.cesde.com.br\/curso\/podcast-no-6-tcc-e-terapias-da-terceira-onda\/#listItem","name":"Podcast n\u00ba 5 &#8211; TCC e Terapias da Terceira Onda"},"previousItem":{"@type":"ListItem","@id":"https:\/\/www.cesde.com.br\/curso#listItem","name":"In\u00edcio"}},{"@type":"ListItem","@id":"https:\/\/www.cesde.com.br\/curso\/podcast-no-6-tcc-e-terapias-da-terceira-onda\/#listItem","position":3,"name":"Podcast n\u00ba 5 &#8211; TCC e Terapias da Terceira Onda","previousItem":{"@type":"ListItem","@id":"https:\/\/www.cesde.com.br\/curso\/category\/noticias\/#listItem","name":"Blog"}}]},{"@type":"Organization","@id":"https:\/\/www.cesde.com.br\/curso\/#organization","name":"CESDE - Centro de Estudos e Desenvolvimento Educacional","description":"Cursos em Psicologia, Sa\u00fade Mental, Educa\u00e7\u00e3o e Tecnologia.","url":"https:\/\/www.cesde.com.br\/curso\/"},{"@type":"Person","@id":"https:\/\/www.cesde.com.br\/curso\/author\/admar-cardoso\/#author","url":"https:\/\/www.cesde.com.br\/curso\/author\/admar-cardoso\/","name":"Admar Cardoso"},{"@type":"WebPage","@id":"https:\/\/www.cesde.com.br\/curso\/podcast-no-6-tcc-e-terapias-da-terceira-onda\/#webpage","url":"https:\/\/www.cesde.com.br\/curso\/podcast-no-6-tcc-e-terapias-da-terceira-onda\/","name":"Podcast n\u00ba 5 \u2013 TCC e Terapias da Terceira Onda | CESDE - Centro de Estudos e Desenvolvimento Educacional","inLanguage":"pt-BR","isPartOf":{"@id":"https:\/\/www.cesde.com.br\/curso\/#website"},"breadcrumb":{"@id":"https:\/\/www.cesde.com.br\/curso\/podcast-no-6-tcc-e-terapias-da-terceira-onda\/#breadcrumblist"},"author":{"@id":"https:\/\/www.cesde.com.br\/curso\/author\/admar-cardoso\/#author"},"creator":{"@id":"https:\/\/www.cesde.com.br\/curso\/author\/admar-cardoso\/#author"},"datePublished":"2015-05-29T18:52:29+00:00","dateModified":"2019-03-22T20:05:44+00:00"},{"@type":"WebSite","@id":"https:\/\/www.cesde.com.br\/curso\/#website","url":"https:\/\/www.cesde.com.br\/curso\/","name":"CESDE - Centro de Estudos e Desenvolvimento Educacional","description":"Cursos em Psicologia, Sa\u00fade Mental, Educa\u00e7\u00e3o e Tecnologia.","inLanguage":"pt-BR","publisher":{"@id":"https:\/\/www.cesde.com.br\/curso\/#organization"}}]},"og:locale":"pt_BR","og:site_name":"CESDE - Centro de Estudos e Desenvolvimento Educacional | Cursos em Psicologia, Sa\u00fade Mental, Educa\u00e7\u00e3o e Tecnologia.","og:type":"article","og:title":"Podcast n\u00ba 5 \u2013 TCC e Terapias da Terceira Onda | CESDE - Centro de Estudos e Desenvolvimento Educacional","og:url":"https:\/\/www.cesde.com.br\/curso\/podcast-no-6-tcc-e-terapias-da-terceira-onda\/","article:published_time":"2015-05-29T18:52:29+00:00","article:modified_time":"2019-03-22T20:05:44+00:00","twitter:card":"summary","twitter:title":"Podcast n\u00ba 5 \u2013 TCC e Terapias da Terceira Onda | CESDE - Centro de Estudos e Desenvolvimento Educacional"},"aioseo_meta_data":{"post_id":"1931","title":null,"description":null,"keywords":null,"keyphrases":null,"primary_term":null,"canonical_url":null,"og_title":null,"og_description":null,"og_object_type":"default","og_image_type":"default","og_image_url":null,"og_image_width":null,"og_image_height":null,"og_image_custom_url":null,"og_image_custom_fields":null,"og_video":null,"og_custom_url":null,"og_article_section":null,"og_article_tags":null,"twitter_use_og":false,"twitter_card":"default","twitter_image_type":"default","twitter_image_url":null,"twitter_image_custom_url":null,"twitter_image_custom_fields":null,"twitter_title":null,"twitter_description":null,"schema":{"blockGraphs":[],"customGraphs":[],"default":{"data":{"Article":[],"Course":[],"Dataset":[],"FAQPage":[],"Movie":[],"Person":[],"Product":[],"ProductReview":[],"Car":[],"Recipe":[],"Service":[],"SoftwareApplication":[],"WebPage":[]},"graphName":"Article","isEnabled":true},"graphs":[]},"schema_type":null,"schema_type_options":null,"pillar_content":false,"robots_default":true,"robots_noindex":false,"robots_noarchive":false,"robots_nosnippet":false,"robots_nofollow":false,"robots_noimageindex":false,"robots_noodp":false,"robots_notranslate":false,"robots_max_snippet":null,"robots_max_videopreview":null,"robots_max_imagepreview":"large","priority":null,"frequency":null,"local_seo":null,"breadcrumb_settings":null,"limit_modified_date":false,"ai":null,"created":"2021-05-28 15:02:24","updated":"2023-04-24 16:03:49","focus_keyword":null,"additional_keywords":null,"truseo_locale":null,"seo_analyzer_scan_date":null},"aioseo_breadcrumb":"<div class=\"aioseo-breadcrumbs\"><span class=\"aioseo-breadcrumb\">\n\t\t\t<a href=\"https:\/\/www.cesde.com.br\/curso\" title=\"In\u00edcio\">In\u00edcio<\/a>\n\t\t<\/span><span class=\"aioseo-breadcrumb-separator\">&raquo;<\/span><span class=\"aioseo-breadcrumb\">\n\t\t\t<a href=\"https:\/\/www.cesde.com.br\/curso\/category\/noticias\/\" title=\"Blog\">Blog<\/a>\n\t\t<\/span><span class=\"aioseo-breadcrumb-separator\">&raquo;<\/span><span class=\"aioseo-breadcrumb\">\n\t\t\tPodcast n\u00ba 5 \u2013 TCC e Terapias da Terceira Onda\n\t\t<\/span><\/div>","aioseo_breadcrumb_json":[{"label":"In\u00edcio","link":"https:\/\/www.cesde.com.br\/curso"},{"label":"Blog","link":"https:\/\/www.cesde.com.br\/curso\/category\/noticias\/"},{"label":"Podcast n\u00ba 5 &#8211; TCC e Terapias da Terceira Onda","link":"https:\/\/www.cesde.com.br\/curso\/podcast-no-6-tcc-e-terapias-da-terceira-onda\/"}],"_links":{"self":[{"href":"https:\/\/www.cesde.com.br\/curso\/wp-json\/wp\/v2\/posts\/1931","targetHints":{"allow":["GET"]}}],"collection":[{"href":"https:\/\/www.cesde.com.br\/curso\/wp-json\/wp\/v2\/posts"}],"about":[{"href":"https:\/\/www.cesde.com.br\/curso\/wp-json\/wp\/v2\/types\/post"}],"author":[{"embeddable":true,"href":"https:\/\/www.cesde.com.br\/curso\/wp-json\/wp\/v2\/users\/3"}],"replies":[{"embeddable":true,"href":"https:\/\/www.cesde.com.br\/curso\/wp-json\/wp\/v2\/comments?post=1931"}],"version-history":[{"count":5,"href":"https:\/\/www.cesde.com.br\/curso\/wp-json\/wp\/v2\/posts\/1931\/revisions"}],"predecessor-version":[{"id":3108,"href":"https:\/\/www.cesde.com.br\/curso\/wp-json\/wp\/v2\/posts\/1931\/revisions\/3108"}],"wp:attachment":[{"href":"https:\/\/www.cesde.com.br\/curso\/wp-json\/wp\/v2\/media?parent=1931"}],"wp:term":[{"taxonomy":"category","embeddable":true,"href":"https:\/\/www.cesde.com.br\/curso\/wp-json\/wp\/v2\/categories?post=1931"},{"taxonomy":"post_tag","embeddable":true,"href":"https:\/\/www.cesde.com.br\/curso\/wp-json\/wp\/v2\/tags?post=1931"}],"curies":[{"name":"wp","href":"https:\/\/api.w.org\/{rel}","templated":true}]}}