{"id":1728,"date":"2014-09-01T18:52:19","date_gmt":"2014-09-01T18:52:19","guid":{"rendered":"http:\/\/www.cesde.com.br\/curso\/?p=1728"},"modified":"2014-10-08T15:09:23","modified_gmt":"2014-10-08T15:09:23","slug":"mindfulness-para-a-promocao-da-saude-em-minas-gerais","status":"publish","type":"post","link":"https:\/\/www.cesde.com.br\/curso\/mindfulness-para-a-promocao-da-saude-em-minas-gerais\/","title":{"rendered":"Mindfulness para a promo\u00e7\u00e3o da Sa\u00fade em Minas Gerais"},"content":{"rendered":"<h2>Grupos de Mindfulnes no Modelo MBSR (Mindfulness Based Stress Reduction) em Minas Gerias<\/h2>\n<h2 style=\"text-align: center;\"><\/h2>\n<h2 style=\"text-align: center;\"><span style=\"color: #ff0000;\">Inscri\u00e7\u00f5es encerradas!<\/span><\/h2>\n<p>&nbsp;<\/p>\n<p>Os alunos do Curso de Forma\u00e7\u00e3o em Mindfulness do CESDE estar\u00e3o oferecendo grupos de Mindfulness como parte da forma\u00e7\u00e3o. Ser\u00e3o oferecidos na modalidade de Grupo de 8 semanas, uma vez por semana. O N\u00famero de participantes por grupo \u00e9 de 8 a 12. Al\u00e9m de Belo Horizonte os grupos ser\u00e3o oferecidos em outras cidades; veja rela\u00e7\u00e3o abaixo. Para participar voc\u00ea dever\u00e1 ler atentamente os dados abaixo e depois fazer uma pr\u00e9 inscri\u00e7\u00e3o no formul\u00e1rio. Assim que datas e locais forem firmados os interessados ser\u00e3o convidados a efetuarem suas inscri\u00e7\u00f5es.<\/p>\n<p>&nbsp;<\/p>\n<p><strong>OBJETIVO:<\/strong> Oferecer \u00e0 comunidade a oportunidade de conhecer o programa de Mindfulness para promo\u00e7\u00e3o da sa\u00fade.<\/p>\n<p>&nbsp;<\/p>\n<p><strong>DURA\u00c7\u00c3O:<\/strong> 8 Semanas;<\/p>\n<p>&nbsp;<\/p>\n<p><strong>PERIODICIDADE:<\/strong> 1 encontro semanal;<\/p>\n<p>&nbsp;<\/p>\n<p><strong>DURA\u00c7\u00c3O DOS ENCONTROS:<\/strong> 2 horas<\/p>\n<p>&nbsp;<\/p>\n<p><strong>CIDADES:<\/strong><\/p>\n<ul>\n<li>Divin\u00f3polis<\/li>\n<li>Ub\u00e1<\/li>\n<li>Montes Claros<\/li>\n<li>Belo Horizonte<\/li>\n<li>Lagoa Santa<\/li>\n<li>Ipatinga<\/li>\n<li>Capelinha<\/li>\n<\/ul>\n<p>&nbsp;<\/p>\n<p><strong>INVESTIMENTO:<\/strong> Ser\u00e1 cobrada uma taxa \u00fanica de R$50,00 por participante para as 8 semanas.<\/p>\n<p>&nbsp;<\/p>\n<p><strong>INSCRI\u00c7\u00d5ES:<\/strong>\u00a0Encerradas!!!!<\/p>\n","protected":false},"excerpt":{"rendered":"<p>Grupos de Mindfulnes no Modelo MBSR (Mindfulness Based Stress Reduction) em Minas Gerias Inscri\u00e7\u00f5es encerradas! &nbsp; Os alunos do Curso de Forma\u00e7\u00e3o em Mindfulness do CESDE estar\u00e3o oferecendo grupos de Mindfulness como parte da forma\u00e7\u00e3o. Ser\u00e3o oferecidos na modalidade de Grupo de 8 semanas, uma vez por semana. O N\u00famero de participantes por grupo \u00e9 [&hellip;]<\/p>\n","protected":false},"author":3,"featured_media":0,"comment_status":"closed","ping_status":"closed","sticky":false,"template":"","format":"standard","meta":{"footnotes":""},"categories":[104],"tags":[25,197,200,194,43,201,202,44,195,199,196,198],"class_list":["post-1728","post","type-post","status-publish","format-standard","hentry","category-servicos","tag-belo-horizonte","tag-capelinha","tag-divinopolis","tag-grupo","tag-ipatinga","tag-lagoa-santa","tag-mbsr","tag-minas-gerais","tag-mindfulness","tag-montes-claros","tag-promocao-de-saude","tag-uba"],"aioseo_notices":[],"aioseo_head":"\n\t\t<!-- All in One SEO 5.0.0.1 - aioseo.com -->\n\t<meta name=\"description\" content=\"Os alunos do Curso de Forma\u00e7\u00e3o em Mindfulness do CESDE est\u00e3o oferecendo grupos de Mindfulness como parte da forma\u00e7\u00e3o na modalidade de Grupo de 8 semanas.\" \/>\n\t<meta name=\"robots\" content=\"max-image-preview:large\" \/>\n\t<meta name=\"author\" content=\"Admar Cardoso\"\/>\n\t<link rel=\"canonical\" href=\"https:\/\/www.cesde.com.br\/curso\/mindfulness-para-a-promocao-da-saude-em-minas-gerais\/\" \/>\n\t<meta name=\"generator\" content=\"All in One SEO (AIOSEO) 5.0.0.1\" \/>\n\t\t<meta property=\"og:locale\" content=\"pt_BR\" \/>\n\t\t<meta property=\"og:site_name\" content=\"CESDE - Centro de Estudos e Desenvolvimento Educacional | Cursos em Psicologia, Sa\u00fade Mental, Educa\u00e7\u00e3o e Tecnologia.\" \/>\n\t\t<meta property=\"og:type\" content=\"article\" \/>\n\t\t<meta property=\"og:title\" content=\"Mindfulness para a promo\u00e7\u00e3o da Sa\u00fade em Minas Gerais | CESDE - Centro de Estudos e Desenvolvimento Educacional\" \/>\n\t\t<meta property=\"og:description\" content=\"Os alunos do Curso de Forma\u00e7\u00e3o em Mindfulness do CESDE est\u00e3o oferecendo grupos de Mindfulness como parte da forma\u00e7\u00e3o na modalidade de Grupo de 8 semanas.\" \/>\n\t\t<meta property=\"og:url\" content=\"https:\/\/www.cesde.com.br\/curso\/mindfulness-para-a-promocao-da-saude-em-minas-gerais\/\" \/>\n\t\t<meta property=\"article:published_time\" content=\"2014-09-01T18:52:19+00:00\" \/>\n\t\t<meta property=\"article:modified_time\" content=\"2014-10-08T15:09:23+00:00\" \/>\n\t\t<meta name=\"twitter:card\" content=\"summary\" \/>\n\t\t<meta name=\"twitter:title\" content=\"Mindfulness para a promo\u00e7\u00e3o da Sa\u00fade em Minas Gerais | CESDE - Centro de Estudos e Desenvolvimento Educacional\" \/>\n\t\t<meta name=\"twitter:description\" content=\"Os alunos do Curso de Forma\u00e7\u00e3o em Mindfulness do CESDE est\u00e3o oferecendo grupos de Mindfulness como parte da forma\u00e7\u00e3o na modalidade de Grupo de 8 semanas.\" \/>\n\t\t<script type=\"application\/ld+json\" class=\"aioseo-schema\">\n\t\t\t{\"@context\":\"https:\\\/\\\/schema.org\",\"@graph\":[{\"@type\":\"Article\",\"@id\":\"https:\\\/\\\/www.cesde.com.br\\\/curso\\\/mindfulness-para-a-promocao-da-saude-em-minas-gerais\\\/#article\",\"name\":\"Mindfulness para a promo\\u00e7\\u00e3o da Sa\\u00fade em Minas Gerais | CESDE - Centro de Estudos e Desenvolvimento Educacional\",\"headline\":\"Mindfulness para a promo\\u00e7\\u00e3o da Sa\\u00fade em Minas Gerais\",\"author\":{\"@id\":\"https:\\\/\\\/www.cesde.com.br\\\/curso\\\/author\\\/admar-cardoso\\\/#author\"},\"publisher\":{\"@id\":\"https:\\\/\\\/www.cesde.com.br\\\/curso\\\/#organization\"},\"datePublished\":\"2014-09-01T18:52:19+00:00\",\"dateModified\":\"2014-10-08T15:09:23+00:00\",\"inLanguage\":\"pt-BR\",\"mainEntityOfPage\":{\"@id\":\"https:\\\/\\\/www.cesde.com.br\\\/curso\\\/mindfulness-para-a-promocao-da-saude-em-minas-gerais\\\/#webpage\"},\"isPartOf\":{\"@id\":\"https:\\\/\\\/www.cesde.com.br\\\/curso\\\/mindfulness-para-a-promocao-da-saude-em-minas-gerais\\\/#webpage\"},\"articleSection\":\"Servi\\u00e7os, Belo Horizonte, Capelinha, Divin\\u00f3polis, Grupo, ipatinga, Lagoa Santa, MBSR, minas gerais, Mindfulness, Montes Claros, Promo\\u00e7\\u00e3o de Sa\\u00fade, Ub\\u00e1\"},{\"@type\":\"BreadcrumbList\",\"@id\":\"https:\\\/\\\/www.cesde.com.br\\\/curso\\\/mindfulness-para-a-promocao-da-saude-em-minas-gerais\\\/#breadcrumblist\",\"itemListElement\":[{\"@type\":\"ListItem\",\"@id\":\"https:\\\/\\\/www.cesde.com.br\\\/curso#listItem\",\"position\":1,\"name\":\"In\\u00edcio\",\"item\":\"https:\\\/\\\/www.cesde.com.br\\\/curso\",\"nextItem\":{\"@type\":\"ListItem\",\"@id\":\"https:\\\/\\\/www.cesde.com.br\\\/curso\\\/category\\\/servicos\\\/#listItem\",\"name\":\"Servi\\u00e7os\"}},{\"@type\":\"ListItem\",\"@id\":\"https:\\\/\\\/www.cesde.com.br\\\/curso\\\/category\\\/servicos\\\/#listItem\",\"position\":2,\"name\":\"Servi\\u00e7os\",\"item\":\"https:\\\/\\\/www.cesde.com.br\\\/curso\\\/category\\\/servicos\\\/\",\"nextItem\":{\"@type\":\"ListItem\",\"@id\":\"https:\\\/\\\/www.cesde.com.br\\\/curso\\\/mindfulness-para-a-promocao-da-saude-em-minas-gerais\\\/#listItem\",\"name\":\"Mindfulness para a promo\\u00e7\\u00e3o da Sa\\u00fade em Minas Gerais\"},\"previousItem\":{\"@type\":\"ListItem\",\"@id\":\"https:\\\/\\\/www.cesde.com.br\\\/curso#listItem\",\"name\":\"In\\u00edcio\"}},{\"@type\":\"ListItem\",\"@id\":\"https:\\\/\\\/www.cesde.com.br\\\/curso\\\/mindfulness-para-a-promocao-da-saude-em-minas-gerais\\\/#listItem\",\"position\":3,\"name\":\"Mindfulness para a promo\\u00e7\\u00e3o da Sa\\u00fade em Minas Gerais\",\"previousItem\":{\"@type\":\"ListItem\",\"@id\":\"https:\\\/\\\/www.cesde.com.br\\\/curso\\\/category\\\/servicos\\\/#listItem\",\"name\":\"Servi\\u00e7os\"}}]},{\"@type\":\"Organization\",\"@id\":\"https:\\\/\\\/www.cesde.com.br\\\/curso\\\/#organization\",\"name\":\"CESDE - Centro de Estudos e Desenvolvimento Educacional\",\"description\":\"Cursos em Psicologia, Sa\\u00fade Mental, Educa\\u00e7\\u00e3o e Tecnologia.\",\"url\":\"https:\\\/\\\/www.cesde.com.br\\\/curso\\\/\"},{\"@type\":\"Person\",\"@id\":\"https:\\\/\\\/www.cesde.com.br\\\/curso\\\/author\\\/admar-cardoso\\\/#author\",\"url\":\"https:\\\/\\\/www.cesde.com.br\\\/curso\\\/author\\\/admar-cardoso\\\/\",\"name\":\"Admar Cardoso\"},{\"@type\":\"WebPage\",\"@id\":\"https:\\\/\\\/www.cesde.com.br\\\/curso\\\/mindfulness-para-a-promocao-da-saude-em-minas-gerais\\\/#webpage\",\"url\":\"https:\\\/\\\/www.cesde.com.br\\\/curso\\\/mindfulness-para-a-promocao-da-saude-em-minas-gerais\\\/\",\"name\":\"Mindfulness para a promo\\u00e7\\u00e3o da Sa\\u00fade em Minas Gerais | CESDE - Centro de Estudos e Desenvolvimento Educacional\",\"description\":\"Os alunos do Curso de Forma\\u00e7\\u00e3o em Mindfulness do CESDE est\\u00e3o oferecendo grupos de Mindfulness como parte da forma\\u00e7\\u00e3o na modalidade de Grupo de 8 semanas.\",\"inLanguage\":\"pt-BR\",\"isPartOf\":{\"@id\":\"https:\\\/\\\/www.cesde.com.br\\\/curso\\\/#website\"},\"breadcrumb\":{\"@id\":\"https:\\\/\\\/www.cesde.com.br\\\/curso\\\/mindfulness-para-a-promocao-da-saude-em-minas-gerais\\\/#breadcrumblist\"},\"author\":{\"@id\":\"https:\\\/\\\/www.cesde.com.br\\\/curso\\\/author\\\/admar-cardoso\\\/#author\"},\"creator\":{\"@id\":\"https:\\\/\\\/www.cesde.com.br\\\/curso\\\/author\\\/admar-cardoso\\\/#author\"},\"datePublished\":\"2014-09-01T18:52:19+00:00\",\"dateModified\":\"2014-10-08T15:09:23+00:00\"},{\"@type\":\"WebSite\",\"@id\":\"https:\\\/\\\/www.cesde.com.br\\\/curso\\\/#website\",\"url\":\"https:\\\/\\\/www.cesde.com.br\\\/curso\\\/\",\"name\":\"CESDE - Centro de Estudos e Desenvolvimento Educacional\",\"description\":\"Cursos em Psicologia, Sa\\u00fade Mental, Educa\\u00e7\\u00e3o e Tecnologia.\",\"inLanguage\":\"pt-BR\",\"publisher\":{\"@id\":\"https:\\\/\\\/www.cesde.com.br\\\/curso\\\/#organization\"}}]}\n\t\t<\/script>\n\t\t<!-- All in One SEO -->\n\n","aioseo_head_json":{"title":"Mindfulness para a promo\u00e7\u00e3o da Sa\u00fade em Minas Gerais | CESDE - Centro de Estudos e Desenvolvimento Educacional","description":"Os alunos do Curso de Forma\u00e7\u00e3o em Mindfulness do CESDE est\u00e3o oferecendo grupos de Mindfulness como parte da forma\u00e7\u00e3o na modalidade de Grupo de 8 semanas.","canonical_url":"https:\/\/www.cesde.com.br\/curso\/mindfulness-para-a-promocao-da-saude-em-minas-gerais\/","robots":"max-image-preview:large","keywords":"","webmasterTools":{"miscellaneous":""},"schema":{"@context":"https:\/\/schema.org","@graph":[{"@type":"Article","@id":"https:\/\/www.cesde.com.br\/curso\/mindfulness-para-a-promocao-da-saude-em-minas-gerais\/#article","name":"Mindfulness para a promo\u00e7\u00e3o da Sa\u00fade em Minas Gerais | CESDE - Centro de Estudos e Desenvolvimento Educacional","headline":"Mindfulness para a promo\u00e7\u00e3o da Sa\u00fade em Minas Gerais","author":{"@id":"https:\/\/www.cesde.com.br\/curso\/author\/admar-cardoso\/#author"},"publisher":{"@id":"https:\/\/www.cesde.com.br\/curso\/#organization"},"datePublished":"2014-09-01T18:52:19+00:00","dateModified":"2014-10-08T15:09:23+00:00","inLanguage":"pt-BR","mainEntityOfPage":{"@id":"https:\/\/www.cesde.com.br\/curso\/mindfulness-para-a-promocao-da-saude-em-minas-gerais\/#webpage"},"isPartOf":{"@id":"https:\/\/www.cesde.com.br\/curso\/mindfulness-para-a-promocao-da-saude-em-minas-gerais\/#webpage"},"articleSection":"Servi\u00e7os, Belo Horizonte, Capelinha, Divin\u00f3polis, Grupo, ipatinga, Lagoa Santa, MBSR, minas gerais, Mindfulness, Montes Claros, Promo\u00e7\u00e3o de Sa\u00fade, Ub\u00e1"},{"@type":"BreadcrumbList","@id":"https:\/\/www.cesde.com.br\/curso\/mindfulness-para-a-promocao-da-saude-em-minas-gerais\/#breadcrumblist","itemListElement":[{"@type":"ListItem","@id":"https:\/\/www.cesde.com.br\/curso#listItem","position":1,"name":"In\u00edcio","item":"https:\/\/www.cesde.com.br\/curso","nextItem":{"@type":"ListItem","@id":"https:\/\/www.cesde.com.br\/curso\/category\/servicos\/#listItem","name":"Servi\u00e7os"}},{"@type":"ListItem","@id":"https:\/\/www.cesde.com.br\/curso\/category\/servicos\/#listItem","position":2,"name":"Servi\u00e7os","item":"https:\/\/www.cesde.com.br\/curso\/category\/servicos\/","nextItem":{"@type":"ListItem","@id":"https:\/\/www.cesde.com.br\/curso\/mindfulness-para-a-promocao-da-saude-em-minas-gerais\/#listItem","name":"Mindfulness para a promo\u00e7\u00e3o da Sa\u00fade em Minas Gerais"},"previousItem":{"@type":"ListItem","@id":"https:\/\/www.cesde.com.br\/curso#listItem","name":"In\u00edcio"}},{"@type":"ListItem","@id":"https:\/\/www.cesde.com.br\/curso\/mindfulness-para-a-promocao-da-saude-em-minas-gerais\/#listItem","position":3,"name":"Mindfulness para a promo\u00e7\u00e3o da Sa\u00fade em Minas Gerais","previousItem":{"@type":"ListItem","@id":"https:\/\/www.cesde.com.br\/curso\/category\/servicos\/#listItem","name":"Servi\u00e7os"}}]},{"@type":"Organization","@id":"https:\/\/www.cesde.com.br\/curso\/#organization","name":"CESDE - Centro de Estudos e Desenvolvimento Educacional","description":"Cursos em Psicologia, Sa\u00fade Mental, Educa\u00e7\u00e3o e Tecnologia.","url":"https:\/\/www.cesde.com.br\/curso\/"},{"@type":"Person","@id":"https:\/\/www.cesde.com.br\/curso\/author\/admar-cardoso\/#author","url":"https:\/\/www.cesde.com.br\/curso\/author\/admar-cardoso\/","name":"Admar Cardoso"},{"@type":"WebPage","@id":"https:\/\/www.cesde.com.br\/curso\/mindfulness-para-a-promocao-da-saude-em-minas-gerais\/#webpage","url":"https:\/\/www.cesde.com.br\/curso\/mindfulness-para-a-promocao-da-saude-em-minas-gerais\/","name":"Mindfulness para a promo\u00e7\u00e3o da Sa\u00fade em Minas Gerais | CESDE - Centro de Estudos e Desenvolvimento Educacional","description":"Os alunos do Curso de Forma\u00e7\u00e3o em Mindfulness do CESDE est\u00e3o oferecendo grupos de Mindfulness como parte da forma\u00e7\u00e3o na modalidade de Grupo de 8 semanas.","inLanguage":"pt-BR","isPartOf":{"@id":"https:\/\/www.cesde.com.br\/curso\/#website"},"breadcrumb":{"@id":"https:\/\/www.cesde.com.br\/curso\/mindfulness-para-a-promocao-da-saude-em-minas-gerais\/#breadcrumblist"},"author":{"@id":"https:\/\/www.cesde.com.br\/curso\/author\/admar-cardoso\/#author"},"creator":{"@id":"https:\/\/www.cesde.com.br\/curso\/author\/admar-cardoso\/#author"},"datePublished":"2014-09-01T18:52:19+00:00","dateModified":"2014-10-08T15:09:23+00:00"},{"@type":"WebSite","@id":"https:\/\/www.cesde.com.br\/curso\/#website","url":"https:\/\/www.cesde.com.br\/curso\/","name":"CESDE - Centro de Estudos e Desenvolvimento Educacional","description":"Cursos em Psicologia, Sa\u00fade Mental, Educa\u00e7\u00e3o e Tecnologia.","inLanguage":"pt-BR","publisher":{"@id":"https:\/\/www.cesde.com.br\/curso\/#organization"}}]},"og:locale":"pt_BR","og:site_name":"CESDE - Centro de Estudos e Desenvolvimento Educacional | Cursos em Psicologia, Sa\u00fade Mental, Educa\u00e7\u00e3o e Tecnologia.","og:type":"article","og:title":"Mindfulness para a promo\u00e7\u00e3o da Sa\u00fade em Minas Gerais | CESDE - Centro de Estudos e Desenvolvimento Educacional","og:description":"Os alunos do Curso de Forma\u00e7\u00e3o em Mindfulness do CESDE est\u00e3o oferecendo grupos de Mindfulness como parte da forma\u00e7\u00e3o na modalidade de Grupo de 8 semanas.","og:url":"https:\/\/www.cesde.com.br\/curso\/mindfulness-para-a-promocao-da-saude-em-minas-gerais\/","article:published_time":"2014-09-01T18:52:19+00:00","article:modified_time":"2014-10-08T15:09:23+00:00","twitter:card":"summary","twitter:title":"Mindfulness para a promo\u00e7\u00e3o da Sa\u00fade em Minas Gerais | CESDE - Centro de Estudos e Desenvolvimento Educacional","twitter:description":"Os alunos do Curso de Forma\u00e7\u00e3o em Mindfulness do CESDE est\u00e3o oferecendo grupos de Mindfulness como parte da forma\u00e7\u00e3o na modalidade de Grupo de 8 semanas."},"aioseo_meta_data":{"post_id":"1728","title":"Mindfulness para a promo\u00e7\u00e3o da Sa\u00fade em Minas Gerais | #site_title","description":"Os alunos do Curso de Forma\u00e7\u00e3o em Mindfulness do CESDE est\u00e3o oferecendo grupos de Mindfulness como parte da forma\u00e7\u00e3o na modalidade de Grupo de 8 semanas.","keywords":[{"label":"Grupo","value":"Grupo"},{"label":"Mindfulness","value":"Mindfulness"},{"label":"Promo\u00e7\u00e3o de Sa\u00fade","value":"Promo\u00e7\u00e3o de Sa\u00fade"},{"label":"Belo Horizonte","value":"Belo Horizonte"},{"label":"Capelinha","value":"Capelinha"},{"label":"Ipatinga","value":"Ipatinga"},{"label":"Ub\u00e1","value":"Ub\u00e1"},{"label":"Montes Claros","value":"Montes Claros"},{"label":"Divin\u00f3polis","value":"Divin\u00f3polis"},{"label":"Lagoa Santa","value":"Lagoa Santa"},{"label":"Minas Gerais","value":"Minas Gerais"},{"label":"MBSR","value":"MBSR"},{"label":"","value":""}],"keyphrases":null,"primary_term":null,"canonical_url":null,"og_title":null,"og_description":null,"og_object_type":"default","og_image_type":"default","og_image_url":null,"og_image_width":null,"og_image_height":null,"og_image_custom_url":null,"og_image_custom_fields":null,"og_video":null,"og_custom_url":null,"og_article_section":null,"og_article_tags":null,"twitter_use_og":false,"twitter_card":"default","twitter_image_type":"default","twitter_image_url":null,"twitter_image_custom_url":null,"twitter_image_custom_fields":null,"twitter_title":null,"twitter_description":null,"schema":{"blockGraphs":[],"customGraphs":[],"default":{"data":{"Article":[],"Course":[],"Dataset":[],"FAQPage":[],"Movie":[],"Person":[],"Product":[],"ProductReview":[],"Car":[],"Recipe":[],"Service":[],"SoftwareApplication":[],"WebPage":[]},"graphName":"Article","isEnabled":true},"graphs":[]},"schema_type":null,"schema_type_options":null,"pillar_content":false,"robots_default":true,"robots_noindex":false,"robots_noarchive":false,"robots_nosnippet":false,"robots_nofollow":false,"robots_noimageindex":false,"robots_noodp":false,"robots_notranslate":false,"robots_max_snippet":null,"robots_max_videopreview":null,"robots_max_imagepreview":"large","priority":null,"frequency":null,"local_seo":null,"breadcrumb_settings":null,"limit_modified_date":false,"ai":null,"created":"2021-05-28 15:03:26","updated":"2023-03-04 08:10:05","focus_keyword":null,"additional_keywords":null,"truseo_locale":null,"seo_analyzer_scan_date":null},"aioseo_breadcrumb":"<div class=\"aioseo-breadcrumbs\"><span class=\"aioseo-breadcrumb\">\n\t\t\t<a href=\"https:\/\/www.cesde.com.br\/curso\" title=\"In\u00edcio\">In\u00edcio<\/a>\n\t\t<\/span><span class=\"aioseo-breadcrumb-separator\">&raquo;<\/span><span class=\"aioseo-breadcrumb\">\n\t\t\t<a href=\"https:\/\/www.cesde.com.br\/curso\/category\/servicos\/\" title=\"Servi\u00e7os\">Servi\u00e7os<\/a>\n\t\t<\/span><span class=\"aioseo-breadcrumb-separator\">&raquo;<\/span><span class=\"aioseo-breadcrumb\">\n\t\t\tMindfulness para a promo\u00e7\u00e3o da Sa\u00fade em Minas Gerais\n\t\t<\/span><\/div>","aioseo_breadcrumb_json":[{"label":"In\u00edcio","link":"https:\/\/www.cesde.com.br\/curso"},{"label":"Servi\u00e7os","link":"https:\/\/www.cesde.com.br\/curso\/category\/servicos\/"},{"label":"Mindfulness para a promo\u00e7\u00e3o da Sa\u00fade em Minas Gerais","link":"https:\/\/www.cesde.com.br\/curso\/mindfulness-para-a-promocao-da-saude-em-minas-gerais\/"}],"_links":{"self":[{"href":"https:\/\/www.cesde.com.br\/curso\/wp-json\/wp\/v2\/posts\/1728","targetHints":{"allow":["GET"]}}],"collection":[{"href":"https:\/\/www.cesde.com.br\/curso\/wp-json\/wp\/v2\/posts"}],"about":[{"href":"https:\/\/www.cesde.com.br\/curso\/wp-json\/wp\/v2\/types\/post"}],"author":[{"embeddable":true,"href":"https:\/\/www.cesde.com.br\/curso\/wp-json\/wp\/v2\/users\/3"}],"replies":[{"embeddable":true,"href":"https:\/\/www.cesde.com.br\/curso\/wp-json\/wp\/v2\/comments?post=1728"}],"version-history":[{"count":5,"href":"https:\/\/www.cesde.com.br\/curso\/wp-json\/wp\/v2\/posts\/1728\/revisions"}],"predecessor-version":[{"id":1730,"href":"https:\/\/www.cesde.com.br\/curso\/wp-json\/wp\/v2\/posts\/1728\/revisions\/1730"}],"wp:attachment":[{"href":"https:\/\/www.cesde.com.br\/curso\/wp-json\/wp\/v2\/media?parent=1728"}],"wp:term":[{"taxonomy":"category","embeddable":true,"href":"https:\/\/www.cesde.com.br\/curso\/wp-json\/wp\/v2\/categories?post=1728"},{"taxonomy":"post_tag","embeddable":true,"href":"https:\/\/www.cesde.com.br\/curso\/wp-json\/wp\/v2\/tags?post=1728"}],"curies":[{"name":"wp","href":"https:\/\/api.w.org\/{rel}","templated":true}]}}