{"id":1329,"date":"2013-10-10T21:27:02","date_gmt":"2013-10-10T21:27:02","guid":{"rendered":"http:\/\/www.cesde.com.br\/curso\/?p=1329"},"modified":"2013-10-15T17:43:12","modified_gmt":"2013-10-15T17:43:12","slug":"podcast-sobre-mindfulness","status":"publish","type":"post","link":"https:\/\/www.cesde.com.br\/curso\/podcast-sobre-mindfulness\/","title":{"rendered":"Podcast sobre Mindfulness"},"content":{"rendered":"<p>Este \u00e9 o segundo epis\u00f3dio do nosso podcast. Vamos conversar com o prof. Marcelo Demarzo sobre Mindfulness. Voc\u00ea sabe o que \u00e9 Mindfulness? Onde surgiu, quem criou, quais transtornos podemos tratar com Mindfulness? Voc\u00ea sabe como \u00e9 a forma\u00e7\u00e3o de um Terapeuta em Mindfulness?<br \/>\nPara este podcast n\u00f3s convidamos o Prof Marcelo Demarzo, M\u00e9dico, Prof da Faculdade de medicina da unifesp que est\u00e1 fazendo seu p\u00f3s doutoramento em Zaragoza \/ Espanha em Mindfulness.<\/p>\n<p><span style=\"color: #ff0000;\"><strong>OBS:<\/strong><\/span> A m\u00fasica do Deep Purple n\u00e3o tem nada a ver com o Mindfulness. Era apenas a m\u00fasica que eu estava ouvindo enquanto esperava o professor.<\/p>\n<p>&nbsp;<\/p>\n<p><center><iframe loading=\"lazy\" src=\"http:\/\/cesde.podomatic.com\/embed\/frame\/posting\/2013-10-10T14_23_45-07_00?json_url=http%3A%2F%2Fcesde.podomatic.com%2Fentry%2Fembed_params%2F2013-10-10T14_23_45-07_00%3Fcolor%3Def3435%26autoPlay%3Dfalse%26width%3D440%26height%3D85%26objembed%3D0\" frameborder=\"0\" marginwidth=\"0\" marginheight=\"0\" scrolling=\"no\" width=\"440\" height=\"85\"><\/iframe><\/center>&nbsp;<\/p>\n<p>&nbsp;<\/p>\n<p>Voc\u00ea deseja fazer sua forma\u00e7\u00e3o em Mindfulness? Veja abaixo onde fazer:<\/p>\n<p>&nbsp;<\/p>\n<p><a title=\"Forma\u00e7\u00e3o em Mindfulness em Belo Horizonte\" href=\"http:\/\/www.cesde.com.br\/curso\/cursos\/curso-de-formacao-em-mindfulness-em-belo-horizonte\/\">Belo Horizonte \/ MG<\/a><\/p>\n<p>&nbsp;<\/p>\n<p><a title=\"Forma\u00e7\u00e3o em Mindfulness em S\u00e3o Paulo\" href=\"http:\/\/www.cesde.com.br\/curso\/cursos\/formacao-em-mindfulness-em-sao-paulo-modulo-basico\/\">S\u00e3o Paulo \/ SP<\/a><\/p>\n<p>&nbsp;<\/p>\n<p>&#8230;<\/p>\n","protected":false},"excerpt":{"rendered":"<p>Este \u00e9 o segundo epis\u00f3dio do nosso podcast. Vamos conversar com o prof. Marcelo Demarzo sobre Mindfulness. Voc\u00ea sabe o que \u00e9 Mindfulness? Onde surgiu, quem criou, quais transtornos podemos tratar com Mindfulness? Voc\u00ea sabe como \u00e9 a forma\u00e7\u00e3o de um Terapeuta em Mindfulness? Para este podcast n\u00f3s convidamos o Prof Marcelo Demarzo, M\u00e9dico, Prof [&hellip;]<\/p>\n","protected":false},"author":3,"featured_media":0,"comment_status":"closed","ping_status":"closed","sticky":false,"template":"","format":"standard","meta":{"footnotes":""},"categories":[5],"tags":[],"class_list":["post-1329","post","type-post","status-publish","format-standard","hentry","category-noticias"],"aioseo_notices":[],"aioseo_head":"\n\t\t<!-- All in One SEO 5.0.0.1 - aioseo.com -->\n\t<meta name=\"robots\" content=\"max-image-preview:large\" \/>\n\t<meta name=\"author\" content=\"Admar Cardoso\"\/>\n\t<link rel=\"canonical\" href=\"https:\/\/www.cesde.com.br\/curso\/podcast-sobre-mindfulness\/\" \/>\n\t<meta name=\"generator\" content=\"All in One SEO (AIOSEO) 5.0.0.1\" \/>\n\t\t<meta property=\"og:locale\" content=\"pt_BR\" \/>\n\t\t<meta property=\"og:site_name\" content=\"CESDE - Centro de Estudos e Desenvolvimento Educacional | Cursos em Psicologia, Sa\u00fade Mental, Educa\u00e7\u00e3o e Tecnologia.\" \/>\n\t\t<meta property=\"og:type\" content=\"article\" \/>\n\t\t<meta property=\"og:title\" content=\"Podcast sobre Mindfulness | CESDE - Centro de Estudos e Desenvolvimento Educacional\" \/>\n\t\t<meta property=\"og:url\" content=\"https:\/\/www.cesde.com.br\/curso\/podcast-sobre-mindfulness\/\" \/>\n\t\t<meta property=\"article:published_time\" content=\"2013-10-10T21:27:02+00:00\" \/>\n\t\t<meta property=\"article:modified_time\" content=\"2013-10-15T17:43:12+00:00\" \/>\n\t\t<meta name=\"twitter:card\" content=\"summary\" \/>\n\t\t<meta name=\"twitter:title\" content=\"Podcast sobre Mindfulness | CESDE - Centro de Estudos e Desenvolvimento Educacional\" \/>\n\t\t<script type=\"application\/ld+json\" class=\"aioseo-schema\">\n\t\t\t{\"@context\":\"https:\\\/\\\/schema.org\",\"@graph\":[{\"@type\":\"Article\",\"@id\":\"https:\\\/\\\/www.cesde.com.br\\\/curso\\\/podcast-sobre-mindfulness\\\/#article\",\"name\":\"Podcast sobre Mindfulness | CESDE - Centro de Estudos e Desenvolvimento Educacional\",\"headline\":\"Podcast sobre Mindfulness\",\"author\":{\"@id\":\"https:\\\/\\\/www.cesde.com.br\\\/curso\\\/author\\\/admar-cardoso\\\/#author\"},\"publisher\":{\"@id\":\"https:\\\/\\\/www.cesde.com.br\\\/curso\\\/#organization\"},\"datePublished\":\"2013-10-10T21:27:02+00:00\",\"dateModified\":\"2013-10-15T17:43:12+00:00\",\"inLanguage\":\"pt-BR\",\"mainEntityOfPage\":{\"@id\":\"https:\\\/\\\/www.cesde.com.br\\\/curso\\\/podcast-sobre-mindfulness\\\/#webpage\"},\"isPartOf\":{\"@id\":\"https:\\\/\\\/www.cesde.com.br\\\/curso\\\/podcast-sobre-mindfulness\\\/#webpage\"},\"articleSection\":\"Blog\"},{\"@type\":\"BreadcrumbList\",\"@id\":\"https:\\\/\\\/www.cesde.com.br\\\/curso\\\/podcast-sobre-mindfulness\\\/#breadcrumblist\",\"itemListElement\":[{\"@type\":\"ListItem\",\"@id\":\"https:\\\/\\\/www.cesde.com.br\\\/curso#listItem\",\"position\":1,\"name\":\"In\\u00edcio\",\"item\":\"https:\\\/\\\/www.cesde.com.br\\\/curso\",\"nextItem\":{\"@type\":\"ListItem\",\"@id\":\"https:\\\/\\\/www.cesde.com.br\\\/curso\\\/category\\\/noticias\\\/#listItem\",\"name\":\"Blog\"}},{\"@type\":\"ListItem\",\"@id\":\"https:\\\/\\\/www.cesde.com.br\\\/curso\\\/category\\\/noticias\\\/#listItem\",\"position\":2,\"name\":\"Blog\",\"item\":\"https:\\\/\\\/www.cesde.com.br\\\/curso\\\/category\\\/noticias\\\/\",\"nextItem\":{\"@type\":\"ListItem\",\"@id\":\"https:\\\/\\\/www.cesde.com.br\\\/curso\\\/podcast-sobre-mindfulness\\\/#listItem\",\"name\":\"Podcast sobre Mindfulness\"},\"previousItem\":{\"@type\":\"ListItem\",\"@id\":\"https:\\\/\\\/www.cesde.com.br\\\/curso#listItem\",\"name\":\"In\\u00edcio\"}},{\"@type\":\"ListItem\",\"@id\":\"https:\\\/\\\/www.cesde.com.br\\\/curso\\\/podcast-sobre-mindfulness\\\/#listItem\",\"position\":3,\"name\":\"Podcast sobre Mindfulness\",\"previousItem\":{\"@type\":\"ListItem\",\"@id\":\"https:\\\/\\\/www.cesde.com.br\\\/curso\\\/category\\\/noticias\\\/#listItem\",\"name\":\"Blog\"}}]},{\"@type\":\"Organization\",\"@id\":\"https:\\\/\\\/www.cesde.com.br\\\/curso\\\/#organization\",\"name\":\"CESDE - Centro de Estudos e Desenvolvimento Educacional\",\"description\":\"Cursos em Psicologia, Sa\\u00fade Mental, Educa\\u00e7\\u00e3o e Tecnologia.\",\"url\":\"https:\\\/\\\/www.cesde.com.br\\\/curso\\\/\"},{\"@type\":\"Person\",\"@id\":\"https:\\\/\\\/www.cesde.com.br\\\/curso\\\/author\\\/admar-cardoso\\\/#author\",\"url\":\"https:\\\/\\\/www.cesde.com.br\\\/curso\\\/author\\\/admar-cardoso\\\/\",\"name\":\"Admar Cardoso\"},{\"@type\":\"WebPage\",\"@id\":\"https:\\\/\\\/www.cesde.com.br\\\/curso\\\/podcast-sobre-mindfulness\\\/#webpage\",\"url\":\"https:\\\/\\\/www.cesde.com.br\\\/curso\\\/podcast-sobre-mindfulness\\\/\",\"name\":\"Podcast sobre Mindfulness | CESDE - Centro de Estudos e Desenvolvimento Educacional\",\"inLanguage\":\"pt-BR\",\"isPartOf\":{\"@id\":\"https:\\\/\\\/www.cesde.com.br\\\/curso\\\/#website\"},\"breadcrumb\":{\"@id\":\"https:\\\/\\\/www.cesde.com.br\\\/curso\\\/podcast-sobre-mindfulness\\\/#breadcrumblist\"},\"author\":{\"@id\":\"https:\\\/\\\/www.cesde.com.br\\\/curso\\\/author\\\/admar-cardoso\\\/#author\"},\"creator\":{\"@id\":\"https:\\\/\\\/www.cesde.com.br\\\/curso\\\/author\\\/admar-cardoso\\\/#author\"},\"datePublished\":\"2013-10-10T21:27:02+00:00\",\"dateModified\":\"2013-10-15T17:43:12+00:00\"},{\"@type\":\"WebSite\",\"@id\":\"https:\\\/\\\/www.cesde.com.br\\\/curso\\\/#website\",\"url\":\"https:\\\/\\\/www.cesde.com.br\\\/curso\\\/\",\"name\":\"CESDE - Centro de Estudos e Desenvolvimento Educacional\",\"description\":\"Cursos em Psicologia, Sa\\u00fade Mental, Educa\\u00e7\\u00e3o e Tecnologia.\",\"inLanguage\":\"pt-BR\",\"publisher\":{\"@id\":\"https:\\\/\\\/www.cesde.com.br\\\/curso\\\/#organization\"}}]}\n\t\t<\/script>\n\t\t<!-- All in One SEO -->\n\n","aioseo_head_json":{"title":"Podcast sobre Mindfulness | CESDE - Centro de Estudos e Desenvolvimento Educacional","description":"","canonical_url":"https:\/\/www.cesde.com.br\/curso\/podcast-sobre-mindfulness\/","robots":"max-image-preview:large","keywords":"","webmasterTools":{"miscellaneous":""},"schema":{"@context":"https:\/\/schema.org","@graph":[{"@type":"Article","@id":"https:\/\/www.cesde.com.br\/curso\/podcast-sobre-mindfulness\/#article","name":"Podcast sobre Mindfulness | CESDE - Centro de Estudos e Desenvolvimento Educacional","headline":"Podcast sobre Mindfulness","author":{"@id":"https:\/\/www.cesde.com.br\/curso\/author\/admar-cardoso\/#author"},"publisher":{"@id":"https:\/\/www.cesde.com.br\/curso\/#organization"},"datePublished":"2013-10-10T21:27:02+00:00","dateModified":"2013-10-15T17:43:12+00:00","inLanguage":"pt-BR","mainEntityOfPage":{"@id":"https:\/\/www.cesde.com.br\/curso\/podcast-sobre-mindfulness\/#webpage"},"isPartOf":{"@id":"https:\/\/www.cesde.com.br\/curso\/podcast-sobre-mindfulness\/#webpage"},"articleSection":"Blog"},{"@type":"BreadcrumbList","@id":"https:\/\/www.cesde.com.br\/curso\/podcast-sobre-mindfulness\/#breadcrumblist","itemListElement":[{"@type":"ListItem","@id":"https:\/\/www.cesde.com.br\/curso#listItem","position":1,"name":"In\u00edcio","item":"https:\/\/www.cesde.com.br\/curso","nextItem":{"@type":"ListItem","@id":"https:\/\/www.cesde.com.br\/curso\/category\/noticias\/#listItem","name":"Blog"}},{"@type":"ListItem","@id":"https:\/\/www.cesde.com.br\/curso\/category\/noticias\/#listItem","position":2,"name":"Blog","item":"https:\/\/www.cesde.com.br\/curso\/category\/noticias\/","nextItem":{"@type":"ListItem","@id":"https:\/\/www.cesde.com.br\/curso\/podcast-sobre-mindfulness\/#listItem","name":"Podcast sobre Mindfulness"},"previousItem":{"@type":"ListItem","@id":"https:\/\/www.cesde.com.br\/curso#listItem","name":"In\u00edcio"}},{"@type":"ListItem","@id":"https:\/\/www.cesde.com.br\/curso\/podcast-sobre-mindfulness\/#listItem","position":3,"name":"Podcast sobre Mindfulness","previousItem":{"@type":"ListItem","@id":"https:\/\/www.cesde.com.br\/curso\/category\/noticias\/#listItem","name":"Blog"}}]},{"@type":"Organization","@id":"https:\/\/www.cesde.com.br\/curso\/#organization","name":"CESDE - Centro de Estudos e Desenvolvimento Educacional","description":"Cursos em Psicologia, Sa\u00fade Mental, Educa\u00e7\u00e3o e Tecnologia.","url":"https:\/\/www.cesde.com.br\/curso\/"},{"@type":"Person","@id":"https:\/\/www.cesde.com.br\/curso\/author\/admar-cardoso\/#author","url":"https:\/\/www.cesde.com.br\/curso\/author\/admar-cardoso\/","name":"Admar Cardoso"},{"@type":"WebPage","@id":"https:\/\/www.cesde.com.br\/curso\/podcast-sobre-mindfulness\/#webpage","url":"https:\/\/www.cesde.com.br\/curso\/podcast-sobre-mindfulness\/","name":"Podcast sobre Mindfulness | CESDE - Centro de Estudos e Desenvolvimento Educacional","inLanguage":"pt-BR","isPartOf":{"@id":"https:\/\/www.cesde.com.br\/curso\/#website"},"breadcrumb":{"@id":"https:\/\/www.cesde.com.br\/curso\/podcast-sobre-mindfulness\/#breadcrumblist"},"author":{"@id":"https:\/\/www.cesde.com.br\/curso\/author\/admar-cardoso\/#author"},"creator":{"@id":"https:\/\/www.cesde.com.br\/curso\/author\/admar-cardoso\/#author"},"datePublished":"2013-10-10T21:27:02+00:00","dateModified":"2013-10-15T17:43:12+00:00"},{"@type":"WebSite","@id":"https:\/\/www.cesde.com.br\/curso\/#website","url":"https:\/\/www.cesde.com.br\/curso\/","name":"CESDE - Centro de Estudos e Desenvolvimento Educacional","description":"Cursos em Psicologia, Sa\u00fade Mental, Educa\u00e7\u00e3o e Tecnologia.","inLanguage":"pt-BR","publisher":{"@id":"https:\/\/www.cesde.com.br\/curso\/#organization"}}]},"og:locale":"pt_BR","og:site_name":"CESDE - Centro de Estudos e Desenvolvimento Educacional | Cursos em Psicologia, Sa\u00fade Mental, Educa\u00e7\u00e3o e Tecnologia.","og:type":"article","og:title":"Podcast sobre Mindfulness | CESDE - Centro de Estudos e Desenvolvimento Educacional","og:url":"https:\/\/www.cesde.com.br\/curso\/podcast-sobre-mindfulness\/","article:published_time":"2013-10-10T21:27:02+00:00","article:modified_time":"2013-10-15T17:43:12+00:00","twitter:card":"summary","twitter:title":"Podcast sobre Mindfulness | CESDE - Centro de Estudos e Desenvolvimento Educacional"},"aioseo_meta_data":{"post_id":"1329","title":null,"description":null,"keywords":null,"keyphrases":null,"primary_term":null,"canonical_url":null,"og_title":null,"og_description":null,"og_object_type":"default","og_image_type":"default","og_image_url":null,"og_image_width":null,"og_image_height":null,"og_image_custom_url":null,"og_image_custom_fields":null,"og_video":null,"og_custom_url":null,"og_article_section":null,"og_article_tags":null,"twitter_use_og":false,"twitter_card":"default","twitter_image_type":"default","twitter_image_url":null,"twitter_image_custom_url":null,"twitter_image_custom_fields":null,"twitter_title":null,"twitter_description":null,"schema":{"blockGraphs":[],"customGraphs":[],"default":{"data":{"Article":[],"Course":[],"Dataset":[],"FAQPage":[],"Movie":[],"Person":[],"Product":[],"ProductReview":[],"Car":[],"Recipe":[],"Service":[],"SoftwareApplication":[],"WebPage":[]},"graphName":"Article","isEnabled":true},"graphs":[]},"schema_type":null,"schema_type_options":null,"pillar_content":false,"robots_default":true,"robots_noindex":false,"robots_noarchive":false,"robots_nosnippet":false,"robots_nofollow":false,"robots_noimageindex":false,"robots_noodp":false,"robots_notranslate":false,"robots_max_snippet":null,"robots_max_videopreview":null,"robots_max_imagepreview":"large","priority":null,"frequency":null,"local_seo":null,"breadcrumb_settings":null,"limit_modified_date":false,"ai":null,"created":"2021-05-28 15:03:26","updated":"2023-04-15 07:58:51","focus_keyword":null,"additional_keywords":null,"truseo_locale":null,"seo_analyzer_scan_date":null},"aioseo_breadcrumb":"<div class=\"aioseo-breadcrumbs\"><span class=\"aioseo-breadcrumb\">\n\t\t\t<a href=\"https:\/\/www.cesde.com.br\/curso\" title=\"In\u00edcio\">In\u00edcio<\/a>\n\t\t<\/span><span class=\"aioseo-breadcrumb-separator\">&raquo;<\/span><span class=\"aioseo-breadcrumb\">\n\t\t\t<a href=\"https:\/\/www.cesde.com.br\/curso\/category\/noticias\/\" title=\"Blog\">Blog<\/a>\n\t\t<\/span><span class=\"aioseo-breadcrumb-separator\">&raquo;<\/span><span class=\"aioseo-breadcrumb\">\n\t\t\tPodcast sobre Mindfulness\n\t\t<\/span><\/div>","aioseo_breadcrumb_json":[{"label":"In\u00edcio","link":"https:\/\/www.cesde.com.br\/curso"},{"label":"Blog","link":"https:\/\/www.cesde.com.br\/curso\/category\/noticias\/"},{"label":"Podcast sobre Mindfulness","link":"https:\/\/www.cesde.com.br\/curso\/podcast-sobre-mindfulness\/"}],"_links":{"self":[{"href":"https:\/\/www.cesde.com.br\/curso\/wp-json\/wp\/v2\/posts\/1329","targetHints":{"allow":["GET"]}}],"collection":[{"href":"https:\/\/www.cesde.com.br\/curso\/wp-json\/wp\/v2\/posts"}],"about":[{"href":"https:\/\/www.cesde.com.br\/curso\/wp-json\/wp\/v2\/types\/post"}],"author":[{"embeddable":true,"href":"https:\/\/www.cesde.com.br\/curso\/wp-json\/wp\/v2\/users\/3"}],"replies":[{"embeddable":true,"href":"https:\/\/www.cesde.com.br\/curso\/wp-json\/wp\/v2\/comments?post=1329"}],"version-history":[{"count":5,"href":"https:\/\/www.cesde.com.br\/curso\/wp-json\/wp\/v2\/posts\/1329\/revisions"}],"predecessor-version":[{"id":1349,"href":"https:\/\/www.cesde.com.br\/curso\/wp-json\/wp\/v2\/posts\/1329\/revisions\/1349"}],"wp:attachment":[{"href":"https:\/\/www.cesde.com.br\/curso\/wp-json\/wp\/v2\/media?parent=1329"}],"wp:term":[{"taxonomy":"category","embeddable":true,"href":"https:\/\/www.cesde.com.br\/curso\/wp-json\/wp\/v2\/categories?post=1329"},{"taxonomy":"post_tag","embeddable":true,"href":"https:\/\/www.cesde.com.br\/curso\/wp-json\/wp\/v2\/tags?post=1329"}],"curies":[{"name":"wp","href":"https:\/\/api.w.org\/{rel}","templated":true}]}}