{"id":13163,"date":"2023-08-16T14:04:33","date_gmt":"2023-08-16T14:04:33","guid":{"rendered":"https:\/\/www.cesde.com.br\/curso\/?p=13163"},"modified":"2025-02-22T17:32:44","modified_gmt":"2025-02-22T17:32:44","slug":"formacao-em-tcc-terapia-cognitivo-comportamental","status":"publish","type":"post","link":"https:\/\/www.cesde.com.br\/curso\/formacao-em-tcc-terapia-cognitivo-comportamental\/","title":{"rendered":"Forma\u00e7\u00e3o em TCC &#8211; Terapia Cognitivo Comportamental"},"content":{"rendered":"<h2 style=\"text-align: center;\">Curso de Forma\u00e7\u00e3o em TCC &#8211; Terapia Cognitivo de 300hs<\/h2>\n<p>&nbsp;<\/p>\n<p style=\"text-align: center;\"><b>Exclusivo para profissionais das \u00e1reas de Psicologia e Psiquiatria<\/b><\/p>\n<p>&nbsp;<\/p>\n<p style=\"text-align: center;\"><span style=\"color: #ff0000;\"><strong>TURMA EM FORMA\u00c7\u00c3O!!!<\/strong><\/span><\/p>\n<h3 style=\"text-align: center;\"><span style=\"color: #3366ff;\"><strong><b>In\u00edcio em 24 de AGOSTO<\/b><\/strong><strong><b> de 2024!!!<\/b><\/strong><\/span><\/h3>\n<p>&nbsp;<\/p>\n<p style=\"text-align: center;\"><strong>Que tal fazer uma p\u00f3s gradua\u00e7\u00e3o <span style=\"color: #993300;\">EAD<\/span> em Terapia Cognitivo Comportamental?<\/strong><\/p>\n<p style=\"text-align: center;\"><a title=\"P\u00f3s gradua\u00e7\u00e3o em Terapia Cognitivo Comportamental\" href=\"https:\/\/unicesde.com.br\/2023\/08\/16\/pos-graduacao-em-tcc-terapia-cognitivo-comportamental\/\" target=\"_blank\" rel=\"noopener\"><strong>Clique aqui!!!<\/strong><\/a><\/p>\n<p><span style=\"color: #ffffff;\">.<\/span><\/p>\n<p style=\"text-align: center;\"><strong>Ou prefere uma p\u00f3s <span style=\"color: #993300;\">semi PRESENCIAL<\/span> em Terapia Cognitivo Comportamental?<\/strong><\/p>\n<p style=\"text-align: center;\"><a href=\"https:\/\/unicesde.com.br\/curso-de-especializacao-pos-graduacao-semi-presencial-em-terapia-cognitivo-comportamental-de-390hs-em-belo-horizonte-e-em-sao-paulo\/\" target=\"_blank\" rel=\"nofollow noopener\"><strong>Clique aqui!!!<\/strong><\/a><\/p>\n<p><span style=\"color: #ffffff;\">.<\/span><\/p>\n<p style=\"text-align: left;\"><strong>OBJETIVO:<\/strong><br \/>\nEste Curso de Forma\u00e7\u00e3o EaD (On line) tem como objetivo desenvolver estudos de forma a Qualificar o aluno na TCC &#8211; Terapia Cognitivo Comportamental para o tratamento de transtornos Psiqui\u00e1tricos.<\/p>\n<p style=\"text-align: left;\"><strong>MODALIDADE:<\/strong><\/p>\n<p style=\"text-align: left;\">Curso desenvolvido na modalidade a dist\u00e2ncia (EaD \/ On line) mediado pela internet em Ambiente Virtual de Aprendizagem (Moodle). O Curso ter\u00e1 aulas gravadas e materiais em PDF e contar\u00e1 com Tutoria prestada pelas(os) pr\u00f3prias(os) professoras(es) e atividades avaliativas simples aula a aula.<\/p>\n<p style=\"text-align: left;\"><strong>CARGA HOR\u00c1RIA:<\/strong><\/p>\n<p>300 horas\/aula sem TCC<\/p>\n<p>Foram previstos no curso recessos pelos feriados e F\u00e9rias em Julho e de final de ano.<\/p>\n<p style=\"text-align: left;\"><strong>P\u00daBLICO ALVO:<\/strong><\/p>\n<p><span style=\"color: #3366ff;\"><strong>Exclusivo a Psic\u00f3logas(os) e Psiquiatras<\/strong><\/span><\/p>\n<h3><strong><b>INVESTIMENTO:<\/b><\/strong><\/h3>\n<ul>\n<li>Mensalidades =&gt; 12 parcelas de R$250,00 (12 mensalidades);<\/li>\n<li><strong>N\u00c3O<\/strong> cobramos matr\u00edcula;<\/li>\n<li>1\u00aa<strong> MENSALIDADE<\/strong> vence 30 dias ap\u00f3s o in\u00edcio do curso;<\/li>\n<li>N\u00e3o cobramos multa por cancelamento de curso.<\/li>\n<\/ul>\n<p style=\"text-align: left;\"><strong>FUNCIONAMENTO do CURSO:<\/strong><\/p>\n<p style=\"text-align: left;\">Aulas gravas disponibilizadas semanalmente juntamente com F\u00f3rum de D\u00favidas respondidos pelas(os) pr\u00f3prias(os) professoras(es), Atividades Avaliativas Objetivas, Materiais em PDF para download entre outros;<\/p>\n<p><span style=\"color: #ffffff;\">.<\/span><\/p>\n<p align=\"center\"><a class=\"btn-az\" href=\"https:\/\/forms.gle\/fjSL38imCMtN9yy39\" target=\"_blank\" rel=\"nofollow noopener\">Fa\u00e7a sua PR\u00c9 Inscri\u00e7\u00e3o aqui!<\/a><\/p>\n<p><span style=\"color: #ffffff;\">.<\/span><\/p>\n<p style=\"text-align: left;\"><strong>PROGRAMA<\/strong><\/p>\n<p style=\"text-align: left;\"><strong><em>Semana de Ambienta\u00e7\u00e3o<\/em><\/strong><\/p>\n<ul>\n<li>Atividades de ambienta\u00e7\u00e3o no AVA Moodle;<\/li>\n<li>Netqueta;<\/li>\n<li>Gest\u00e3o do Tempo para EaD.<\/li>\n<\/ul>\n<p style=\"text-align: left;\"><strong><em>DISCIPLINA: Introdu\u00e7\u00e3o \u00e0 Terapia Cognitivo Comportamental<\/em><\/strong><\/p>\n<ul>\n<li>Perspectiva Hist\u00f3rica da TCC<\/li>\n<li>Vida e Obra de Aaron Beck<\/li>\n<li>Modelo Cognitivo de Psicopatologia<\/li>\n<li>Modelo de atua\u00e7\u00e3o cl\u00ednico em TC<\/li>\n<li>Conceitualiza\u00e7\u00e3o Cognitiva<\/li>\n<li>Reestrutura\u00e7\u00e3o Cognitiva<\/li>\n<li>Questionamento Socr\u00e1tico<\/li>\n<li>A Psicologia baseada em Evid\u00eancias<\/li>\n<li>Webconfer\u00eancia 01<\/li>\n<\/ul>\n<p style=\"text-align: left;\"><em><strong>DISCIPLINA: Terapia Cognitivo Comportamental na pr\u00e1tica cl\u00ednica<\/strong><\/em><\/p>\n<ul>\n<li>TCC APLICADA AOS TRANSTORNOS DO HUMOR<\/li>\n<li>TCC APLICADA AOS TRANSTORNOS DE ANSIEDADE<\/li>\n<li>TCC APLICADA AOS TRANSTORNOS ALIMENTARES<\/li>\n<li>TCC APLICADA AOS TRANSTORNOS DE PERSONALIDADE<\/li>\n<li>TCC APLICADA A DEPEND\u00caNCIA QU\u00cdMICA<\/li>\n<li>TCC APLICADA A INF\u00c2NCIA E ADOLESC\u00caNCIA<\/li>\n<li>TCC APLICADA EM GRUPOS<\/li>\n<li>TCC APLICADA AO TDAH<\/li>\n<li>Webcnfer\u00eancia 02<\/li>\n<\/ul>\n<p style=\"text-align: left;\"><em><strong>DISCIPLINA: Avan\u00e7os em Terapia Cognitivo Comportamental\u00a0<\/strong><\/em><\/p>\n<ul>\n<li>Fundamentos em TCC e Neuroci\u00eancia<\/li>\n<li>Terapia Cognitiva Orientada para a Recupera\u00e7\u00e3o \u2013 CTR<\/li>\n<li>TCC aplicada ao tratamento da Obesidade<\/li>\n<li>Combinando TCC e Medicamentos<\/li>\n<li>Regula\u00e7\u00e3o Emocional em Psicoterapia<\/li>\n<li>TCC Aplicada aos Transtornos do Sono<\/li>\n<li>Integra\u00e7\u00e3o de mindfulness \u00e0 TCC<\/li>\n<li>TCC aplica a terapia de casal e fam\u00edlia<\/li>\n<li>Webconfer\u00eancia 03<\/li>\n<\/ul>\n<p style=\"text-align: left;\"><em><strong>DISCIPLINA: Pr\u00e1tica Cl\u00ednica em Terapia Cognitivo Comportamental<\/strong><\/em><\/p>\n<ul>\n<li>A rela\u00e7\u00e3o terap\u00eautica<\/li>\n<li>A sess\u00e3o de avalia\u00e7\u00e3o<\/li>\n<li>Formula\u00e7\u00e3o de Caso<\/li>\n<li>Plano de A\u00e7\u00e3o<\/li>\n<li>Planejamento do Tratamento<\/li>\n<li>Pensamento autom\u00e1ticos<\/li>\n<li>Modifica\u00e7\u00e3o das cren\u00e7as<\/li>\n<li>T\u00e9rmino e preven\u00e7\u00e3o de reca\u00edda<\/li>\n<li>Webconfer\u00eancia 04<\/li>\n<\/ul>\n<p style=\"text-align: left;\"><em><strong>DISCIPLINA: Casos Cl\u00ednicos em Terapia Cognitivo Comportamental<\/strong><\/em><\/p>\n<ul>\n<li>Caso cl\u00ednico em TCC \u2013 TAG<\/li>\n<li>Caso cl\u00ednico em TCC \u2013 Relacionamento<\/li>\n<li>Caso cl\u00ednico em TCC \u2013 Depend\u00eancia qu\u00edmica<\/li>\n<\/ul>\n<p><span style=\"color: #ffffff;\">.<\/span><\/p>\n<p align=\"center\"><a class=\"btn-az\" href=\"https:\/\/forms.gle\/fjSL38imCMtN9yy39\" target=\"_blank\" rel=\"nofollow noopener\">Fa\u00e7a sua PR\u00c9 Inscri\u00e7\u00e3o aqui!<\/a><\/p>\n<p><span style=\"color: #ffffff;\">.<\/span><\/p>\n<p><strong>EQUIPE de PROFESSORES:<\/strong><\/p>\n<p><strong>G\u00c9SICA BORGES BERGAMINI (Coordenadora)<\/strong><\/p>\n<ul>\n<li>Psic\u00f3loga. Especialista em Neuropsicologia, Neuroci\u00eancias e Psicopedagogia, Terapia de Aceita\u00e7\u00e3o e Compromisso (ACT). Forma\u00e7\u00e3o em Terapia de Terceira Gera\u00e7\u00e3o e Terapia Comportamental Dial\u00e9tica. Treinadora de Habilidades para Adultos e Adolescentes (DBT -A). L\u00edder certificada de grupos de Family Connections pelo Paradigma\/National Education Alliance for Borderline Personality Disorder. Forma\u00e7\u00e3o em Bom Manejo Clinico (GPM) para Transtorno de Personalidade Borderline pela Harvard Medical School. Mestra em Psicologia com \u00eanfase em Sa\u00fade e Processos Psicossociais. Professora do ensino superior e p\u00f3s gradua\u00e7\u00e3o. Atendimentos cl\u00ednicos para adolescentes e adultos &#8211; avalia\u00e7\u00e3o neuropsicol\u00f3gica de forma presencial e on-line. Integrante do DBT LAB &#8211; Laborat\u00f3rio de Terapia Comportamental Dial\u00e9tica do Instituto Paradigma. Idealizadora e respons\u00e1vel t\u00e9cnica do @DBTParaTodos. Delegada Estadual (RO) da Federa\u00e7\u00e3o Brasileira de Terapias Cognitivas e Contextuais (FBTC).\u00a0 Professora das P\u00f3s gradua\u00e7\u00f5es em ACT &#8211; Terapia da Aceita\u00e7\u00e3o e Compromisso, em Terapia Cognitivo Comportamental da Obesidade e do Emagrecimento e P\u00f3s Gradua\u00e7\u00f5es em DBT do UniCESDE.<\/li>\n<\/ul>\n<p><strong>LARISSA BOTELHO FERNANDES <\/strong><\/p>\n<ul>\n<li>Psic\u00f3loga pela Universidade Presbiteriana Mackenzie. Especialista em Sa\u00fade pela Universidade Federal de S\u00e3o Paulo. Mestre em Temas de Psicologia pela Universidade do Porto &#8211; Portugal; Forma\u00e7\u00e3o em Terapia Cognitivo Comportamental, Psicopatologia, Obesidade e Emagrecimento e Transtornos Psiqui\u00e1tricos e Cirurgia Bari\u00e1trica; Integrante do DBT Lab &#8211; Laborat\u00f3rio de Terapia Comportamental Dial\u00e9tica do Instituto Paradigma; Experi\u00eancia no contexto cl\u00ednico e hospitalar; Membro efetivo da Sociedade Brit\u00e2nica de Psicologia e Professora dos cursos de P\u00f3s Gradua\u00e7\u00f5es em DBT do UniCESDE.<\/li>\n<\/ul>\n<p><strong>CAIO SET\u00daBAL<\/strong><\/p>\n<ul>\n<li>Psic\u00f3logo, Esp. Psicologia Cl\u00ednica e Hospitalar (Programa de Resid\u00eancias M\u00e9dicas da Secretaria Estadual de Sa\u00fade de Pernambuco), Esp. Neuropsicologia (Universidade C\u00e2ndido Mendes &#8211; Rj) Extens\u00e3o em Dificuldades Infantis na Aprendizagem (Universidad Complutense de Madrid), Mestre em Cuidados Paliativos (Instituto de Medicina Integral Prof Fernando Figueira &#8211; IMIP -Pe), Atua\u00e7\u00e3o cl\u00ednica em Terapia Cognitivo-Comportamental e em Estimula\u00e7\u00e3o Cognitiva de crian\u00e7as no processo de escolariza\u00e7\u00e3o.<\/li>\n<\/ul>\n<p><strong>ITAMAR JOS\u00c9 F\u00c9LIX JR<\/strong><\/p>\n<ul>\n<li>Psic\u00f3logo, graduado pela Universidade Federal de Rond\u00f4nia. Mestre em Psicologia pelo Programa de P\u00f3s-Gradua\u00e7\u00e3o em Psicologia da Universidade Federal de Rond\u00f4nia, na linha de pesquisa de Sa\u00fade e Processos Psicossociais. Doutor em Ci\u00eancias pelo Programa de P\u00f3s-gradua\u00e7\u00e3o em Psicobiologia, na Linha de Pesquisa de Medicina e Sociologia do Abuso de Drogas (MESAD) da Universidade Federal de S\u00e3o Paulo (UNIFESP). Membro do N\u00facleo de Pesquisas em Sa\u00fade e Uso de Subst\u00e2ncias (NEPSIS) da UNIFESP. Possui experi\u00eancia em pesquisa, extens\u00e3o e atendimento cl\u00ednico referente ao uso problem\u00e1tico de \u00e1lcool e outras drogas, mindfulness, regula\u00e7\u00e3o emocional e Terapia Cognitivo-Comportamental.<\/li>\n<\/ul>\n<p><strong>ADMAR CARDOSO (Coordenador)<\/strong><\/p>\n<ul>\n<li>Graduado em Psicologia pela Pucminas, Especialista em Design Instrucional, diversos cursos de Forma\u00e7\u00e3o nas \u00e1reas de Terapias Cognitivas e Integrativas, Instrutor de Mindfulness, Andragodogo e Coordenador de Cursos do CESDE.<\/li>\n<\/ul>\n<p align=\"center\"><a class=\"btn-az\" href=\"https:\/\/forms.gle\/fjSL38imCMtN9yy39\" target=\"_blank\" rel=\"nofollow noopener\">Fa\u00e7a sua PR\u00c9 Inscri\u00e7\u00e3o aqui!<\/a><\/p>\n<p style=\"text-align: left;\"><strong>D\u00daVIDAS?<\/strong><\/p>\n<ul>\n<li style=\"text-align: left;\">Leia atentamente \u00e0s informa\u00e7\u00f5es desta p\u00e1gina. Acaso ainda tenha alguma d\u00favida utilize os seguintes canais de comunica\u00e7\u00e3o com o CESDE \/ UniCESDE<br \/>\nAo lado direito da tela tem um bot\u00e3o do Whatsapp. \u00c9 s\u00f3 clicar e enviar uma mensagem. Prometemos ser breves ao retornar, mas \u00e9 bem prov\u00e1vel que muitas pessoas estejam tentando falar conosco. Por isso pedimos s\u00f3 um pouquinho de paci\u00eancia; OK?!<br \/>\nVoc\u00ea pode enviar uma mensagem por e-mail utilizando nosso Formul\u00e1rio de Contato atrav\u00e9s do menu.<\/li>\n<\/ul>\n<p>&nbsp;<\/p>\n","protected":false},"excerpt":{"rendered":"<p>Curso de Forma\u00e7\u00e3o em TCC &#8211; Terapia Cognitivo de 300hs &nbsp; Exclusivo para profissionais das \u00e1reas de Psicologia e Psiquiatria &nbsp; TURMA EM FORMA\u00c7\u00c3O!!! In\u00edcio em 24 de AGOSTO de 2024!!! &nbsp; Que tal fazer uma p\u00f3s gradua\u00e7\u00e3o EAD em Terapia Cognitivo Comportamental? Clique aqui!!! . Ou prefere uma p\u00f3s semi PRESENCIAL em Terapia Cognitivo [&hellip;]<\/p>\n","protected":false},"author":3,"featured_media":0,"comment_status":"closed","ping_status":"closed","sticky":false,"template":"","format":"standard","meta":{"footnotes":""},"categories":[5],"tags":[],"class_list":["post-13163","post","type-post","status-publish","format-standard","hentry","category-noticias"],"aioseo_notices":[],"aioseo_head":"\n\t\t<!-- All in One SEO 5.0.0.1 - aioseo.com -->\n\t<meta name=\"robots\" content=\"max-image-preview:large\" \/>\n\t<meta name=\"author\" content=\"Admar Cardoso\"\/>\n\t<link rel=\"canonical\" href=\"https:\/\/www.cesde.com.br\/curso\/formacao-em-tcc-terapia-cognitivo-comportamental\/\" \/>\n\t<meta name=\"generator\" content=\"All in One SEO (AIOSEO) 5.0.0.1\" \/>\n\t\t<meta property=\"og:locale\" content=\"pt_BR\" \/>\n\t\t<meta property=\"og:site_name\" content=\"CESDE - Centro de Estudos e Desenvolvimento Educacional | Cursos em Psicologia, Sa\u00fade Mental, Educa\u00e7\u00e3o e Tecnologia.\" \/>\n\t\t<meta property=\"og:type\" content=\"article\" \/>\n\t\t<meta property=\"og:title\" content=\"Forma\u00e7\u00e3o em TCC \u2013 Terapia Cognitivo Comportamental | CESDE - Centro de Estudos e Desenvolvimento Educacional\" \/>\n\t\t<meta property=\"og:url\" content=\"https:\/\/www.cesde.com.br\/curso\/formacao-em-tcc-terapia-cognitivo-comportamental\/\" \/>\n\t\t<meta property=\"article:published_time\" content=\"2023-08-16T14:04:33+00:00\" \/>\n\t\t<meta property=\"article:modified_time\" content=\"2025-02-22T17:32:44+00:00\" \/>\n\t\t<meta name=\"twitter:card\" content=\"summary\" \/>\n\t\t<meta name=\"twitter:title\" content=\"Forma\u00e7\u00e3o em TCC \u2013 Terapia Cognitivo Comportamental | CESDE - Centro de Estudos e Desenvolvimento Educacional\" \/>\n\t\t<script type=\"application\/ld+json\" class=\"aioseo-schema\">\n\t\t\t{\"@context\":\"https:\\\/\\\/schema.org\",\"@graph\":[{\"@type\":\"Article\",\"@id\":\"https:\\\/\\\/www.cesde.com.br\\\/curso\\\/formacao-em-tcc-terapia-cognitivo-comportamental\\\/#article\",\"name\":\"Forma\\u00e7\\u00e3o em TCC \\u2013 Terapia Cognitivo Comportamental | CESDE - Centro de Estudos e Desenvolvimento Educacional\",\"headline\":\"Forma\\u00e7\\u00e3o em TCC &#8211; Terapia Cognitivo Comportamental\",\"author\":{\"@id\":\"https:\\\/\\\/www.cesde.com.br\\\/curso\\\/author\\\/admar-cardoso\\\/#author\"},\"publisher\":{\"@id\":\"https:\\\/\\\/www.cesde.com.br\\\/curso\\\/#organization\"},\"datePublished\":\"2023-08-16T14:04:33+00:00\",\"dateModified\":\"2025-02-22T17:32:44+00:00\",\"inLanguage\":\"pt-BR\",\"mainEntityOfPage\":{\"@id\":\"https:\\\/\\\/www.cesde.com.br\\\/curso\\\/formacao-em-tcc-terapia-cognitivo-comportamental\\\/#webpage\"},\"isPartOf\":{\"@id\":\"https:\\\/\\\/www.cesde.com.br\\\/curso\\\/formacao-em-tcc-terapia-cognitivo-comportamental\\\/#webpage\"},\"articleSection\":\"Blog\"},{\"@type\":\"BreadcrumbList\",\"@id\":\"https:\\\/\\\/www.cesde.com.br\\\/curso\\\/formacao-em-tcc-terapia-cognitivo-comportamental\\\/#breadcrumblist\",\"itemListElement\":[{\"@type\":\"ListItem\",\"@id\":\"https:\\\/\\\/www.cesde.com.br\\\/curso#listItem\",\"position\":1,\"name\":\"In\\u00edcio\",\"item\":\"https:\\\/\\\/www.cesde.com.br\\\/curso\",\"nextItem\":{\"@type\":\"ListItem\",\"@id\":\"https:\\\/\\\/www.cesde.com.br\\\/curso\\\/category\\\/noticias\\\/#listItem\",\"name\":\"Blog\"}},{\"@type\":\"ListItem\",\"@id\":\"https:\\\/\\\/www.cesde.com.br\\\/curso\\\/category\\\/noticias\\\/#listItem\",\"position\":2,\"name\":\"Blog\",\"item\":\"https:\\\/\\\/www.cesde.com.br\\\/curso\\\/category\\\/noticias\\\/\",\"nextItem\":{\"@type\":\"ListItem\",\"@id\":\"https:\\\/\\\/www.cesde.com.br\\\/curso\\\/formacao-em-tcc-terapia-cognitivo-comportamental\\\/#listItem\",\"name\":\"Forma\\u00e7\\u00e3o em TCC &#8211; Terapia Cognitivo Comportamental\"},\"previousItem\":{\"@type\":\"ListItem\",\"@id\":\"https:\\\/\\\/www.cesde.com.br\\\/curso#listItem\",\"name\":\"In\\u00edcio\"}},{\"@type\":\"ListItem\",\"@id\":\"https:\\\/\\\/www.cesde.com.br\\\/curso\\\/formacao-em-tcc-terapia-cognitivo-comportamental\\\/#listItem\",\"position\":3,\"name\":\"Forma\\u00e7\\u00e3o em TCC &#8211; Terapia Cognitivo Comportamental\",\"previousItem\":{\"@type\":\"ListItem\",\"@id\":\"https:\\\/\\\/www.cesde.com.br\\\/curso\\\/category\\\/noticias\\\/#listItem\",\"name\":\"Blog\"}}]},{\"@type\":\"Organization\",\"@id\":\"https:\\\/\\\/www.cesde.com.br\\\/curso\\\/#organization\",\"name\":\"CESDE - Centro de Estudos e Desenvolvimento Educacional\",\"description\":\"Cursos em Psicologia, Sa\\u00fade Mental, Educa\\u00e7\\u00e3o e Tecnologia.\",\"url\":\"https:\\\/\\\/www.cesde.com.br\\\/curso\\\/\"},{\"@type\":\"Person\",\"@id\":\"https:\\\/\\\/www.cesde.com.br\\\/curso\\\/author\\\/admar-cardoso\\\/#author\",\"url\":\"https:\\\/\\\/www.cesde.com.br\\\/curso\\\/author\\\/admar-cardoso\\\/\",\"name\":\"Admar Cardoso\"},{\"@type\":\"WebPage\",\"@id\":\"https:\\\/\\\/www.cesde.com.br\\\/curso\\\/formacao-em-tcc-terapia-cognitivo-comportamental\\\/#webpage\",\"url\":\"https:\\\/\\\/www.cesde.com.br\\\/curso\\\/formacao-em-tcc-terapia-cognitivo-comportamental\\\/\",\"name\":\"Forma\\u00e7\\u00e3o em TCC \\u2013 Terapia Cognitivo Comportamental | CESDE - Centro de Estudos e Desenvolvimento Educacional\",\"inLanguage\":\"pt-BR\",\"isPartOf\":{\"@id\":\"https:\\\/\\\/www.cesde.com.br\\\/curso\\\/#website\"},\"breadcrumb\":{\"@id\":\"https:\\\/\\\/www.cesde.com.br\\\/curso\\\/formacao-em-tcc-terapia-cognitivo-comportamental\\\/#breadcrumblist\"},\"author\":{\"@id\":\"https:\\\/\\\/www.cesde.com.br\\\/curso\\\/author\\\/admar-cardoso\\\/#author\"},\"creator\":{\"@id\":\"https:\\\/\\\/www.cesde.com.br\\\/curso\\\/author\\\/admar-cardoso\\\/#author\"},\"datePublished\":\"2023-08-16T14:04:33+00:00\",\"dateModified\":\"2025-02-22T17:32:44+00:00\"},{\"@type\":\"WebSite\",\"@id\":\"https:\\\/\\\/www.cesde.com.br\\\/curso\\\/#website\",\"url\":\"https:\\\/\\\/www.cesde.com.br\\\/curso\\\/\",\"name\":\"CESDE - Centro de Estudos e Desenvolvimento Educacional\",\"description\":\"Cursos em Psicologia, Sa\\u00fade Mental, Educa\\u00e7\\u00e3o e Tecnologia.\",\"inLanguage\":\"pt-BR\",\"publisher\":{\"@id\":\"https:\\\/\\\/www.cesde.com.br\\\/curso\\\/#organization\"}}]}\n\t\t<\/script>\n\t\t<!-- All in One SEO -->\n\n","aioseo_head_json":{"title":"Forma\u00e7\u00e3o em TCC \u2013 Terapia Cognitivo Comportamental | CESDE - Centro de Estudos e Desenvolvimento Educacional","description":"","canonical_url":"https:\/\/www.cesde.com.br\/curso\/formacao-em-tcc-terapia-cognitivo-comportamental\/","robots":"max-image-preview:large","keywords":"","webmasterTools":{"miscellaneous":""},"schema":{"@context":"https:\/\/schema.org","@graph":[{"@type":"Article","@id":"https:\/\/www.cesde.com.br\/curso\/formacao-em-tcc-terapia-cognitivo-comportamental\/#article","name":"Forma\u00e7\u00e3o em TCC \u2013 Terapia Cognitivo Comportamental | CESDE - Centro de Estudos e Desenvolvimento Educacional","headline":"Forma\u00e7\u00e3o em TCC &#8211; Terapia Cognitivo Comportamental","author":{"@id":"https:\/\/www.cesde.com.br\/curso\/author\/admar-cardoso\/#author"},"publisher":{"@id":"https:\/\/www.cesde.com.br\/curso\/#organization"},"datePublished":"2023-08-16T14:04:33+00:00","dateModified":"2025-02-22T17:32:44+00:00","inLanguage":"pt-BR","mainEntityOfPage":{"@id":"https:\/\/www.cesde.com.br\/curso\/formacao-em-tcc-terapia-cognitivo-comportamental\/#webpage"},"isPartOf":{"@id":"https:\/\/www.cesde.com.br\/curso\/formacao-em-tcc-terapia-cognitivo-comportamental\/#webpage"},"articleSection":"Blog"},{"@type":"BreadcrumbList","@id":"https:\/\/www.cesde.com.br\/curso\/formacao-em-tcc-terapia-cognitivo-comportamental\/#breadcrumblist","itemListElement":[{"@type":"ListItem","@id":"https:\/\/www.cesde.com.br\/curso#listItem","position":1,"name":"In\u00edcio","item":"https:\/\/www.cesde.com.br\/curso","nextItem":{"@type":"ListItem","@id":"https:\/\/www.cesde.com.br\/curso\/category\/noticias\/#listItem","name":"Blog"}},{"@type":"ListItem","@id":"https:\/\/www.cesde.com.br\/curso\/category\/noticias\/#listItem","position":2,"name":"Blog","item":"https:\/\/www.cesde.com.br\/curso\/category\/noticias\/","nextItem":{"@type":"ListItem","@id":"https:\/\/www.cesde.com.br\/curso\/formacao-em-tcc-terapia-cognitivo-comportamental\/#listItem","name":"Forma\u00e7\u00e3o em TCC &#8211; Terapia Cognitivo Comportamental"},"previousItem":{"@type":"ListItem","@id":"https:\/\/www.cesde.com.br\/curso#listItem","name":"In\u00edcio"}},{"@type":"ListItem","@id":"https:\/\/www.cesde.com.br\/curso\/formacao-em-tcc-terapia-cognitivo-comportamental\/#listItem","position":3,"name":"Forma\u00e7\u00e3o em TCC &#8211; Terapia Cognitivo Comportamental","previousItem":{"@type":"ListItem","@id":"https:\/\/www.cesde.com.br\/curso\/category\/noticias\/#listItem","name":"Blog"}}]},{"@type":"Organization","@id":"https:\/\/www.cesde.com.br\/curso\/#organization","name":"CESDE - Centro de Estudos e Desenvolvimento Educacional","description":"Cursos em Psicologia, Sa\u00fade Mental, Educa\u00e7\u00e3o e Tecnologia.","url":"https:\/\/www.cesde.com.br\/curso\/"},{"@type":"Person","@id":"https:\/\/www.cesde.com.br\/curso\/author\/admar-cardoso\/#author","url":"https:\/\/www.cesde.com.br\/curso\/author\/admar-cardoso\/","name":"Admar Cardoso"},{"@type":"WebPage","@id":"https:\/\/www.cesde.com.br\/curso\/formacao-em-tcc-terapia-cognitivo-comportamental\/#webpage","url":"https:\/\/www.cesde.com.br\/curso\/formacao-em-tcc-terapia-cognitivo-comportamental\/","name":"Forma\u00e7\u00e3o em TCC \u2013 Terapia Cognitivo Comportamental | CESDE - Centro de Estudos e Desenvolvimento Educacional","inLanguage":"pt-BR","isPartOf":{"@id":"https:\/\/www.cesde.com.br\/curso\/#website"},"breadcrumb":{"@id":"https:\/\/www.cesde.com.br\/curso\/formacao-em-tcc-terapia-cognitivo-comportamental\/#breadcrumblist"},"author":{"@id":"https:\/\/www.cesde.com.br\/curso\/author\/admar-cardoso\/#author"},"creator":{"@id":"https:\/\/www.cesde.com.br\/curso\/author\/admar-cardoso\/#author"},"datePublished":"2023-08-16T14:04:33+00:00","dateModified":"2025-02-22T17:32:44+00:00"},{"@type":"WebSite","@id":"https:\/\/www.cesde.com.br\/curso\/#website","url":"https:\/\/www.cesde.com.br\/curso\/","name":"CESDE - Centro de Estudos e Desenvolvimento Educacional","description":"Cursos em Psicologia, Sa\u00fade Mental, Educa\u00e7\u00e3o e Tecnologia.","inLanguage":"pt-BR","publisher":{"@id":"https:\/\/www.cesde.com.br\/curso\/#organization"}}]},"og:locale":"pt_BR","og:site_name":"CESDE - Centro de Estudos e Desenvolvimento Educacional | Cursos em Psicologia, Sa\u00fade Mental, Educa\u00e7\u00e3o e Tecnologia.","og:type":"article","og:title":"Forma\u00e7\u00e3o em TCC \u2013 Terapia Cognitivo Comportamental | CESDE - Centro de Estudos e Desenvolvimento Educacional","og:url":"https:\/\/www.cesde.com.br\/curso\/formacao-em-tcc-terapia-cognitivo-comportamental\/","article:published_time":"2023-08-16T14:04:33+00:00","article:modified_time":"2025-02-22T17:32:44+00:00","twitter:card":"summary","twitter:title":"Forma\u00e7\u00e3o em TCC \u2013 Terapia Cognitivo Comportamental | CESDE - Centro de Estudos e Desenvolvimento Educacional"},"aioseo_meta_data":{"post_id":"13163","title":null,"description":null,"keywords":null,"keyphrases":{"focus":[],"additional":[]},"primary_term":null,"canonical_url":null,"og_title":null,"og_description":null,"og_object_type":"default","og_image_type":"default","og_image_url":null,"og_image_width":null,"og_image_height":null,"og_image_custom_url":null,"og_image_custom_fields":null,"og_video":"","og_custom_url":null,"og_article_section":null,"og_article_tags":null,"twitter_use_og":false,"twitter_card":"default","twitter_image_type":"default","twitter_image_url":null,"twitter_image_custom_url":null,"twitter_image_custom_fields":null,"twitter_title":null,"twitter_description":null,"schema":{"blockGraphs":[],"customGraphs":[],"default":{"data":{"Article":[],"Course":[],"Dataset":[],"FAQPage":[],"Movie":[],"Person":[],"Product":[],"ProductReview":[],"Car":[],"Recipe":[],"Service":[],"SoftwareApplication":[],"WebPage":[]},"graphName":"Article","isEnabled":true},"graphs":[]},"schema_type":"default","schema_type_options":null,"pillar_content":false,"robots_default":true,"robots_noindex":false,"robots_noarchive":false,"robots_nosnippet":false,"robots_nofollow":false,"robots_noimageindex":false,"robots_noodp":false,"robots_notranslate":false,"robots_max_snippet":"-1","robots_max_videopreview":"-1","robots_max_imagepreview":"large","priority":null,"frequency":"default","local_seo":null,"breadcrumb_settings":null,"limit_modified_date":false,"ai":null,"created":"2023-08-16 13:41:21","updated":"2026-08-25 11:40:52","focus_keyword":null,"additional_keywords":null,"truseo_locale":null,"seo_analyzer_scan_date":null},"aioseo_breadcrumb":"<div class=\"aioseo-breadcrumbs\"><span class=\"aioseo-breadcrumb\">\n\t\t\t<a href=\"https:\/\/www.cesde.com.br\/curso\" title=\"In\u00edcio\">In\u00edcio<\/a>\n\t\t<\/span><span class=\"aioseo-breadcrumb-separator\">&raquo;<\/span><span class=\"aioseo-breadcrumb\">\n\t\t\t<a href=\"https:\/\/www.cesde.com.br\/curso\/category\/noticias\/\" title=\"Blog\">Blog<\/a>\n\t\t<\/span><span class=\"aioseo-breadcrumb-separator\">&raquo;<\/span><span class=\"aioseo-breadcrumb\">\n\t\t\tForma\u00e7\u00e3o em TCC \u2013 Terapia Cognitivo Comportamental\n\t\t<\/span><\/div>","aioseo_breadcrumb_json":[{"label":"In\u00edcio","link":"https:\/\/www.cesde.com.br\/curso"},{"label":"Blog","link":"https:\/\/www.cesde.com.br\/curso\/category\/noticias\/"},{"label":"Forma\u00e7\u00e3o em TCC &#8211; Terapia Cognitivo Comportamental","link":"https:\/\/www.cesde.com.br\/curso\/formacao-em-tcc-terapia-cognitivo-comportamental\/"}],"_links":{"self":[{"href":"https:\/\/www.cesde.com.br\/curso\/wp-json\/wp\/v2\/posts\/13163","targetHints":{"allow":["GET"]}}],"collection":[{"href":"https:\/\/www.cesde.com.br\/curso\/wp-json\/wp\/v2\/posts"}],"about":[{"href":"https:\/\/www.cesde.com.br\/curso\/wp-json\/wp\/v2\/types\/post"}],"author":[{"embeddable":true,"href":"https:\/\/www.cesde.com.br\/curso\/wp-json\/wp\/v2\/users\/3"}],"replies":[{"embeddable":true,"href":"https:\/\/www.cesde.com.br\/curso\/wp-json\/wp\/v2\/comments?post=13163"}],"version-history":[{"count":14,"href":"https:\/\/www.cesde.com.br\/curso\/wp-json\/wp\/v2\/posts\/13163\/revisions"}],"predecessor-version":[{"id":14310,"href":"https:\/\/www.cesde.com.br\/curso\/wp-json\/wp\/v2\/posts\/13163\/revisions\/14310"}],"wp:attachment":[{"href":"https:\/\/www.cesde.com.br\/curso\/wp-json\/wp\/v2\/media?parent=13163"}],"wp:term":[{"taxonomy":"category","embeddable":true,"href":"https:\/\/www.cesde.com.br\/curso\/wp-json\/wp\/v2\/categories?post=13163"},{"taxonomy":"post_tag","embeddable":true,"href":"https:\/\/www.cesde.com.br\/curso\/wp-json\/wp\/v2\/tags?post=13163"}],"curies":[{"name":"wp","href":"https:\/\/api.w.org\/{rel}","templated":true}]}}