{"id":1267,"date":"2013-09-11T15:15:53","date_gmt":"2013-09-11T15:15:53","guid":{"rendered":"http:\/\/www.cesde.com.br\/curso\/?p=1267"},"modified":"2014-01-20T13:11:40","modified_gmt":"2014-01-20T13:11:40","slug":"curso-de-avaliacao-e-tratamento-cognitivo-comportamental-da-dependencia-quimica-intensivo-de-ferias","status":"publish","type":"post","link":"https:\/\/www.cesde.com.br\/curso\/curso-de-avaliacao-e-tratamento-cognitivo-comportamental-da-dependencia-quimica-intensivo-de-ferias\/","title":{"rendered":"Avalia\u00e7\u00e3o e Tratamento Cognitivo-comportamental da Depend\u00eancia Qu\u00edmica"},"content":{"rendered":"<h2>Curso intensivo de F\u00e9rias de Avalia\u00e7\u00e3o e Tratamento Cognitivo-comportamental da Depend\u00eancia Qu\u00edmica<\/h2>\n<p>&nbsp;<\/p>\n<p><strong>INTRODU\u00c7\u00c3O:<\/strong><br \/>\nA Terapia Cognitivo-Comportamental \u00e9 uma das abordagens terap\u00eauticas de maior efici\u00eancia e indicada pelos grandes centros de refer\u00eancia em Sa\u00fade como OMS (Organiza\u00e7\u00e3o Mundial da Sa\u00fade) e a APA (American Psychology Association). Pesquisas tem demonstrado sua efici\u00eancias para o tratamento de diversos transtornos dentre eles a Depend\u00eancia Qu\u00edmica.<br \/>\nO curso ser\u00e1 ministrado por um dos mais importantes professores e pesquisadores com vasto conhecimento cient\u00edfico e pr\u00e1tica cl\u00ednica no tratamento da Depend\u00eancia Cl\u00ednica com a Terapia Cognitivo-Comportamental.<\/p>\n<p>&nbsp;<\/p>\n<p><strong>OBJETIVO GERAL:<\/strong><br \/>\nCapacitar o aluno (Estudantes e Profissionais) de Psicologia e Medicina da conceitua\u00e7\u00e3o e avalia\u00e7\u00e3o do modelo cognitivo-comportamental no Tratamento da Depend\u00eancia Qu\u00edmica.<\/p>\n<p>&nbsp;<\/p>\n<p><strong>DATA:<\/strong><br \/>\na ser divulgado ainda. Fa\u00e7a sua pr\u00e9-inscri\u00e7\u00e3o sem compromisso no link ao final da p\u00e1gina e seja informado(a) assim que as datas forem definidas.<\/p>\n<p>&nbsp;<\/p>\n<p><strong>LOCAL:<\/strong><br \/>\nSede do CESDE \u00e0 Av Francisco Sales 329 (Sal\u00e3o de Eventos 2\u00ba andar).<\/p>\n<p>&nbsp;<\/p>\n<p><strong>P\u00daBLICO ALVO:<\/strong><br \/>\nPsic\u00f3logos e M\u00e9dicos e acad\u00eamicos dos respectivos cursos de gradua\u00e7\u00e3o (2 \u00faltimos per\u00edodos).<\/p>\n<p>&nbsp;<\/p>\n<p><strong>CARGA HOR\u00c1RIA:<\/strong><br \/>\n20hs\/aula (Aulas presenciais em um final de semana &#8211; s\u00e1bado e domingo)<\/p>\n<p>&nbsp;<\/p>\n<p><strong>COORDENA\u00c7\u00c3O:<\/strong><br \/>\nProf. Admar M Cardoso Jr (CRP \u2013 04\/16.661)<\/p>\n<p>&nbsp;<\/p>\n<p><strong>PROFESSOR:<\/strong><br \/>\nGildo\u00a0 Angelotti (CRP 06\/48891.1) \u2013 Psicologo Clinico; Mestre pela PUC-Campinas; Associate Fellowship Member ( Albert Ellis Institute, NY, USA); Professor Convidado pelo (Amban -Ipq-FMUSP); Supervisor de TCC na UniAnchieta e Diretor Executivo do Inst. de Neurociencia e Comportamento de SP e Recife; Forma\u00e7\u00e3o em TC pelo Beck Institute; coordenador do curso de forma\u00e7\u00e3o em TCC &amp; Sa\u00fade Mental pelo Amban -IPq \u2013 FMUSP (Recife); Professor convidado da P\u00f3s Gradua\u00e7\u00e3o (Universidade Estadual do Piau\u00ed) entre outras.<\/p>\n<p>&nbsp;<\/p>\n<p><strong>PROGRAMA:<\/strong><\/p>\n<ul>\n<li>\u00a0Diagnostico, conceitos b\u00e1sicos classifica\u00e7\u00e3o geral e comorbidades psiqui\u00e1tricas;<\/li>\n<li>\u00a0Avalia\u00e7\u00e3o da depend\u00eancia qu\u00edmica;<\/li>\n<li>\u00a0Motiva\u00e7\u00e3o e entrevista motivacional;<\/li>\n<li>\u00a0Preven\u00e7\u00e3o da Reca\u00edda e Redu\u00e7\u00e3o de Danos;<\/li>\n<li>\u00a0Tratamento Cognitivo-comportamental\u00a0 da depend\u00eancia qu\u00edmica.<\/li>\n<\/ul>\n<p>&nbsp;<\/p>\n<p><strong>INVESTIMENTO:<\/strong><\/p>\n<ul>\n<li>R$xxx,xx divididos em 3 parcelas (1 + 2 \/ 30 e 60 dias) no cheque pr\u00e9-datado;<\/li>\n<li>Desconto de 5% \u00e0 vista;<\/li>\n<li>Consulte sobre a possibilidade de FINANCIAMENTO no cart\u00e3o de cr\u00e9dito;<\/li>\n<li><span style=\"color: #ff0000;\">Alunos e ex-Alunos do CESDE tem desconto Especial!!!!<\/span><\/li>\n<\/ul>\n<p>&nbsp;<\/p>\n<p><strong>PR\u00c9 \u2013 INSCRI\u00c7\u00d5ES:<\/strong> <a title=\"Formul\u00e1rio \u2013 Workshop TCC da Depend\u00eancia Qu\u00edmica\" href=\"http:\/\/www.cesde.com.br\/curso\/formularios\/formulario-workshop-tcc-da-dependencia-quimica\/\">Preencher Formul\u00e1rio de pr\u00e9-inscri\u00e7\u00f5es aqui;<\/a><\/p>\n<p>&nbsp;<\/p>\n<p><strong>ATEN\u00c7\u00c3O:<\/strong> Caso o inscrito n\u00e3o preencha as condi\u00e7\u00f5es acima a matr\u00edcula ser\u00e1 cancelada.<\/p>\n<p>&nbsp;<\/p>\n<p>.<\/p>\n","protected":false},"excerpt":{"rendered":"<p>Curso intensivo de F\u00e9rias de Avalia\u00e7\u00e3o e Tratamento Cognitivo-comportamental da Depend\u00eancia Qu\u00edmica &nbsp; INTRODU\u00c7\u00c3O: A Terapia Cognitivo-Comportamental \u00e9 uma das abordagens terap\u00eauticas de maior efici\u00eancia e indicada pelos grandes centros de refer\u00eancia em Sa\u00fade como OMS (Organiza\u00e7\u00e3o Mundial da Sa\u00fade) e a APA (American Psychology Association). Pesquisas tem demonstrado sua efici\u00eancias para o tratamento de [&hellip;]<\/p>\n","protected":false},"author":3,"featured_media":0,"comment_status":"closed","ping_status":"closed","sticky":false,"template":"","format":"standard","meta":{"footnotes":""},"categories":[4,7],"tags":[48,37,21,74,122,121,49,76,17],"class_list":["post-1267","post","type-post","status-publish","format-standard","hentry","category-cursos","category-saude-mental","tag-bh","tag-cognitivo-comportamental","tag-curso","tag-dependencia-quimica","tag-ferias","tag-intensivo","tag-mg","tag-tcc","tag-tratamento"],"aioseo_notices":[],"aioseo_head":"\n\t\t<!-- All in One SEO 5.0.0.1 - aioseo.com -->\n\t<meta name=\"description\" content=\"A Terapia Cognitivo-Comportamental \u00e9 a abordagem terap\u00eautica de maior efici\u00eancia para o tratamento de diversos transtornos dentre eles a Depend\u00eancia Qu\u00edmica.\" \/>\n\t<meta name=\"robots\" content=\"max-image-preview:large\" \/>\n\t<meta name=\"author\" content=\"Admar Cardoso\"\/>\n\t<link rel=\"canonical\" href=\"https:\/\/www.cesde.com.br\/curso\/curso-de-avaliacao-e-tratamento-cognitivo-comportamental-da-dependencia-quimica-intensivo-de-ferias\/\" \/>\n\t<meta name=\"generator\" content=\"All in One SEO (AIOSEO) 5.0.0.1\" \/>\n\t\t<meta property=\"og:locale\" content=\"pt_BR\" \/>\n\t\t<meta property=\"og:site_name\" content=\"CESDE - Centro de Estudos e Desenvolvimento Educacional | Cursos em Psicologia, Sa\u00fade Mental, Educa\u00e7\u00e3o e Tecnologia.\" \/>\n\t\t<meta property=\"og:type\" content=\"article\" \/>\n\t\t<meta property=\"og:title\" content=\"Curso Avalia\u00e7\u00e3o e Tratamento Cognitivo-comportamental da Depend\u00eancia Qu\u00edmica | CESDE - Centro de Estudos e Desenvolvimento Educacional\" \/>\n\t\t<meta property=\"og:description\" content=\"A Terapia Cognitivo-Comportamental \u00e9 a abordagem terap\u00eautica de maior efici\u00eancia para o tratamento de diversos transtornos dentre eles a Depend\u00eancia Qu\u00edmica.\" \/>\n\t\t<meta property=\"og:url\" content=\"https:\/\/www.cesde.com.br\/curso\/curso-de-avaliacao-e-tratamento-cognitivo-comportamental-da-dependencia-quimica-intensivo-de-ferias\/\" \/>\n\t\t<meta property=\"article:published_time\" content=\"2013-09-11T15:15:53+00:00\" \/>\n\t\t<meta property=\"article:modified_time\" content=\"2014-01-20T13:11:40+00:00\" \/>\n\t\t<meta name=\"twitter:card\" content=\"summary\" \/>\n\t\t<meta name=\"twitter:title\" content=\"Curso Avalia\u00e7\u00e3o e Tratamento Cognitivo-comportamental da Depend\u00eancia Qu\u00edmica | CESDE - Centro de Estudos e Desenvolvimento Educacional\" \/>\n\t\t<meta name=\"twitter:description\" content=\"A Terapia Cognitivo-Comportamental \u00e9 a abordagem terap\u00eautica de maior efici\u00eancia para o tratamento de diversos transtornos dentre eles a Depend\u00eancia Qu\u00edmica.\" \/>\n\t\t<script type=\"application\/ld+json\" class=\"aioseo-schema\">\n\t\t\t{\"@context\":\"https:\\\/\\\/schema.org\",\"@graph\":[{\"@type\":\"Article\",\"@id\":\"https:\\\/\\\/www.cesde.com.br\\\/curso\\\/curso-de-avaliacao-e-tratamento-cognitivo-comportamental-da-dependencia-quimica-intensivo-de-ferias\\\/#article\",\"name\":\"Curso Avalia\\u00e7\\u00e3o e Tratamento Cognitivo-comportamental da Depend\\u00eancia Qu\\u00edmica | CESDE - Centro de Estudos e Desenvolvimento Educacional\",\"headline\":\"Avalia\\u00e7\\u00e3o e Tratamento Cognitivo-comportamental da Depend\\u00eancia Qu\\u00edmica\",\"author\":{\"@id\":\"https:\\\/\\\/www.cesde.com.br\\\/curso\\\/author\\\/admar-cardoso\\\/#author\"},\"publisher\":{\"@id\":\"https:\\\/\\\/www.cesde.com.br\\\/curso\\\/#organization\"},\"datePublished\":\"2013-09-11T15:15:53+00:00\",\"dateModified\":\"2014-01-20T13:11:40+00:00\",\"inLanguage\":\"pt-BR\",\"mainEntityOfPage\":{\"@id\":\"https:\\\/\\\/www.cesde.com.br\\\/curso\\\/curso-de-avaliacao-e-tratamento-cognitivo-comportamental-da-dependencia-quimica-intensivo-de-ferias\\\/#webpage\"},\"isPartOf\":{\"@id\":\"https:\\\/\\\/www.cesde.com.br\\\/curso\\\/curso-de-avaliacao-e-tratamento-cognitivo-comportamental-da-dependencia-quimica-intensivo-de-ferias\\\/#webpage\"},\"articleSection\":\"Cursos em, Sa\\u00fade Mental -, BH, cognitivo-comportamental, curso, Depend\\u00eancia Qu\\u00edmica, f\\u00e9rias, intensivo, MG, tcc, tratamento\"},{\"@type\":\"BreadcrumbList\",\"@id\":\"https:\\\/\\\/www.cesde.com.br\\\/curso\\\/curso-de-avaliacao-e-tratamento-cognitivo-comportamental-da-dependencia-quimica-intensivo-de-ferias\\\/#breadcrumblist\",\"itemListElement\":[{\"@type\":\"ListItem\",\"@id\":\"https:\\\/\\\/www.cesde.com.br\\\/curso#listItem\",\"position\":1,\"name\":\"In\\u00edcio\",\"item\":\"https:\\\/\\\/www.cesde.com.br\\\/curso\",\"nextItem\":{\"@type\":\"ListItem\",\"@id\":\"https:\\\/\\\/www.cesde.com.br\\\/curso\\\/category\\\/cursos\\\/#listItem\",\"name\":\"Cursos em\"}},{\"@type\":\"ListItem\",\"@id\":\"https:\\\/\\\/www.cesde.com.br\\\/curso\\\/category\\\/cursos\\\/#listItem\",\"position\":2,\"name\":\"Cursos em\",\"item\":\"https:\\\/\\\/www.cesde.com.br\\\/curso\\\/category\\\/cursos\\\/\",\"nextItem\":{\"@type\":\"ListItem\",\"@id\":\"https:\\\/\\\/www.cesde.com.br\\\/curso\\\/category\\\/cursos\\\/saude-mental\\\/#listItem\",\"name\":\"Sa\\u00fade Mental -\"},\"previousItem\":{\"@type\":\"ListItem\",\"@id\":\"https:\\\/\\\/www.cesde.com.br\\\/curso#listItem\",\"name\":\"In\\u00edcio\"}},{\"@type\":\"ListItem\",\"@id\":\"https:\\\/\\\/www.cesde.com.br\\\/curso\\\/category\\\/cursos\\\/saude-mental\\\/#listItem\",\"position\":3,\"name\":\"Sa\\u00fade Mental -\",\"item\":\"https:\\\/\\\/www.cesde.com.br\\\/curso\\\/category\\\/cursos\\\/saude-mental\\\/\",\"nextItem\":{\"@type\":\"ListItem\",\"@id\":\"https:\\\/\\\/www.cesde.com.br\\\/curso\\\/curso-de-avaliacao-e-tratamento-cognitivo-comportamental-da-dependencia-quimica-intensivo-de-ferias\\\/#listItem\",\"name\":\"Avalia\\u00e7\\u00e3o e Tratamento Cognitivo-comportamental da Depend\\u00eancia Qu\\u00edmica\"},\"previousItem\":{\"@type\":\"ListItem\",\"@id\":\"https:\\\/\\\/www.cesde.com.br\\\/curso\\\/category\\\/cursos\\\/#listItem\",\"name\":\"Cursos em\"}},{\"@type\":\"ListItem\",\"@id\":\"https:\\\/\\\/www.cesde.com.br\\\/curso\\\/curso-de-avaliacao-e-tratamento-cognitivo-comportamental-da-dependencia-quimica-intensivo-de-ferias\\\/#listItem\",\"position\":4,\"name\":\"Avalia\\u00e7\\u00e3o e Tratamento Cognitivo-comportamental da Depend\\u00eancia Qu\\u00edmica\",\"previousItem\":{\"@type\":\"ListItem\",\"@id\":\"https:\\\/\\\/www.cesde.com.br\\\/curso\\\/category\\\/cursos\\\/saude-mental\\\/#listItem\",\"name\":\"Sa\\u00fade Mental -\"}}]},{\"@type\":\"Organization\",\"@id\":\"https:\\\/\\\/www.cesde.com.br\\\/curso\\\/#organization\",\"name\":\"CESDE - Centro de Estudos e Desenvolvimento Educacional\",\"description\":\"Cursos em Psicologia, Sa\\u00fade Mental, Educa\\u00e7\\u00e3o e Tecnologia.\",\"url\":\"https:\\\/\\\/www.cesde.com.br\\\/curso\\\/\"},{\"@type\":\"Person\",\"@id\":\"https:\\\/\\\/www.cesde.com.br\\\/curso\\\/author\\\/admar-cardoso\\\/#author\",\"url\":\"https:\\\/\\\/www.cesde.com.br\\\/curso\\\/author\\\/admar-cardoso\\\/\",\"name\":\"Admar Cardoso\"},{\"@type\":\"WebPage\",\"@id\":\"https:\\\/\\\/www.cesde.com.br\\\/curso\\\/curso-de-avaliacao-e-tratamento-cognitivo-comportamental-da-dependencia-quimica-intensivo-de-ferias\\\/#webpage\",\"url\":\"https:\\\/\\\/www.cesde.com.br\\\/curso\\\/curso-de-avaliacao-e-tratamento-cognitivo-comportamental-da-dependencia-quimica-intensivo-de-ferias\\\/\",\"name\":\"Curso Avalia\\u00e7\\u00e3o e Tratamento Cognitivo-comportamental da Depend\\u00eancia Qu\\u00edmica | CESDE - Centro de Estudos e Desenvolvimento Educacional\",\"description\":\"A Terapia Cognitivo-Comportamental \\u00e9 a abordagem terap\\u00eautica de maior efici\\u00eancia para o tratamento de diversos transtornos dentre eles a Depend\\u00eancia Qu\\u00edmica.\",\"inLanguage\":\"pt-BR\",\"isPartOf\":{\"@id\":\"https:\\\/\\\/www.cesde.com.br\\\/curso\\\/#website\"},\"breadcrumb\":{\"@id\":\"https:\\\/\\\/www.cesde.com.br\\\/curso\\\/curso-de-avaliacao-e-tratamento-cognitivo-comportamental-da-dependencia-quimica-intensivo-de-ferias\\\/#breadcrumblist\"},\"author\":{\"@id\":\"https:\\\/\\\/www.cesde.com.br\\\/curso\\\/author\\\/admar-cardoso\\\/#author\"},\"creator\":{\"@id\":\"https:\\\/\\\/www.cesde.com.br\\\/curso\\\/author\\\/admar-cardoso\\\/#author\"},\"datePublished\":\"2013-09-11T15:15:53+00:00\",\"dateModified\":\"2014-01-20T13:11:40+00:00\"},{\"@type\":\"WebSite\",\"@id\":\"https:\\\/\\\/www.cesde.com.br\\\/curso\\\/#website\",\"url\":\"https:\\\/\\\/www.cesde.com.br\\\/curso\\\/\",\"name\":\"CESDE - Centro de Estudos e Desenvolvimento Educacional\",\"description\":\"Cursos em Psicologia, Sa\\u00fade Mental, Educa\\u00e7\\u00e3o e Tecnologia.\",\"inLanguage\":\"pt-BR\",\"publisher\":{\"@id\":\"https:\\\/\\\/www.cesde.com.br\\\/curso\\\/#organization\"}}]}\n\t\t<\/script>\n\t\t<!-- All in One SEO -->\n\n","aioseo_head_json":{"title":"Curso Avalia\u00e7\u00e3o e Tratamento Cognitivo-comportamental da Depend\u00eancia Qu\u00edmica | CESDE - Centro de Estudos e Desenvolvimento Educacional","description":"A Terapia Cognitivo-Comportamental \u00e9 a abordagem terap\u00eautica de maior efici\u00eancia para o tratamento de diversos transtornos dentre eles a Depend\u00eancia Qu\u00edmica.","canonical_url":"https:\/\/www.cesde.com.br\/curso\/curso-de-avaliacao-e-tratamento-cognitivo-comportamental-da-dependencia-quimica-intensivo-de-ferias\/","robots":"max-image-preview:large","keywords":"","webmasterTools":{"miscellaneous":""},"schema":{"@context":"https:\/\/schema.org","@graph":[{"@type":"Article","@id":"https:\/\/www.cesde.com.br\/curso\/curso-de-avaliacao-e-tratamento-cognitivo-comportamental-da-dependencia-quimica-intensivo-de-ferias\/#article","name":"Curso Avalia\u00e7\u00e3o e Tratamento Cognitivo-comportamental da Depend\u00eancia Qu\u00edmica | CESDE - Centro de Estudos e Desenvolvimento Educacional","headline":"Avalia\u00e7\u00e3o e Tratamento Cognitivo-comportamental da Depend\u00eancia Qu\u00edmica","author":{"@id":"https:\/\/www.cesde.com.br\/curso\/author\/admar-cardoso\/#author"},"publisher":{"@id":"https:\/\/www.cesde.com.br\/curso\/#organization"},"datePublished":"2013-09-11T15:15:53+00:00","dateModified":"2014-01-20T13:11:40+00:00","inLanguage":"pt-BR","mainEntityOfPage":{"@id":"https:\/\/www.cesde.com.br\/curso\/curso-de-avaliacao-e-tratamento-cognitivo-comportamental-da-dependencia-quimica-intensivo-de-ferias\/#webpage"},"isPartOf":{"@id":"https:\/\/www.cesde.com.br\/curso\/curso-de-avaliacao-e-tratamento-cognitivo-comportamental-da-dependencia-quimica-intensivo-de-ferias\/#webpage"},"articleSection":"Cursos em, Sa\u00fade Mental -, BH, cognitivo-comportamental, curso, Depend\u00eancia Qu\u00edmica, f\u00e9rias, intensivo, MG, tcc, tratamento"},{"@type":"BreadcrumbList","@id":"https:\/\/www.cesde.com.br\/curso\/curso-de-avaliacao-e-tratamento-cognitivo-comportamental-da-dependencia-quimica-intensivo-de-ferias\/#breadcrumblist","itemListElement":[{"@type":"ListItem","@id":"https:\/\/www.cesde.com.br\/curso#listItem","position":1,"name":"In\u00edcio","item":"https:\/\/www.cesde.com.br\/curso","nextItem":{"@type":"ListItem","@id":"https:\/\/www.cesde.com.br\/curso\/category\/cursos\/#listItem","name":"Cursos em"}},{"@type":"ListItem","@id":"https:\/\/www.cesde.com.br\/curso\/category\/cursos\/#listItem","position":2,"name":"Cursos em","item":"https:\/\/www.cesde.com.br\/curso\/category\/cursos\/","nextItem":{"@type":"ListItem","@id":"https:\/\/www.cesde.com.br\/curso\/category\/cursos\/saude-mental\/#listItem","name":"Sa\u00fade Mental -"},"previousItem":{"@type":"ListItem","@id":"https:\/\/www.cesde.com.br\/curso#listItem","name":"In\u00edcio"}},{"@type":"ListItem","@id":"https:\/\/www.cesde.com.br\/curso\/category\/cursos\/saude-mental\/#listItem","position":3,"name":"Sa\u00fade Mental -","item":"https:\/\/www.cesde.com.br\/curso\/category\/cursos\/saude-mental\/","nextItem":{"@type":"ListItem","@id":"https:\/\/www.cesde.com.br\/curso\/curso-de-avaliacao-e-tratamento-cognitivo-comportamental-da-dependencia-quimica-intensivo-de-ferias\/#listItem","name":"Avalia\u00e7\u00e3o e Tratamento Cognitivo-comportamental da Depend\u00eancia Qu\u00edmica"},"previousItem":{"@type":"ListItem","@id":"https:\/\/www.cesde.com.br\/curso\/category\/cursos\/#listItem","name":"Cursos em"}},{"@type":"ListItem","@id":"https:\/\/www.cesde.com.br\/curso\/curso-de-avaliacao-e-tratamento-cognitivo-comportamental-da-dependencia-quimica-intensivo-de-ferias\/#listItem","position":4,"name":"Avalia\u00e7\u00e3o e Tratamento Cognitivo-comportamental da Depend\u00eancia Qu\u00edmica","previousItem":{"@type":"ListItem","@id":"https:\/\/www.cesde.com.br\/curso\/category\/cursos\/saude-mental\/#listItem","name":"Sa\u00fade Mental -"}}]},{"@type":"Organization","@id":"https:\/\/www.cesde.com.br\/curso\/#organization","name":"CESDE - Centro de Estudos e Desenvolvimento Educacional","description":"Cursos em Psicologia, Sa\u00fade Mental, Educa\u00e7\u00e3o e Tecnologia.","url":"https:\/\/www.cesde.com.br\/curso\/"},{"@type":"Person","@id":"https:\/\/www.cesde.com.br\/curso\/author\/admar-cardoso\/#author","url":"https:\/\/www.cesde.com.br\/curso\/author\/admar-cardoso\/","name":"Admar Cardoso"},{"@type":"WebPage","@id":"https:\/\/www.cesde.com.br\/curso\/curso-de-avaliacao-e-tratamento-cognitivo-comportamental-da-dependencia-quimica-intensivo-de-ferias\/#webpage","url":"https:\/\/www.cesde.com.br\/curso\/curso-de-avaliacao-e-tratamento-cognitivo-comportamental-da-dependencia-quimica-intensivo-de-ferias\/","name":"Curso Avalia\u00e7\u00e3o e Tratamento Cognitivo-comportamental da Depend\u00eancia Qu\u00edmica | CESDE - Centro de Estudos e Desenvolvimento Educacional","description":"A Terapia Cognitivo-Comportamental \u00e9 a abordagem terap\u00eautica de maior efici\u00eancia para o tratamento de diversos transtornos dentre eles a Depend\u00eancia Qu\u00edmica.","inLanguage":"pt-BR","isPartOf":{"@id":"https:\/\/www.cesde.com.br\/curso\/#website"},"breadcrumb":{"@id":"https:\/\/www.cesde.com.br\/curso\/curso-de-avaliacao-e-tratamento-cognitivo-comportamental-da-dependencia-quimica-intensivo-de-ferias\/#breadcrumblist"},"author":{"@id":"https:\/\/www.cesde.com.br\/curso\/author\/admar-cardoso\/#author"},"creator":{"@id":"https:\/\/www.cesde.com.br\/curso\/author\/admar-cardoso\/#author"},"datePublished":"2013-09-11T15:15:53+00:00","dateModified":"2014-01-20T13:11:40+00:00"},{"@type":"WebSite","@id":"https:\/\/www.cesde.com.br\/curso\/#website","url":"https:\/\/www.cesde.com.br\/curso\/","name":"CESDE - Centro de Estudos e Desenvolvimento Educacional","description":"Cursos em Psicologia, Sa\u00fade Mental, Educa\u00e7\u00e3o e Tecnologia.","inLanguage":"pt-BR","publisher":{"@id":"https:\/\/www.cesde.com.br\/curso\/#organization"}}]},"og:locale":"pt_BR","og:site_name":"CESDE - Centro de Estudos e Desenvolvimento Educacional | Cursos em Psicologia, Sa\u00fade Mental, Educa\u00e7\u00e3o e Tecnologia.","og:type":"article","og:title":"Curso Avalia\u00e7\u00e3o e Tratamento Cognitivo-comportamental da Depend\u00eancia Qu\u00edmica | CESDE - Centro de Estudos e Desenvolvimento Educacional","og:description":"A Terapia Cognitivo-Comportamental \u00e9 a abordagem terap\u00eautica de maior efici\u00eancia para o tratamento de diversos transtornos dentre eles a Depend\u00eancia Qu\u00edmica.","og:url":"https:\/\/www.cesde.com.br\/curso\/curso-de-avaliacao-e-tratamento-cognitivo-comportamental-da-dependencia-quimica-intensivo-de-ferias\/","article:published_time":"2013-09-11T15:15:53+00:00","article:modified_time":"2014-01-20T13:11:40+00:00","twitter:card":"summary","twitter:title":"Curso Avalia\u00e7\u00e3o e Tratamento Cognitivo-comportamental da Depend\u00eancia Qu\u00edmica | CESDE - Centro de Estudos e Desenvolvimento Educacional","twitter:description":"A Terapia Cognitivo-Comportamental \u00e9 a abordagem terap\u00eautica de maior efici\u00eancia para o tratamento de diversos transtornos dentre eles a Depend\u00eancia Qu\u00edmica."},"aioseo_meta_data":{"post_id":"1267","title":"Curso Avalia\u00e7\u00e3o e Tratamento Cognitivo-comportamental da Depend\u00eancia Qu\u00edmica | #site_title","description":"A Terapia Cognitivo-Comportamental \u00e9 a abordagem terap\u00eautica de maior efici\u00eancia  para o tratamento de diversos transtornos dentre eles a Depend\u00eancia Qu\u00edmica.","keywords":[{"label":"curso","value":"curso"},{"label":"intensivo","value":"intensivo"},{"label":"f\u00e9rias","value":"f\u00e9rias"},{"label":"tratamento","value":"tratamento"},{"label":"cognitivo-comportamental","value":"cognitivo-comportamental"},{"label":"TCC","value":"TCC"},{"label":"dep\u00eand\u00eancia qu\u00edmica","value":"dep\u00eand\u00eancia qu\u00edmica"},{"label":"BH","value":"BH"},{"label":"MG","value":"MG"}],"keyphrases":null,"primary_term":null,"canonical_url":null,"og_title":null,"og_description":null,"og_object_type":"default","og_image_type":"default","og_image_url":null,"og_image_width":null,"og_image_height":null,"og_image_custom_url":null,"og_image_custom_fields":null,"og_video":null,"og_custom_url":null,"og_article_section":null,"og_article_tags":null,"twitter_use_og":false,"twitter_card":"default","twitter_image_type":"default","twitter_image_url":null,"twitter_image_custom_url":null,"twitter_image_custom_fields":null,"twitter_title":null,"twitter_description":null,"schema":{"blockGraphs":[],"customGraphs":[],"default":{"data":{"Article":[],"Course":[],"Dataset":[],"FAQPage":[],"Movie":[],"Person":[],"Product":[],"ProductReview":[],"Car":[],"Recipe":[],"Service":[],"SoftwareApplication":[],"WebPage":[]},"graphName":"Article","isEnabled":true},"graphs":[]},"schema_type":null,"schema_type_options":null,"pillar_content":false,"robots_default":true,"robots_noindex":false,"robots_noarchive":false,"robots_nosnippet":false,"robots_nofollow":false,"robots_noimageindex":false,"robots_noodp":false,"robots_notranslate":false,"robots_max_snippet":null,"robots_max_videopreview":null,"robots_max_imagepreview":"large","priority":null,"frequency":null,"local_seo":null,"breadcrumb_settings":null,"limit_modified_date":false,"ai":null,"created":"2021-05-28 15:05:06","updated":"2024-01-18 02:25:40","focus_keyword":null,"additional_keywords":null,"truseo_locale":null,"seo_analyzer_scan_date":null},"aioseo_breadcrumb":"<div class=\"aioseo-breadcrumbs\"><span class=\"aioseo-breadcrumb\">\n\t\t\t<a href=\"https:\/\/www.cesde.com.br\/curso\" title=\"In\u00edcio\">In\u00edcio<\/a>\n\t\t<\/span><span class=\"aioseo-breadcrumb-separator\">&raquo;<\/span><span class=\"aioseo-breadcrumb\">\n\t\t\t<a href=\"https:\/\/www.cesde.com.br\/curso\/category\/cursos\/\" title=\"Cursos em\">Cursos em<\/a>\n\t\t<\/span><span class=\"aioseo-breadcrumb-separator\">&raquo;<\/span><span class=\"aioseo-breadcrumb\">\n\t\t\t<a href=\"https:\/\/www.cesde.com.br\/curso\/category\/cursos\/saude-mental\/\" title=\"Sa\u00fade Mental -\">Sa\u00fade Mental -<\/a>\n\t\t<\/span><span class=\"aioseo-breadcrumb-separator\">&raquo;<\/span><span class=\"aioseo-breadcrumb\">\n\t\t\tAvalia\u00e7\u00e3o e Tratamento Cognitivo-comportamental da Depend\u00eancia Qu\u00edmica\n\t\t<\/span><\/div>","aioseo_breadcrumb_json":[{"label":"In\u00edcio","link":"https:\/\/www.cesde.com.br\/curso"},{"label":"Cursos em","link":"https:\/\/www.cesde.com.br\/curso\/category\/cursos\/"},{"label":"Sa\u00fade Mental -","link":"https:\/\/www.cesde.com.br\/curso\/category\/cursos\/saude-mental\/"},{"label":"Avalia\u00e7\u00e3o e Tratamento Cognitivo-comportamental da Depend\u00eancia Qu\u00edmica","link":"https:\/\/www.cesde.com.br\/curso\/curso-de-avaliacao-e-tratamento-cognitivo-comportamental-da-dependencia-quimica-intensivo-de-ferias\/"}],"_links":{"self":[{"href":"https:\/\/www.cesde.com.br\/curso\/wp-json\/wp\/v2\/posts\/1267","targetHints":{"allow":["GET"]}}],"collection":[{"href":"https:\/\/www.cesde.com.br\/curso\/wp-json\/wp\/v2\/posts"}],"about":[{"href":"https:\/\/www.cesde.com.br\/curso\/wp-json\/wp\/v2\/types\/post"}],"author":[{"embeddable":true,"href":"https:\/\/www.cesde.com.br\/curso\/wp-json\/wp\/v2\/users\/3"}],"replies":[{"embeddable":true,"href":"https:\/\/www.cesde.com.br\/curso\/wp-json\/wp\/v2\/comments?post=1267"}],"version-history":[{"count":20,"href":"https:\/\/www.cesde.com.br\/curso\/wp-json\/wp\/v2\/posts\/1267\/revisions"}],"predecessor-version":[{"id":1269,"href":"https:\/\/www.cesde.com.br\/curso\/wp-json\/wp\/v2\/posts\/1267\/revisions\/1269"}],"wp:attachment":[{"href":"https:\/\/www.cesde.com.br\/curso\/wp-json\/wp\/v2\/media?parent=1267"}],"wp:term":[{"taxonomy":"category","embeddable":true,"href":"https:\/\/www.cesde.com.br\/curso\/wp-json\/wp\/v2\/categories?post=1267"},{"taxonomy":"post_tag","embeddable":true,"href":"https:\/\/www.cesde.com.br\/curso\/wp-json\/wp\/v2\/tags?post=1267"}],"curies":[{"name":"wp","href":"https:\/\/api.w.org\/{rel}","templated":true}]}}