{"id":1154,"date":"2013-08-12T14:32:15","date_gmt":"2013-08-12T14:32:15","guid":{"rendered":"http:\/\/www.cesde.com.br\/curso\/?p=1154"},"modified":"2013-08-12T16:25:43","modified_gmt":"2013-08-12T16:25:43","slug":"formulario-formacao-em-mindfulness-e-sao-paulo-modulo-fundamental","status":"publish","type":"post","link":"https:\/\/www.cesde.com.br\/curso\/formulario-formacao-em-mindfulness-e-sao-paulo-modulo-fundamental\/","title":{"rendered":"Formul\u00e1rio &#8211; Forma\u00e7\u00e3o em Mindfulness e S\u00e3o Paulo &#8211; M\u00f3dulo Fundamental"},"content":{"rendered":"<p><span style=\"color: #ff0000;\"><strong>Aten\u00e7\u00e3o!<\/strong><\/span> Aguarde alguns segundos para carregar o formul\u00e1rio. Caso ele n\u00e3o carregue favor apertar a tecla F5 de teclado. Se mesmo assim n\u00e3o resolver sugerimos trocar de navegador.<\/p>\n<p>&nbsp;<\/p>\n<hr \/>\n<p>&nbsp;<\/p>\n<p><iframe loading=\"lazy\" src=\"https:\/\/docs.google.com\/spreadsheet\/embeddedform?formkey=dGlKT296eV9jQTR3cDE4RjRienZDQ0E6MA\" frameborder=\"0\" marginwidth=\"0\" marginheight=\"0\" width=\"760\" height=\"2679\"><\/iframe><\/p>\n","protected":false},"excerpt":{"rendered":"<p>Aten\u00e7\u00e3o! Aguarde alguns segundos para carregar o formul\u00e1rio. Caso ele n\u00e3o carregue favor apertar a tecla F5 de teclado. Se mesmo assim n\u00e3o resolver sugerimos trocar de navegador. &nbsp; &nbsp;<\/p>\n","protected":false},"author":3,"featured_media":0,"comment_status":"closed","ping_status":"closed","sticky":false,"template":"","format":"standard","meta":{"footnotes":""},"categories":[31],"tags":[],"class_list":["post-1154","post","type-post","status-publish","format-standard","hentry","category-formularios"],"aioseo_notices":[],"aioseo_head":"\n\t\t<!-- All in One SEO 5.0.0.1 - aioseo.com -->\n\t<meta name=\"robots\" content=\"max-image-preview:large\" \/>\n\t<meta name=\"author\" content=\"Admar Cardoso\"\/>\n\t<link rel=\"canonical\" href=\"https:\/\/www.cesde.com.br\/curso\/formulario-formacao-em-mindfulness-e-sao-paulo-modulo-fundamental\/\" \/>\n\t<meta name=\"generator\" content=\"All in One SEO (AIOSEO) 5.0.0.1\" \/>\n\t\t<meta property=\"og:locale\" content=\"pt_BR\" \/>\n\t\t<meta property=\"og:site_name\" content=\"CESDE - Centro de Estudos e Desenvolvimento Educacional | Cursos em Psicologia, Sa\u00fade Mental, Educa\u00e7\u00e3o e Tecnologia.\" \/>\n\t\t<meta property=\"og:type\" content=\"article\" \/>\n\t\t<meta property=\"og:title\" content=\"Formul\u00e1rio \u2013 Forma\u00e7\u00e3o em Mindfulness e S\u00e3o Paulo \u2013 M\u00f3dulo Fundamental | CESDE - Centro de Estudos e Desenvolvimento Educacional\" \/>\n\t\t<meta property=\"og:url\" content=\"https:\/\/www.cesde.com.br\/curso\/formulario-formacao-em-mindfulness-e-sao-paulo-modulo-fundamental\/\" \/>\n\t\t<meta property=\"article:published_time\" content=\"2013-08-12T14:32:15+00:00\" \/>\n\t\t<meta property=\"article:modified_time\" content=\"2013-08-12T16:25:43+00:00\" \/>\n\t\t<meta name=\"twitter:card\" content=\"summary\" \/>\n\t\t<meta name=\"twitter:title\" content=\"Formul\u00e1rio \u2013 Forma\u00e7\u00e3o em Mindfulness e S\u00e3o Paulo \u2013 M\u00f3dulo Fundamental | CESDE - Centro de Estudos e Desenvolvimento Educacional\" \/>\n\t\t<script type=\"application\/ld+json\" class=\"aioseo-schema\">\n\t\t\t{\"@context\":\"https:\\\/\\\/schema.org\",\"@graph\":[{\"@type\":\"Article\",\"@id\":\"https:\\\/\\\/www.cesde.com.br\\\/curso\\\/formulario-formacao-em-mindfulness-e-sao-paulo-modulo-fundamental\\\/#article\",\"name\":\"Formul\\u00e1rio \\u2013 Forma\\u00e7\\u00e3o em Mindfulness e S\\u00e3o Paulo \\u2013 M\\u00f3dulo Fundamental | CESDE - Centro de Estudos e Desenvolvimento Educacional\",\"headline\":\"Formul\\u00e1rio &#8211; Forma\\u00e7\\u00e3o em Mindfulness e S\\u00e3o Paulo &#8211; M\\u00f3dulo Fundamental\",\"author\":{\"@id\":\"https:\\\/\\\/www.cesde.com.br\\\/curso\\\/author\\\/admar-cardoso\\\/#author\"},\"publisher\":{\"@id\":\"https:\\\/\\\/www.cesde.com.br\\\/curso\\\/#organization\"},\"datePublished\":\"2013-08-12T14:32:15+00:00\",\"dateModified\":\"2013-08-12T16:25:43+00:00\",\"inLanguage\":\"pt-BR\",\"mainEntityOfPage\":{\"@id\":\"https:\\\/\\\/www.cesde.com.br\\\/curso\\\/formulario-formacao-em-mindfulness-e-sao-paulo-modulo-fundamental\\\/#webpage\"},\"isPartOf\":{\"@id\":\"https:\\\/\\\/www.cesde.com.br\\\/curso\\\/formulario-formacao-em-mindfulness-e-sao-paulo-modulo-fundamental\\\/#webpage\"},\"articleSection\":\"Formul\\u00e1rios\"},{\"@type\":\"BreadcrumbList\",\"@id\":\"https:\\\/\\\/www.cesde.com.br\\\/curso\\\/formulario-formacao-em-mindfulness-e-sao-paulo-modulo-fundamental\\\/#breadcrumblist\",\"itemListElement\":[{\"@type\":\"ListItem\",\"@id\":\"https:\\\/\\\/www.cesde.com.br\\\/curso#listItem\",\"position\":1,\"name\":\"In\\u00edcio\",\"item\":\"https:\\\/\\\/www.cesde.com.br\\\/curso\",\"nextItem\":{\"@type\":\"ListItem\",\"@id\":\"https:\\\/\\\/www.cesde.com.br\\\/curso\\\/category\\\/formularios\\\/#listItem\",\"name\":\"Formul\\u00e1rios\"}},{\"@type\":\"ListItem\",\"@id\":\"https:\\\/\\\/www.cesde.com.br\\\/curso\\\/category\\\/formularios\\\/#listItem\",\"position\":2,\"name\":\"Formul\\u00e1rios\",\"item\":\"https:\\\/\\\/www.cesde.com.br\\\/curso\\\/category\\\/formularios\\\/\",\"nextItem\":{\"@type\":\"ListItem\",\"@id\":\"https:\\\/\\\/www.cesde.com.br\\\/curso\\\/formulario-formacao-em-mindfulness-e-sao-paulo-modulo-fundamental\\\/#listItem\",\"name\":\"Formul\\u00e1rio &#8211; Forma\\u00e7\\u00e3o em Mindfulness e S\\u00e3o Paulo &#8211; M\\u00f3dulo Fundamental\"},\"previousItem\":{\"@type\":\"ListItem\",\"@id\":\"https:\\\/\\\/www.cesde.com.br\\\/curso#listItem\",\"name\":\"In\\u00edcio\"}},{\"@type\":\"ListItem\",\"@id\":\"https:\\\/\\\/www.cesde.com.br\\\/curso\\\/formulario-formacao-em-mindfulness-e-sao-paulo-modulo-fundamental\\\/#listItem\",\"position\":3,\"name\":\"Formul\\u00e1rio &#8211; Forma\\u00e7\\u00e3o em Mindfulness e S\\u00e3o Paulo &#8211; M\\u00f3dulo Fundamental\",\"previousItem\":{\"@type\":\"ListItem\",\"@id\":\"https:\\\/\\\/www.cesde.com.br\\\/curso\\\/category\\\/formularios\\\/#listItem\",\"name\":\"Formul\\u00e1rios\"}}]},{\"@type\":\"Organization\",\"@id\":\"https:\\\/\\\/www.cesde.com.br\\\/curso\\\/#organization\",\"name\":\"CESDE - Centro de Estudos e Desenvolvimento Educacional\",\"description\":\"Cursos em Psicologia, Sa\\u00fade Mental, Educa\\u00e7\\u00e3o e Tecnologia.\",\"url\":\"https:\\\/\\\/www.cesde.com.br\\\/curso\\\/\"},{\"@type\":\"Person\",\"@id\":\"https:\\\/\\\/www.cesde.com.br\\\/curso\\\/author\\\/admar-cardoso\\\/#author\",\"url\":\"https:\\\/\\\/www.cesde.com.br\\\/curso\\\/author\\\/admar-cardoso\\\/\",\"name\":\"Admar Cardoso\"},{\"@type\":\"WebPage\",\"@id\":\"https:\\\/\\\/www.cesde.com.br\\\/curso\\\/formulario-formacao-em-mindfulness-e-sao-paulo-modulo-fundamental\\\/#webpage\",\"url\":\"https:\\\/\\\/www.cesde.com.br\\\/curso\\\/formulario-formacao-em-mindfulness-e-sao-paulo-modulo-fundamental\\\/\",\"name\":\"Formul\\u00e1rio \\u2013 Forma\\u00e7\\u00e3o em Mindfulness e S\\u00e3o Paulo \\u2013 M\\u00f3dulo Fundamental | CESDE - Centro de Estudos e Desenvolvimento Educacional\",\"inLanguage\":\"pt-BR\",\"isPartOf\":{\"@id\":\"https:\\\/\\\/www.cesde.com.br\\\/curso\\\/#website\"},\"breadcrumb\":{\"@id\":\"https:\\\/\\\/www.cesde.com.br\\\/curso\\\/formulario-formacao-em-mindfulness-e-sao-paulo-modulo-fundamental\\\/#breadcrumblist\"},\"author\":{\"@id\":\"https:\\\/\\\/www.cesde.com.br\\\/curso\\\/author\\\/admar-cardoso\\\/#author\"},\"creator\":{\"@id\":\"https:\\\/\\\/www.cesde.com.br\\\/curso\\\/author\\\/admar-cardoso\\\/#author\"},\"datePublished\":\"2013-08-12T14:32:15+00:00\",\"dateModified\":\"2013-08-12T16:25:43+00:00\"},{\"@type\":\"WebSite\",\"@id\":\"https:\\\/\\\/www.cesde.com.br\\\/curso\\\/#website\",\"url\":\"https:\\\/\\\/www.cesde.com.br\\\/curso\\\/\",\"name\":\"CESDE - Centro de Estudos e Desenvolvimento Educacional\",\"description\":\"Cursos em Psicologia, Sa\\u00fade Mental, Educa\\u00e7\\u00e3o e Tecnologia.\",\"inLanguage\":\"pt-BR\",\"publisher\":{\"@id\":\"https:\\\/\\\/www.cesde.com.br\\\/curso\\\/#organization\"}}]}\n\t\t<\/script>\n\t\t<!-- All in One SEO -->\n\n","aioseo_head_json":{"title":"Formul\u00e1rio \u2013 Forma\u00e7\u00e3o em Mindfulness e S\u00e3o Paulo \u2013 M\u00f3dulo Fundamental | CESDE - Centro de Estudos e Desenvolvimento Educacional","description":"","canonical_url":"https:\/\/www.cesde.com.br\/curso\/formulario-formacao-em-mindfulness-e-sao-paulo-modulo-fundamental\/","robots":"max-image-preview:large","keywords":"","webmasterTools":{"miscellaneous":""},"schema":{"@context":"https:\/\/schema.org","@graph":[{"@type":"Article","@id":"https:\/\/www.cesde.com.br\/curso\/formulario-formacao-em-mindfulness-e-sao-paulo-modulo-fundamental\/#article","name":"Formul\u00e1rio \u2013 Forma\u00e7\u00e3o em Mindfulness e S\u00e3o Paulo \u2013 M\u00f3dulo Fundamental | CESDE - Centro de Estudos e Desenvolvimento Educacional","headline":"Formul\u00e1rio &#8211; Forma\u00e7\u00e3o em Mindfulness e S\u00e3o Paulo &#8211; M\u00f3dulo Fundamental","author":{"@id":"https:\/\/www.cesde.com.br\/curso\/author\/admar-cardoso\/#author"},"publisher":{"@id":"https:\/\/www.cesde.com.br\/curso\/#organization"},"datePublished":"2013-08-12T14:32:15+00:00","dateModified":"2013-08-12T16:25:43+00:00","inLanguage":"pt-BR","mainEntityOfPage":{"@id":"https:\/\/www.cesde.com.br\/curso\/formulario-formacao-em-mindfulness-e-sao-paulo-modulo-fundamental\/#webpage"},"isPartOf":{"@id":"https:\/\/www.cesde.com.br\/curso\/formulario-formacao-em-mindfulness-e-sao-paulo-modulo-fundamental\/#webpage"},"articleSection":"Formul\u00e1rios"},{"@type":"BreadcrumbList","@id":"https:\/\/www.cesde.com.br\/curso\/formulario-formacao-em-mindfulness-e-sao-paulo-modulo-fundamental\/#breadcrumblist","itemListElement":[{"@type":"ListItem","@id":"https:\/\/www.cesde.com.br\/curso#listItem","position":1,"name":"In\u00edcio","item":"https:\/\/www.cesde.com.br\/curso","nextItem":{"@type":"ListItem","@id":"https:\/\/www.cesde.com.br\/curso\/category\/formularios\/#listItem","name":"Formul\u00e1rios"}},{"@type":"ListItem","@id":"https:\/\/www.cesde.com.br\/curso\/category\/formularios\/#listItem","position":2,"name":"Formul\u00e1rios","item":"https:\/\/www.cesde.com.br\/curso\/category\/formularios\/","nextItem":{"@type":"ListItem","@id":"https:\/\/www.cesde.com.br\/curso\/formulario-formacao-em-mindfulness-e-sao-paulo-modulo-fundamental\/#listItem","name":"Formul\u00e1rio &#8211; Forma\u00e7\u00e3o em Mindfulness e S\u00e3o Paulo &#8211; M\u00f3dulo Fundamental"},"previousItem":{"@type":"ListItem","@id":"https:\/\/www.cesde.com.br\/curso#listItem","name":"In\u00edcio"}},{"@type":"ListItem","@id":"https:\/\/www.cesde.com.br\/curso\/formulario-formacao-em-mindfulness-e-sao-paulo-modulo-fundamental\/#listItem","position":3,"name":"Formul\u00e1rio &#8211; Forma\u00e7\u00e3o em Mindfulness e S\u00e3o Paulo &#8211; M\u00f3dulo Fundamental","previousItem":{"@type":"ListItem","@id":"https:\/\/www.cesde.com.br\/curso\/category\/formularios\/#listItem","name":"Formul\u00e1rios"}}]},{"@type":"Organization","@id":"https:\/\/www.cesde.com.br\/curso\/#organization","name":"CESDE - Centro de Estudos e Desenvolvimento Educacional","description":"Cursos em Psicologia, Sa\u00fade Mental, Educa\u00e7\u00e3o e Tecnologia.","url":"https:\/\/www.cesde.com.br\/curso\/"},{"@type":"Person","@id":"https:\/\/www.cesde.com.br\/curso\/author\/admar-cardoso\/#author","url":"https:\/\/www.cesde.com.br\/curso\/author\/admar-cardoso\/","name":"Admar Cardoso"},{"@type":"WebPage","@id":"https:\/\/www.cesde.com.br\/curso\/formulario-formacao-em-mindfulness-e-sao-paulo-modulo-fundamental\/#webpage","url":"https:\/\/www.cesde.com.br\/curso\/formulario-formacao-em-mindfulness-e-sao-paulo-modulo-fundamental\/","name":"Formul\u00e1rio \u2013 Forma\u00e7\u00e3o em Mindfulness e S\u00e3o Paulo \u2013 M\u00f3dulo Fundamental | CESDE - Centro de Estudos e Desenvolvimento Educacional","inLanguage":"pt-BR","isPartOf":{"@id":"https:\/\/www.cesde.com.br\/curso\/#website"},"breadcrumb":{"@id":"https:\/\/www.cesde.com.br\/curso\/formulario-formacao-em-mindfulness-e-sao-paulo-modulo-fundamental\/#breadcrumblist"},"author":{"@id":"https:\/\/www.cesde.com.br\/curso\/author\/admar-cardoso\/#author"},"creator":{"@id":"https:\/\/www.cesde.com.br\/curso\/author\/admar-cardoso\/#author"},"datePublished":"2013-08-12T14:32:15+00:00","dateModified":"2013-08-12T16:25:43+00:00"},{"@type":"WebSite","@id":"https:\/\/www.cesde.com.br\/curso\/#website","url":"https:\/\/www.cesde.com.br\/curso\/","name":"CESDE - Centro de Estudos e Desenvolvimento Educacional","description":"Cursos em Psicologia, Sa\u00fade Mental, Educa\u00e7\u00e3o e Tecnologia.","inLanguage":"pt-BR","publisher":{"@id":"https:\/\/www.cesde.com.br\/curso\/#organization"}}]},"og:locale":"pt_BR","og:site_name":"CESDE - Centro de Estudos e Desenvolvimento Educacional | Cursos em Psicologia, Sa\u00fade Mental, Educa\u00e7\u00e3o e Tecnologia.","og:type":"article","og:title":"Formul\u00e1rio \u2013 Forma\u00e7\u00e3o em Mindfulness e S\u00e3o Paulo \u2013 M\u00f3dulo Fundamental | CESDE - Centro de Estudos e Desenvolvimento Educacional","og:url":"https:\/\/www.cesde.com.br\/curso\/formulario-formacao-em-mindfulness-e-sao-paulo-modulo-fundamental\/","article:published_time":"2013-08-12T14:32:15+00:00","article:modified_time":"2013-08-12T16:25:43+00:00","twitter:card":"summary","twitter:title":"Formul\u00e1rio \u2013 Forma\u00e7\u00e3o em Mindfulness e S\u00e3o Paulo \u2013 M\u00f3dulo Fundamental | CESDE - Centro de Estudos e Desenvolvimento Educacional"},"aioseo_meta_data":{"post_id":"1154","title":null,"description":null,"keywords":null,"keyphrases":null,"primary_term":null,"canonical_url":null,"og_title":null,"og_description":null,"og_object_type":"default","og_image_type":"default","og_image_url":null,"og_image_width":null,"og_image_height":null,"og_image_custom_url":null,"og_image_custom_fields":null,"og_video":null,"og_custom_url":null,"og_article_section":null,"og_article_tags":null,"twitter_use_og":false,"twitter_card":"default","twitter_image_type":"default","twitter_image_url":null,"twitter_image_custom_url":null,"twitter_image_custom_fields":null,"twitter_title":null,"twitter_description":null,"schema":{"blockGraphs":[],"customGraphs":[],"default":{"data":{"Article":[],"Course":[],"Dataset":[],"FAQPage":[],"Movie":[],"Person":[],"Product":[],"ProductReview":[],"Car":[],"Recipe":[],"Service":[],"SoftwareApplication":[],"WebPage":[]},"graphName":"Article","isEnabled":true},"graphs":[]},"schema_type":null,"schema_type_options":null,"pillar_content":false,"robots_default":true,"robots_noindex":false,"robots_noarchive":false,"robots_nosnippet":false,"robots_nofollow":false,"robots_noimageindex":false,"robots_noodp":false,"robots_notranslate":false,"robots_max_snippet":null,"robots_max_videopreview":null,"robots_max_imagepreview":"large","priority":null,"frequency":null,"local_seo":null,"breadcrumb_settings":null,"limit_modified_date":false,"ai":null,"created":"2021-05-28 15:05:06","updated":"2023-04-19 02:09:18","focus_keyword":null,"additional_keywords":null,"truseo_locale":null,"seo_analyzer_scan_date":null},"aioseo_breadcrumb":"<div class=\"aioseo-breadcrumbs\"><span class=\"aioseo-breadcrumb\">\n\t\t\t<a href=\"https:\/\/www.cesde.com.br\/curso\" title=\"In\u00edcio\">In\u00edcio<\/a>\n\t\t<\/span><span class=\"aioseo-breadcrumb-separator\">&raquo;<\/span><span class=\"aioseo-breadcrumb\">\n\t\t\t<a href=\"https:\/\/www.cesde.com.br\/curso\/category\/formularios\/\" title=\"Formul\u00e1rios\">Formul\u00e1rios<\/a>\n\t\t<\/span><span class=\"aioseo-breadcrumb-separator\">&raquo;<\/span><span class=\"aioseo-breadcrumb\">\n\t\t\tFormul\u00e1rio \u2013 Forma\u00e7\u00e3o em Mindfulness e S\u00e3o Paulo \u2013 M\u00f3dulo Fundamental\n\t\t<\/span><\/div>","aioseo_breadcrumb_json":[{"label":"In\u00edcio","link":"https:\/\/www.cesde.com.br\/curso"},{"label":"Formul\u00e1rios","link":"https:\/\/www.cesde.com.br\/curso\/category\/formularios\/"},{"label":"Formul\u00e1rio &#8211; Forma\u00e7\u00e3o em Mindfulness e S\u00e3o Paulo &#8211; M\u00f3dulo Fundamental","link":"https:\/\/www.cesde.com.br\/curso\/formulario-formacao-em-mindfulness-e-sao-paulo-modulo-fundamental\/"}],"_links":{"self":[{"href":"https:\/\/www.cesde.com.br\/curso\/wp-json\/wp\/v2\/posts\/1154","targetHints":{"allow":["GET"]}}],"collection":[{"href":"https:\/\/www.cesde.com.br\/curso\/wp-json\/wp\/v2\/posts"}],"about":[{"href":"https:\/\/www.cesde.com.br\/curso\/wp-json\/wp\/v2\/types\/post"}],"author":[{"embeddable":true,"href":"https:\/\/www.cesde.com.br\/curso\/wp-json\/wp\/v2\/users\/3"}],"replies":[{"embeddable":true,"href":"https:\/\/www.cesde.com.br\/curso\/wp-json\/wp\/v2\/comments?post=1154"}],"version-history":[{"count":3,"href":"https:\/\/www.cesde.com.br\/curso\/wp-json\/wp\/v2\/posts\/1154\/revisions"}],"predecessor-version":[{"id":1157,"href":"https:\/\/www.cesde.com.br\/curso\/wp-json\/wp\/v2\/posts\/1154\/revisions\/1157"}],"wp:attachment":[{"href":"https:\/\/www.cesde.com.br\/curso\/wp-json\/wp\/v2\/media?parent=1154"}],"wp:term":[{"taxonomy":"category","embeddable":true,"href":"https:\/\/www.cesde.com.br\/curso\/wp-json\/wp\/v2\/categories?post=1154"},{"taxonomy":"post_tag","embeddable":true,"href":"https:\/\/www.cesde.com.br\/curso\/wp-json\/wp\/v2\/tags?post=1154"}],"curies":[{"name":"wp","href":"https:\/\/api.w.org\/{rel}","templated":true}]}}