{"id":1118,"date":"2013-08-07T19:34:12","date_gmt":"2013-08-07T19:34:12","guid":{"rendered":"http:\/\/www.cesde.com.br\/curso\/?p=1118"},"modified":"2014-09-03T13:33:45","modified_gmt":"2014-09-03T13:33:45","slug":"formacao-em-mindfulness-em-sao-paulo-modulo-basico","status":"publish","type":"post","link":"https:\/\/www.cesde.com.br\/curso\/formacao-em-mindfulness-em-sao-paulo-modulo-basico\/","title":{"rendered":"Forma\u00e7\u00e3o Profissional em Mindfulness &#8211; S\u00e3o Paulo"},"content":{"rendered":"<h2 style=\"text-align: center;\">Curso de Forma\u00e7\u00e3o em Mindfulness em S\u00e3o Paulo<\/h2>\n<p style=\"text-align: center;\"><span style=\"color: #ff0000;\"><strong>Curso in\u00e9dito no Brasil!<\/strong><\/span><\/p>\n<p>&nbsp;<\/p>\n<p><strong>INTRODU\u00c7\u00c3O:<\/strong><\/p>\n<p>Nos \u00faltimos anos, as terapias baseadas em Mindfulness (aten\u00e7\u00e3o plena) est\u00e3o sendo utilizadas de maneira eficaz em m\u00faltiplas enfermidades org\u00e2nicas (dor cr\u00f4nica, doen\u00e7as cardiovasculares, c\u00e2ncer, transtornos neurol\u00f3gicos) e psicol\u00f3gicas (ansiedade, depress\u00e3o, estresse cr\u00f4nico, transtornos obsessivos compulsivos, uso e depend\u00eancia de subst\u00e2ncias); tendo tamb\u00e9m efeitos positivos para os profissionais de sa\u00fade que as praticam (melhora dos sintomas de burnout, melhora da empatia e da comunica\u00e7\u00e3o interpessoal, melhores resultados cl\u00ednicos). Nesse momento, existem estudos que confirmam os benef\u00edcios psicol\u00f3gicos, neurofisiol\u00f3gicos, e tamb\u00e9m epigen\u00e9ticos que s\u00e3o induzidos pela pr\u00e1tica regular de Mindfulness.<\/p>\n<p>&nbsp;<\/p>\n<p><strong>OBJETIVOS:<\/strong><\/p>\n<p>O presente Curso de Forma\u00e7\u00e3o em Mindfulness \u00e9 dividido em 3 m\u00f3dulos sequenciais de 1 final de semana cada um (m\u00f3dulos fundamental, intermedi\u00e1rio e avan\u00e7ado), que ser\u00e3o oferecidos ao longo de 1 ano (aproximadamente).<\/p>\n<p>1. Conhecer o conceito, defini\u00e7\u00f5es, mecanismos e efeitos ben\u00e9ficos de Mindfulness para a sa\u00fade;<br \/>\n2. Vivenciar as principais t\u00e9cnicas de mindfulness e desenvolver pr\u00e1tica pessoal regular de Mindfulness;<br \/>\n3. Desenvolver grupos de Mindfulness como professor (com supervis\u00e3o).<\/p>\n<p>&nbsp;<\/p>\n<p><strong>DURA\u00c7\u00c3O E OBSERVA\u00c7\u00d5ES:<\/strong><\/p>\n<p>&#8211; O CURSO COMPLETO \u00c9 DIVIDIDO EM TR\u00caS M\u00d3DULOS (FUNDAMENTAL \/ INTERMEDI\u00c1RIO \/ AVAN\u00c7ADO) de dois dias de dura\u00e7\u00e3o cada, distribu\u00eddos em 3 finais de semana, intervalados por no m\u00ednimo dois meses entre eles (do \u201cintermedi\u00e1rio\u201d para o \u201cavan\u00e7ado\u201d preconiza-se idealmente pelo menos 4 meses de intervalo);<\/p>\n<p>&#8211; Durante esse per\u00edodo se oferece supervis\u00e3o a dist\u00e2ncia;<\/p>\n<p>&#8211; Ser\u00e3o entregues certificados ao final de cada m\u00f3dulo mediante a participa\u00e7\u00e3o em 100% das atividades, e do cumprimento das tarefas \u00e0 dist\u00e2ncia.<\/p>\n<p>&nbsp;<\/p>\n<p><strong>CONTE\u00daDO GERAL DO CURSO:<\/strong><\/p>\n<ol>\n<li>Conceito e caracter\u00edsticas das pr\u00e1ticas baseadas em Mindfulness<\/li>\n<li>Efeitos psicol\u00f3gicos, org\u00e2nicos, neurofisiol\u00f3gicos e epigen\u00e9ticos induzidos por Mindfulness<\/li>\n<li>Enfermidades f\u00edsicas e psicol\u00f3gicas em que Mindfulness se mostrou efetivo. Ensaios controlados y meta-an\u00e1lises<\/li>\n<li>Question\u00e1rios para medir Mindfulness<\/li>\n<li>Vivencia das principais pr\u00e1ticas de Mindfulness<\/li>\n<li>Valores humanos e Mindfulness<\/li>\n<li>Di\u00e1rios de pr\u00e1tica pessoais e profissionais<\/li>\n<li>Como estruturar e desenvolver um programa de\u00a0 Mindfulness com pacientes ou clientes<\/li>\n<li>Bibliografia, p\u00e1ginas web e recursos online de forma\u00e7\u00e3o<\/li>\n<\/ol>\n<p>&nbsp;<\/p>\n<p><strong>PROGRAMA DOS M\u00d3DULOS:<\/strong><\/p>\n<p style=\"padding-left: 30px;\"><em>FUNDAMENTAL<\/em><br \/>\n&#8211; o que \u00e9 Mindfulness e seus benef\u00edcios f\u00edsicos e psicol\u00f3gicos ;<br \/>\n&#8211; Mindfulness na pr\u00e1tica cl\u00ednica I;<br \/>\n&#8211; Treinamento vivencial nas pr\u00e1ticas de Mindfulness ;<br \/>\n&#8211; Orienta\u00e7\u00e3o de leituras e pr\u00e1ticas obrigat\u00f3rias a serem cumpridas antes do m\u00f3dulo Intermedi\u00e1rio (di\u00e1rios de pr\u00e1tica pessoal de mindfulness e resenha de<br \/>\ntextos cient\u00edficos).<\/p>\n<p style=\"padding-left: 30px;\"><em>INTERMEDI\u00c1RIO<\/em><br \/>\n&#8211; Mecanismos de atua\u00e7\u00e3o de Mindfulness ;<br \/>\n&#8211; Mindfulness na pr\u00e1tica cl\u00ednica II;<br \/>\n&#8211; Treinamento vivencial como instrutor de pr\u00e1ticas de Mindfulness I;<br \/>\n&#8211; Orienta\u00e7\u00e3o de leituras e pr\u00e1ticas obrigat\u00f3rias a serem cumpridas antes do m\u00f3dulo Avan\u00e7ado (o aluno ser\u00e1 orientado na oferta de pelo menos um grupo<br \/>\nde mindfulness de 8 semanas &#8211; sob supervis\u00e3o).<\/p>\n<p style=\"padding-left: 30px;\"><em>AVAN\u00c7ADO<\/em><br \/>\n&#8211; Mecanismos de atua\u00e7\u00e3o de Mindfulness II;<br \/>\n&#8211; Mindfulness na pr\u00e1tica cl\u00ednica III;<br \/>\n&#8211; Treinamento vivencial como instrutor de pr\u00e1ticas de Mindfulness II;<br \/>\n&#8211; Supervis\u00e3o de casos .<\/p>\n<p>&nbsp;<\/p>\n<p><strong>LOCAL:<\/strong><\/p>\n<p>Contamos em S\u00e3o Paulo com o suporte do Centro de Treinamento da CEP Salas localizada \u00e0\u00a0 Rua Cardeal Arcoverde, 928 &#8211; T\u00e9rreo &#8211; Pinheiros &#8211; S\u00e3o Paulo &#8211; SP.<\/p>\n<p>(Refer\u00eancia: Esquina com a Rua Lisboa, ao lado da Igreja do Calv\u00e1rio &#8211; Henrique Schaumann, perto do Frans Caf\u00e9 e em frente a pra\u00e7a Benedito Calixto), pr\u00f3ximo ao Metr\u00f4 Cl\u00ednicas, Sumar\u00e9 e Vila Madalena.<\/p>\n<p><a title=\"Localiza\u00e7\u00e3o da sala de aula\" href=\"https:\/\/maps.google.com.br\/maps?q=Rua+Cardeal+Arcoverde,+928,+S%C3%A3o+Paulo&amp;hl=pt-BR&amp;ie=UTF8&amp;sll=-23.682804,-46.595546&amp;sspn=0.6829,1.344452&amp;oq=Rua+Cardeal+Arcoverde,+928&amp;hnear=R.+Cardeal+Arcoverde,+928+-+Jardim+Paulista,+S%C3%A3o+Paulo,+05408-001&amp;t=m&amp;z=14&amp;iwloc=Ahttp:\/\/\" target=\"_blank\">Veja o mapa!<\/a><\/p>\n<p>&nbsp;<\/p>\n<p><strong>P\u00daBLICO ALVO:<\/strong><\/p>\n<p>M\u00e9dicos, Psic\u00f3logos, Enfermeiros e outros profissionais com interesse na pr\u00e1tica pessoal e no uso de Mindfulness como terapia ou interven\u00e7\u00e3o de promo\u00e7\u00e3o da sa\u00fade. Tamb\u00e9m ser\u00e3o aceitos acad\u00eamicos dos respectivos cursos de gradua\u00e7\u00e3o (2 \u00faltimos per\u00edodos).<\/p>\n<p>&nbsp;<\/p>\n<p><strong>N\u00daMERO DE VAGAS:<\/strong><\/p>\n<p>15 participantes no m\u00e1ximo!<\/p>\n<p>&nbsp;<\/p>\n<p><strong>CERTIFICA\u00c7\u00c3O:<\/strong> <em><\/em><\/p>\n<p><em>CURSO DE FORMA\u00c7\u00c3O PROFISSIONAL EM MINDFULNESS<\/em><\/p>\n<p>&nbsp;<\/p>\n<p><strong>COORDENA\u00c7\u00c3O:<\/strong><\/p>\n<p>Prof. Admar Cardoso (CRP: 04\/16.661).<\/p>\n<p>&nbsp;<\/p>\n<p><strong>DOCENTE:<\/strong><br \/>\nMarcelo Demarzo (CRM: 101.118) \u00e9 m\u00e9dico especialista em Medicina de Fam\u00edlia, e instrutor certificado de programas de Mindfulness para a sa\u00fade, com forma\u00e7\u00e3o pelo \u201cCenter for Mindfulness\u201d da Universidade de Massachusetts (EUA) com Jon Kabat-Zinn e Saki Santorelli, e tamb\u00e9m pelo Instituto \u201cBreahtworks\u201d da Inglaterra, onde completou sua forma\u00e7\u00e3o. Finalizou recentemente est\u00e1gio de pesquisa p\u00f3s-doutoral na Universidade de Zaragoza, Espanha, pesquisando no tema \u201cMindfulness e Sa\u00fade Mental\u201d. \u00c9 membro fundador e coordenador do Centro \u201cMente Aberta\u201d \u2013 Centro Brasileiro de Mindfulness e Promo\u00e7\u00e3o da Sa\u00fade, da UNIFESP. \u00c9 docente do Departamento de Medicina Preventiva e do Programa de P\u00f3s-gradua\u00e7\u00e3o em Sa\u00fade Coletiva da UNIFESP.<\/p>\n<p>&nbsp;<\/p>\n<p><strong>DATA DA AULA<\/strong>:<\/p>\n<ul>\n<li><span style=\"color: #ff0000;\"><strong>Turma 02 M\u00f3dulo Fundamental<\/strong><\/span> \u2013 \u00a0Fa\u00e7a sua pr\u00e9 inscri\u00e7\u00e3o abaixo. Turma em Breve!<\/li>\n<\/ul>\n<p>OBS: As datas s\u00e3o previstas e podem ser modificadas por motivos justos.<\/p>\n<p>&nbsp;<\/p>\n<p><strong>INVESTIMENTO:<\/strong><\/p>\n<p>Este m\u00f3dulo Fundamental ter\u00e1 investimento de R$950,00 pago em 3 \u00a0parcelas no cheque pr\u00e9-datado ou 5% de desconto \u00e0 vista. Al\u00e9m dessas modalidades voc\u00ea poder\u00e1 financiar (+\/- 2,49% a.m) no cart\u00e3o de cr\u00e9dito.<\/p>\n<p>&nbsp;<\/p>\n<p><strong>PR\u00c9 \u2013 INSCRI\u00c7\u00d5ES:<\/strong><br \/>\nPreencher Formul\u00e1rio de Inscri\u00e7\u00f5es abaixo;<\/p>\n<p><a title=\"Formul\u00e1rio \u2013 Forma\u00e7\u00e3o em Mindfulness e S\u00e3o Paulo \u2013 M\u00f3dulo Fundamental\" href=\"http:\/\/www.cesde.com.br\/curso\/noticias\/formulario-formacao-em-mindfulness-e-sao-paulo-modulo-fundamental\/\">Clique aqui e fa\u00e7a sua pr\u00e9 inscri\u00e7\u00e3o<\/a><\/p>\n<p>&nbsp;<\/p>\n<p><span style=\"color: #0000ff;\"><em><strong>ATEN\u00c7\u00c3O:<\/strong><\/em><\/span> Assista a uma entrevista do professor Marcelo Demarzo ao Programa Freud Explica falando sobre Mindfulness! <a title=\"Entrevista do Prof. Marcelo Demarzo sobre Mindfulness no programa \u201cFreud Explica\u201d\" href=\"http:\/\/www.cesde.com.br\/curso\/noticias\/entrevista-do-prof-marcelo-demarzo-sobre-mindfulness-no-programa-freud-explica\/\">CLIQUE AQUI!<\/a><\/p>\n<p>&nbsp;<\/p>\n<p><span style=\"color: #ff0000;\"><strong>Podcast sobre Mindfulness:<\/strong><\/span> Ou\u00e7a abaixo uma entrevista com o Professor Marcelo Demarzo sobre Mindfulness e o curso de forma\u00e7\u00e3o. Aguarde a m\u00fasica de abertura.<\/p>\n<p>&nbsp;<\/p>\n<p><center><iframe loading=\"lazy\" src=\"http:\/\/cesde.podomatic.com\/embed\/frame\/posting\/2013-10-10T14_23_45-07_00?json_url=http%3A%2F%2Fcesde.podomatic.com%2Fentry%2Fembed_params%2F2013-10-10T14_23_45-07_00%3Fcolor%3Def3435%26autoPlay%3Dfalse%26width%3D440%26height%3D85%26objembed%3D0\" frameborder=\"0\" marginwidth=\"0\" marginheight=\"0\" scrolling=\"no\" width=\"440\" height=\"85\"><\/iframe><\/center><br \/>\n.<\/p>\n","protected":false},"excerpt":{"rendered":"<p>Curso de Forma\u00e7\u00e3o em Mindfulness em S\u00e3o Paulo Curso in\u00e9dito no Brasil! &nbsp; INTRODU\u00c7\u00c3O: Nos \u00faltimos anos, as terapias baseadas em Mindfulness (aten\u00e7\u00e3o plena) est\u00e3o sendo utilizadas de maneira eficaz em m\u00faltiplas enfermidades org\u00e2nicas (dor cr\u00f4nica, doen\u00e7as cardiovasculares, c\u00e2ncer, transtornos neurol\u00f3gicos) e psicol\u00f3gicas (ansiedade, depress\u00e3o, estresse cr\u00f4nico, transtornos obsessivos compulsivos, uso e depend\u00eancia de subst\u00e2ncias); [&hellip;]<\/p>\n","protected":false},"author":3,"featured_media":0,"comment_status":"closed","ping_status":"closed","sticky":false,"template":"","format":"standard","meta":{"footnotes":""},"categories":[4,7],"tags":[],"class_list":["post-1118","post","type-post","status-publish","format-standard","hentry","category-cursos","category-saude-mental"],"aioseo_notices":[],"aioseo_head":"\n\t\t<!-- All in One SEO 5.0.0.1 - aioseo.com -->\n\t<meta name=\"robots\" content=\"max-image-preview:large\" \/>\n\t<meta name=\"author\" content=\"Admar Cardoso\"\/>\n\t<link rel=\"canonical\" href=\"https:\/\/www.cesde.com.br\/curso\/formacao-em-mindfulness-em-sao-paulo-modulo-basico\/\" \/>\n\t<meta name=\"generator\" content=\"All in One SEO (AIOSEO) 5.0.0.1\" \/>\n\t\t<meta property=\"og:locale\" content=\"pt_BR\" \/>\n\t\t<meta property=\"og:site_name\" content=\"CESDE - Centro de Estudos e Desenvolvimento Educacional | Cursos em Psicologia, Sa\u00fade Mental, Educa\u00e7\u00e3o e Tecnologia.\" \/>\n\t\t<meta property=\"og:type\" content=\"article\" \/>\n\t\t<meta property=\"og:title\" content=\"Forma\u00e7\u00e3o Profissional em Mindfulness \u2013 S\u00e3o Paulo | CESDE - Centro de Estudos e Desenvolvimento Educacional\" \/>\n\t\t<meta property=\"og:url\" content=\"https:\/\/www.cesde.com.br\/curso\/formacao-em-mindfulness-em-sao-paulo-modulo-basico\/\" \/>\n\t\t<meta property=\"article:published_time\" content=\"2013-08-07T19:34:12+00:00\" \/>\n\t\t<meta property=\"article:modified_time\" content=\"2014-09-03T13:33:45+00:00\" \/>\n\t\t<meta name=\"twitter:card\" content=\"summary\" \/>\n\t\t<meta name=\"twitter:title\" content=\"Forma\u00e7\u00e3o Profissional em Mindfulness \u2013 S\u00e3o Paulo | CESDE - Centro de Estudos e Desenvolvimento Educacional\" \/>\n\t\t<script type=\"application\/ld+json\" class=\"aioseo-schema\">\n\t\t\t{\"@context\":\"https:\\\/\\\/schema.org\",\"@graph\":[{\"@type\":\"Article\",\"@id\":\"https:\\\/\\\/www.cesde.com.br\\\/curso\\\/formacao-em-mindfulness-em-sao-paulo-modulo-basico\\\/#article\",\"name\":\"Forma\\u00e7\\u00e3o Profissional em Mindfulness \\u2013 S\\u00e3o Paulo | CESDE - Centro de Estudos e Desenvolvimento Educacional\",\"headline\":\"Forma\\u00e7\\u00e3o Profissional em Mindfulness &#8211; S\\u00e3o Paulo\",\"author\":{\"@id\":\"https:\\\/\\\/www.cesde.com.br\\\/curso\\\/author\\\/admar-cardoso\\\/#author\"},\"publisher\":{\"@id\":\"https:\\\/\\\/www.cesde.com.br\\\/curso\\\/#organization\"},\"datePublished\":\"2013-08-07T19:34:12+00:00\",\"dateModified\":\"2014-09-03T13:33:45+00:00\",\"inLanguage\":\"pt-BR\",\"mainEntityOfPage\":{\"@id\":\"https:\\\/\\\/www.cesde.com.br\\\/curso\\\/formacao-em-mindfulness-em-sao-paulo-modulo-basico\\\/#webpage\"},\"isPartOf\":{\"@id\":\"https:\\\/\\\/www.cesde.com.br\\\/curso\\\/formacao-em-mindfulness-em-sao-paulo-modulo-basico\\\/#webpage\"},\"articleSection\":\"Cursos em, Sa\\u00fade Mental -\"},{\"@type\":\"BreadcrumbList\",\"@id\":\"https:\\\/\\\/www.cesde.com.br\\\/curso\\\/formacao-em-mindfulness-em-sao-paulo-modulo-basico\\\/#breadcrumblist\",\"itemListElement\":[{\"@type\":\"ListItem\",\"@id\":\"https:\\\/\\\/www.cesde.com.br\\\/curso#listItem\",\"position\":1,\"name\":\"In\\u00edcio\",\"item\":\"https:\\\/\\\/www.cesde.com.br\\\/curso\",\"nextItem\":{\"@type\":\"ListItem\",\"@id\":\"https:\\\/\\\/www.cesde.com.br\\\/curso\\\/category\\\/cursos\\\/#listItem\",\"name\":\"Cursos em\"}},{\"@type\":\"ListItem\",\"@id\":\"https:\\\/\\\/www.cesde.com.br\\\/curso\\\/category\\\/cursos\\\/#listItem\",\"position\":2,\"name\":\"Cursos em\",\"item\":\"https:\\\/\\\/www.cesde.com.br\\\/curso\\\/category\\\/cursos\\\/\",\"nextItem\":{\"@type\":\"ListItem\",\"@id\":\"https:\\\/\\\/www.cesde.com.br\\\/curso\\\/category\\\/cursos\\\/saude-mental\\\/#listItem\",\"name\":\"Sa\\u00fade Mental -\"},\"previousItem\":{\"@type\":\"ListItem\",\"@id\":\"https:\\\/\\\/www.cesde.com.br\\\/curso#listItem\",\"name\":\"In\\u00edcio\"}},{\"@type\":\"ListItem\",\"@id\":\"https:\\\/\\\/www.cesde.com.br\\\/curso\\\/category\\\/cursos\\\/saude-mental\\\/#listItem\",\"position\":3,\"name\":\"Sa\\u00fade Mental -\",\"item\":\"https:\\\/\\\/www.cesde.com.br\\\/curso\\\/category\\\/cursos\\\/saude-mental\\\/\",\"nextItem\":{\"@type\":\"ListItem\",\"@id\":\"https:\\\/\\\/www.cesde.com.br\\\/curso\\\/formacao-em-mindfulness-em-sao-paulo-modulo-basico\\\/#listItem\",\"name\":\"Forma\\u00e7\\u00e3o Profissional em Mindfulness &#8211; S\\u00e3o Paulo\"},\"previousItem\":{\"@type\":\"ListItem\",\"@id\":\"https:\\\/\\\/www.cesde.com.br\\\/curso\\\/category\\\/cursos\\\/#listItem\",\"name\":\"Cursos em\"}},{\"@type\":\"ListItem\",\"@id\":\"https:\\\/\\\/www.cesde.com.br\\\/curso\\\/formacao-em-mindfulness-em-sao-paulo-modulo-basico\\\/#listItem\",\"position\":4,\"name\":\"Forma\\u00e7\\u00e3o Profissional em Mindfulness &#8211; S\\u00e3o Paulo\",\"previousItem\":{\"@type\":\"ListItem\",\"@id\":\"https:\\\/\\\/www.cesde.com.br\\\/curso\\\/category\\\/cursos\\\/saude-mental\\\/#listItem\",\"name\":\"Sa\\u00fade Mental -\"}}]},{\"@type\":\"Organization\",\"@id\":\"https:\\\/\\\/www.cesde.com.br\\\/curso\\\/#organization\",\"name\":\"CESDE - Centro de Estudos e Desenvolvimento Educacional\",\"description\":\"Cursos em Psicologia, Sa\\u00fade Mental, Educa\\u00e7\\u00e3o e Tecnologia.\",\"url\":\"https:\\\/\\\/www.cesde.com.br\\\/curso\\\/\"},{\"@type\":\"Person\",\"@id\":\"https:\\\/\\\/www.cesde.com.br\\\/curso\\\/author\\\/admar-cardoso\\\/#author\",\"url\":\"https:\\\/\\\/www.cesde.com.br\\\/curso\\\/author\\\/admar-cardoso\\\/\",\"name\":\"Admar Cardoso\"},{\"@type\":\"WebPage\",\"@id\":\"https:\\\/\\\/www.cesde.com.br\\\/curso\\\/formacao-em-mindfulness-em-sao-paulo-modulo-basico\\\/#webpage\",\"url\":\"https:\\\/\\\/www.cesde.com.br\\\/curso\\\/formacao-em-mindfulness-em-sao-paulo-modulo-basico\\\/\",\"name\":\"Forma\\u00e7\\u00e3o Profissional em Mindfulness \\u2013 S\\u00e3o Paulo | CESDE - Centro de Estudos e Desenvolvimento Educacional\",\"inLanguage\":\"pt-BR\",\"isPartOf\":{\"@id\":\"https:\\\/\\\/www.cesde.com.br\\\/curso\\\/#website\"},\"breadcrumb\":{\"@id\":\"https:\\\/\\\/www.cesde.com.br\\\/curso\\\/formacao-em-mindfulness-em-sao-paulo-modulo-basico\\\/#breadcrumblist\"},\"author\":{\"@id\":\"https:\\\/\\\/www.cesde.com.br\\\/curso\\\/author\\\/admar-cardoso\\\/#author\"},\"creator\":{\"@id\":\"https:\\\/\\\/www.cesde.com.br\\\/curso\\\/author\\\/admar-cardoso\\\/#author\"},\"datePublished\":\"2013-08-07T19:34:12+00:00\",\"dateModified\":\"2014-09-03T13:33:45+00:00\"},{\"@type\":\"WebSite\",\"@id\":\"https:\\\/\\\/www.cesde.com.br\\\/curso\\\/#website\",\"url\":\"https:\\\/\\\/www.cesde.com.br\\\/curso\\\/\",\"name\":\"CESDE - Centro de Estudos e Desenvolvimento Educacional\",\"description\":\"Cursos em Psicologia, Sa\\u00fade Mental, Educa\\u00e7\\u00e3o e Tecnologia.\",\"inLanguage\":\"pt-BR\",\"publisher\":{\"@id\":\"https:\\\/\\\/www.cesde.com.br\\\/curso\\\/#organization\"}}]}\n\t\t<\/script>\n\t\t<!-- All in One SEO -->\n\n","aioseo_head_json":{"title":"Forma\u00e7\u00e3o Profissional em Mindfulness \u2013 S\u00e3o Paulo | CESDE - Centro de Estudos e Desenvolvimento Educacional","description":"","canonical_url":"https:\/\/www.cesde.com.br\/curso\/formacao-em-mindfulness-em-sao-paulo-modulo-basico\/","robots":"max-image-preview:large","keywords":"","webmasterTools":{"miscellaneous":""},"schema":{"@context":"https:\/\/schema.org","@graph":[{"@type":"Article","@id":"https:\/\/www.cesde.com.br\/curso\/formacao-em-mindfulness-em-sao-paulo-modulo-basico\/#article","name":"Forma\u00e7\u00e3o Profissional em Mindfulness \u2013 S\u00e3o Paulo | CESDE - Centro de Estudos e Desenvolvimento Educacional","headline":"Forma\u00e7\u00e3o Profissional em Mindfulness &#8211; S\u00e3o Paulo","author":{"@id":"https:\/\/www.cesde.com.br\/curso\/author\/admar-cardoso\/#author"},"publisher":{"@id":"https:\/\/www.cesde.com.br\/curso\/#organization"},"datePublished":"2013-08-07T19:34:12+00:00","dateModified":"2014-09-03T13:33:45+00:00","inLanguage":"pt-BR","mainEntityOfPage":{"@id":"https:\/\/www.cesde.com.br\/curso\/formacao-em-mindfulness-em-sao-paulo-modulo-basico\/#webpage"},"isPartOf":{"@id":"https:\/\/www.cesde.com.br\/curso\/formacao-em-mindfulness-em-sao-paulo-modulo-basico\/#webpage"},"articleSection":"Cursos em, Sa\u00fade Mental -"},{"@type":"BreadcrumbList","@id":"https:\/\/www.cesde.com.br\/curso\/formacao-em-mindfulness-em-sao-paulo-modulo-basico\/#breadcrumblist","itemListElement":[{"@type":"ListItem","@id":"https:\/\/www.cesde.com.br\/curso#listItem","position":1,"name":"In\u00edcio","item":"https:\/\/www.cesde.com.br\/curso","nextItem":{"@type":"ListItem","@id":"https:\/\/www.cesde.com.br\/curso\/category\/cursos\/#listItem","name":"Cursos em"}},{"@type":"ListItem","@id":"https:\/\/www.cesde.com.br\/curso\/category\/cursos\/#listItem","position":2,"name":"Cursos em","item":"https:\/\/www.cesde.com.br\/curso\/category\/cursos\/","nextItem":{"@type":"ListItem","@id":"https:\/\/www.cesde.com.br\/curso\/category\/cursos\/saude-mental\/#listItem","name":"Sa\u00fade Mental -"},"previousItem":{"@type":"ListItem","@id":"https:\/\/www.cesde.com.br\/curso#listItem","name":"In\u00edcio"}},{"@type":"ListItem","@id":"https:\/\/www.cesde.com.br\/curso\/category\/cursos\/saude-mental\/#listItem","position":3,"name":"Sa\u00fade Mental -","item":"https:\/\/www.cesde.com.br\/curso\/category\/cursos\/saude-mental\/","nextItem":{"@type":"ListItem","@id":"https:\/\/www.cesde.com.br\/curso\/formacao-em-mindfulness-em-sao-paulo-modulo-basico\/#listItem","name":"Forma\u00e7\u00e3o Profissional em Mindfulness &#8211; S\u00e3o Paulo"},"previousItem":{"@type":"ListItem","@id":"https:\/\/www.cesde.com.br\/curso\/category\/cursos\/#listItem","name":"Cursos em"}},{"@type":"ListItem","@id":"https:\/\/www.cesde.com.br\/curso\/formacao-em-mindfulness-em-sao-paulo-modulo-basico\/#listItem","position":4,"name":"Forma\u00e7\u00e3o Profissional em Mindfulness &#8211; S\u00e3o Paulo","previousItem":{"@type":"ListItem","@id":"https:\/\/www.cesde.com.br\/curso\/category\/cursos\/saude-mental\/#listItem","name":"Sa\u00fade Mental -"}}]},{"@type":"Organization","@id":"https:\/\/www.cesde.com.br\/curso\/#organization","name":"CESDE - Centro de Estudos e Desenvolvimento Educacional","description":"Cursos em Psicologia, Sa\u00fade Mental, Educa\u00e7\u00e3o e Tecnologia.","url":"https:\/\/www.cesde.com.br\/curso\/"},{"@type":"Person","@id":"https:\/\/www.cesde.com.br\/curso\/author\/admar-cardoso\/#author","url":"https:\/\/www.cesde.com.br\/curso\/author\/admar-cardoso\/","name":"Admar Cardoso"},{"@type":"WebPage","@id":"https:\/\/www.cesde.com.br\/curso\/formacao-em-mindfulness-em-sao-paulo-modulo-basico\/#webpage","url":"https:\/\/www.cesde.com.br\/curso\/formacao-em-mindfulness-em-sao-paulo-modulo-basico\/","name":"Forma\u00e7\u00e3o Profissional em Mindfulness \u2013 S\u00e3o Paulo | CESDE - Centro de Estudos e Desenvolvimento Educacional","inLanguage":"pt-BR","isPartOf":{"@id":"https:\/\/www.cesde.com.br\/curso\/#website"},"breadcrumb":{"@id":"https:\/\/www.cesde.com.br\/curso\/formacao-em-mindfulness-em-sao-paulo-modulo-basico\/#breadcrumblist"},"author":{"@id":"https:\/\/www.cesde.com.br\/curso\/author\/admar-cardoso\/#author"},"creator":{"@id":"https:\/\/www.cesde.com.br\/curso\/author\/admar-cardoso\/#author"},"datePublished":"2013-08-07T19:34:12+00:00","dateModified":"2014-09-03T13:33:45+00:00"},{"@type":"WebSite","@id":"https:\/\/www.cesde.com.br\/curso\/#website","url":"https:\/\/www.cesde.com.br\/curso\/","name":"CESDE - Centro de Estudos e Desenvolvimento Educacional","description":"Cursos em Psicologia, Sa\u00fade Mental, Educa\u00e7\u00e3o e Tecnologia.","inLanguage":"pt-BR","publisher":{"@id":"https:\/\/www.cesde.com.br\/curso\/#organization"}}]},"og:locale":"pt_BR","og:site_name":"CESDE - Centro de Estudos e Desenvolvimento Educacional | Cursos em Psicologia, Sa\u00fade Mental, Educa\u00e7\u00e3o e Tecnologia.","og:type":"article","og:title":"Forma\u00e7\u00e3o Profissional em Mindfulness \u2013 S\u00e3o Paulo | CESDE - Centro de Estudos e Desenvolvimento Educacional","og:url":"https:\/\/www.cesde.com.br\/curso\/formacao-em-mindfulness-em-sao-paulo-modulo-basico\/","article:published_time":"2013-08-07T19:34:12+00:00","article:modified_time":"2014-09-03T13:33:45+00:00","twitter:card":"summary","twitter:title":"Forma\u00e7\u00e3o Profissional em Mindfulness \u2013 S\u00e3o Paulo | CESDE - Centro de Estudos e Desenvolvimento Educacional"},"aioseo_meta_data":{"post_id":"1118","title":null,"description":null,"keywords":null,"keyphrases":null,"primary_term":null,"canonical_url":null,"og_title":null,"og_description":null,"og_object_type":"default","og_image_type":"default","og_image_url":null,"og_image_width":null,"og_image_height":null,"og_image_custom_url":null,"og_image_custom_fields":null,"og_video":null,"og_custom_url":null,"og_article_section":null,"og_article_tags":null,"twitter_use_og":false,"twitter_card":"default","twitter_image_type":"default","twitter_image_url":null,"twitter_image_custom_url":null,"twitter_image_custom_fields":null,"twitter_title":null,"twitter_description":null,"schema":{"blockGraphs":[],"customGraphs":[],"default":{"data":{"Article":[],"Course":[],"Dataset":[],"FAQPage":[],"Movie":[],"Person":[],"Product":[],"ProductReview":[],"Car":[],"Recipe":[],"Service":[],"SoftwareApplication":[],"WebPage":[]},"graphName":"Article","isEnabled":true},"graphs":[]},"schema_type":null,"schema_type_options":null,"pillar_content":false,"robots_default":true,"robots_noindex":false,"robots_noarchive":false,"robots_nosnippet":false,"robots_nofollow":false,"robots_noimageindex":false,"robots_noodp":false,"robots_notranslate":false,"robots_max_snippet":null,"robots_max_videopreview":null,"robots_max_imagepreview":"large","priority":null,"frequency":null,"local_seo":null,"breadcrumb_settings":null,"limit_modified_date":false,"ai":null,"created":"2021-05-28 15:05:06","updated":"2023-04-13 02:20:57","focus_keyword":null,"additional_keywords":null,"truseo_locale":null,"seo_analyzer_scan_date":null},"aioseo_breadcrumb":"<div class=\"aioseo-breadcrumbs\"><span class=\"aioseo-breadcrumb\">\n\t\t\t<a href=\"https:\/\/www.cesde.com.br\/curso\" title=\"In\u00edcio\">In\u00edcio<\/a>\n\t\t<\/span><span class=\"aioseo-breadcrumb-separator\">&raquo;<\/span><span class=\"aioseo-breadcrumb\">\n\t\t\t<a href=\"https:\/\/www.cesde.com.br\/curso\/category\/cursos\/\" title=\"Cursos em\">Cursos em<\/a>\n\t\t<\/span><span class=\"aioseo-breadcrumb-separator\">&raquo;<\/span><span class=\"aioseo-breadcrumb\">\n\t\t\t<a href=\"https:\/\/www.cesde.com.br\/curso\/category\/cursos\/saude-mental\/\" title=\"Sa\u00fade Mental -\">Sa\u00fade Mental -<\/a>\n\t\t<\/span><span class=\"aioseo-breadcrumb-separator\">&raquo;<\/span><span class=\"aioseo-breadcrumb\">\n\t\t\tForma\u00e7\u00e3o Profissional em Mindfulness \u2013 S\u00e3o Paulo\n\t\t<\/span><\/div>","aioseo_breadcrumb_json":[{"label":"In\u00edcio","link":"https:\/\/www.cesde.com.br\/curso"},{"label":"Cursos em","link":"https:\/\/www.cesde.com.br\/curso\/category\/cursos\/"},{"label":"Sa\u00fade Mental -","link":"https:\/\/www.cesde.com.br\/curso\/category\/cursos\/saude-mental\/"},{"label":"Forma\u00e7\u00e3o Profissional em Mindfulness &#8211; S\u00e3o Paulo","link":"https:\/\/www.cesde.com.br\/curso\/formacao-em-mindfulness-em-sao-paulo-modulo-basico\/"}],"_links":{"self":[{"href":"https:\/\/www.cesde.com.br\/curso\/wp-json\/wp\/v2\/posts\/1118","targetHints":{"allow":["GET"]}}],"collection":[{"href":"https:\/\/www.cesde.com.br\/curso\/wp-json\/wp\/v2\/posts"}],"about":[{"href":"https:\/\/www.cesde.com.br\/curso\/wp-json\/wp\/v2\/types\/post"}],"author":[{"embeddable":true,"href":"https:\/\/www.cesde.com.br\/curso\/wp-json\/wp\/v2\/users\/3"}],"replies":[{"embeddable":true,"href":"https:\/\/www.cesde.com.br\/curso\/wp-json\/wp\/v2\/comments?post=1118"}],"version-history":[{"count":34,"href":"https:\/\/www.cesde.com.br\/curso\/wp-json\/wp\/v2\/posts\/1118\/revisions"}],"predecessor-version":[{"id":1737,"href":"https:\/\/www.cesde.com.br\/curso\/wp-json\/wp\/v2\/posts\/1118\/revisions\/1737"}],"wp:attachment":[{"href":"https:\/\/www.cesde.com.br\/curso\/wp-json\/wp\/v2\/media?parent=1118"}],"wp:term":[{"taxonomy":"category","embeddable":true,"href":"https:\/\/www.cesde.com.br\/curso\/wp-json\/wp\/v2\/categories?post=1118"},{"taxonomy":"post_tag","embeddable":true,"href":"https:\/\/www.cesde.com.br\/curso\/wp-json\/wp\/v2\/tags?post=1118"}],"curies":[{"name":"wp","href":"https:\/\/api.w.org\/{rel}","templated":true}]}}